{"id":174459,"date":"2013-02-28T13:56:42","date_gmt":"2013-02-28T13:56:42","guid":{"rendered":"https:\/\/admin.industriall-union.org\/la-lutte-continue-pour-les-travailleurs-d-ismaco-et-de-desa-en-turquie\/"},"modified":"2025-02-08T14:10:23","modified_gmt":"2025-02-08T14:10:23","slug":"la-lutte-continue-pour-les-travailleurs-d-ismaco-et-de-desa-en-turquie","status":"publish","type":"article","link":"https:\/\/admin.industriall-union.org\/fr\/la-lutte-continue-pour-les-travailleurs-d-ismaco-et-de-desa-en-turquie\/","title":{"rendered":"La lutte continue pour les travailleurs d\u2019ISMACO et de DESA en Turquie"},"content":{"rendered":"<p>Dans la c\u00e9l\u00e8bre rue d&rsquo;Istanbul, Vali Kona\u011f\u0131 Caddesi, 150 travailleurs et travailleuses se sont rassembl\u00e9s devant les magasins pour lesquels DESA fabrique des articles en cuir, et des produits de la marque c\u00e9l\u00e8bre Ermenegildo Zegna, fournis par ISMACO. Les deux entreprises refusent de reconna\u00eetre le syndicat des travailleurs du cuir, Deri-Is, et continuent d&#039;enfreindre les droits fondamentaux des travailleurs et travailleuses.<\/p><p>DESA fabrique des articles pour des marques comme Prada, M\u0131u M\u0131u, Car Shoe, Marks and Spencer, Mulberry, Burberry, Whistles, Modalu, Carven et Nicole Farhi. Deri-Is a fait campagne depuis 2008 pour recruter des membres parmi le personnel de DESA.&nbsp; Le refus de l&#039;entreprise de respecter les droits des travailleurs et travailleuses a donn\u00e9 lieu \u00e0 une discrimination, une intimidation et des licenciements syst\u00e9matiques. M\u00eame apr\u00e8s la reconnaissance de cette situation par les tribunaux, la direction de DESA a mis \u00e0 pied 34 membres du personnel pour avoir adh\u00e9r\u00e9 \u00e0 un syndicat, la direction de l&#039;entreprise pr\u00e9f\u00e9rant les payer pour qu&#039;ils s&#039;en aillent plut\u00f4t que de les r\u00e9int\u00e9grer.<\/p><p>Dans une r\u00e9union organis\u00e9e en janvier, IndustriALL Global Union et Deri-Is ont pr\u00e9sent\u00e9 une s\u00e9rie de revendications pour obtenir la reconnaissance par DESA de repr\u00e9sentants syndicaux dans les usines, et en insistant pour que l&#039;entreprise entreprenne un dialogue avec les membres du syndicat. Mais la direction de l&#039;entreprise a refus\u00e9. Nous pouvez vous engager \u00e0 apporter votre soutien aux travailleurs et travailleuses de DESA <a href=\"http:\/\/www.industriall-union.org\/fr\/la-repression-antisyndicale-saggrave-chez-desa-en-turquie\">ici<\/a>.<\/p><p>Le groupe a \u00e9galement manifest\u00e9 devant le magasin Ermenegildo Zegna, une marque de luxe pour laquelle ISMACO fabrique des articles. Quatre personnes employ\u00e9es chez ISMACO ont \u00e9t\u00e9 mises \u00e0 pied pour avoir \u00e9t\u00e9 reconnues comme \u00e9tant membres de Deri-Is et avoir particip\u00e9 \u00e0 un rassemblement depuis d\u00e9cembre dernier. La direction locale de l&#039;entreprise a annonc\u00e9 ouvertement qu&#039;elle ne voulait pas \u00e0 de syndicat dans le travail. Nous pouvez vous engager \u00e0 apporter votre soutien aux travailleurs et travailleuses d&rsquo;ISMACO <a href=\"http:\/\/www.industriall-union.org\/fr\/une-marque-de-luxe-recalee-sur-les-droits-syndicaux-en-turquie\">ici<\/a>.<\/p><p>Le salaire ouvrier chez ISMACO est d&#039;environ 380 euros par mois, alors qu&rsquo;une chemise portant la marque Ermenegildo Zegna est vendue pour environ 500 euros dans le magasin devant lequel la manifestation \u00e9tait organis\u00e9e \u00e0 Istanbul.<\/p><p>&ldquo;IndustriALL Global Union soutient totalement Deri-Is dans ces deux campagnes, parmi d&#039;autres&rdquo;, a d\u00e9clar\u00e9 Kemal \u00d6zkan, secr\u00e9taire g\u00e9n\u00e9ral adjoint. &ldquo;Cette sorte d&#039;action va se poursuivre dans les jours \u00e0 venir jusqu&#039;\u00e0 ce que les deux entreprises modifient leur attitude qui est inacceptable&rdquo;.<\/p>","protected":false},"featured_media":0,"template":"","issues":[422,420,424,425],"companies":[],"regions":[250],"sectors":[464],"article_tags":[],"class_list":["post-174459","article","type-article","status-publish","hentry","issues-human-trade-union-rights","issues-solidarity","issues-violation","issues-workers-rights","regions-turkiye","sectors-textile-leather-garment-shoes-and-textile-services"],"acf":[],"yoast_head":"<!-- This site is optimized with the Yoast SEO Premium plugin v27.1 (Yoast SEO v27.1) - https:\/\/yoast.com\/product\/yoast-seo-premium-wordpress\/ -->\n<title>La lutte continue pour les travailleurs d\u2019ISMACO et de DESA en Turquie - industriall-union<\/title>\n<meta name=\"description\" content=\"Dans la c\u00e9l\u00e8bre rue d&rsquo;Istanbul, Vali Kona\u011f\u0131 Caddesi, 150 travailleurs et travailleuses se sont rassembl\u00e9s devant les magasins pour lesquels DESA\" \/>\n<meta name=\"robots\" content=\"index, follow, max-snippet:-1, max-image-preview:large, max-video-preview:-1\" \/>\n<link rel=\"canonical\" href=\"https:\/\/admin.industriall-union.org\/fr\/la-lutte-continue-pour-les-travailleurs-d-ismaco-et-de-desa-en-turquie\/\" \/>\n<meta property=\"og:locale\" content=\"fr_FR\" \/>\n<meta property=\"og:type\" content=\"article\" \/>\n<meta property=\"og:title\" content=\"La lutte continue pour les travailleurs d\u2019ISMACO et de DESA en Turquie\" \/>\n<meta property=\"og:description\" content=\"Dans la c\u00e9l\u00e8bre rue d&rsquo;Istanbul, Vali Kona\u011f\u0131 Caddesi, 150 travailleurs et travailleuses se sont rassembl\u00e9s devant les magasins pour lesquels DESA\" \/>\n<meta property=\"og:url\" content=\"https:\/\/admin.industriall-union.org\/fr\/la-lutte-continue-pour-les-travailleurs-d-ismaco-et-de-desa-en-turquie\/\" \/>\n<meta property=\"og:site_name\" content=\"industriall-union\" \/>\n<meta property=\"article:modified_time\" content=\"2025-02-08T14:10:23+00:00\" \/>\n<meta name=\"twitter:card\" content=\"summary_large_image\" \/>\n<meta name=\"twitter:label1\" content=\"Est. reading time\" \/>\n\t<meta name=\"twitter:data1\" content=\"2 minutes\" \/>\n<script type=\"application\/ld+json\" class=\"yoast-schema-graph\">{\"@context\":\"https:\/\/schema.org\",\"@graph\":[{\"@type\":\"WebPage\",\"@id\":\"https:\/\/admin.industriall-union.org\/fr\/la-lutte-continue-pour-les-travailleurs-d-ismaco-et-de-desa-en-turquie\/\",\"url\":\"https:\/\/admin.industriall-union.org\/fr\/la-lutte-continue-pour-les-travailleurs-d-ismaco-et-de-desa-en-turquie\/\",\"name\":\"La lutte continue pour les travailleurs d\u2019ISMACO et de DESA en Turquie - industriall-union\",\"isPartOf\":{\"@id\":\"https:\/\/admin.industriall-union.org\/#website\"},\"datePublished\":\"2013-02-28T13:56:42+00:00\",\"dateModified\":\"2025-02-08T14:10:23+00:00\",\"description\":\"Dans la c\u00e9l\u00e8bre rue d&rsquo;Istanbul, Vali Kona\u011f\u0131 Caddesi, 150 travailleurs et travailleuses se sont rassembl\u00e9s devant les magasins pour lesquels DESA\",\"breadcrumb\":{\"@id\":\"https:\/\/admin.industriall-union.org\/fr\/la-lutte-continue-pour-les-travailleurs-d-ismaco-et-de-desa-en-turquie\/#breadcrumb\"},\"inLanguage\":\"fr-FR\",\"potentialAction\":[{\"@type\":\"ReadAction\",\"target\":[\"https:\/\/admin.industriall-union.org\/fr\/la-lutte-continue-pour-les-travailleurs-d-ismaco-et-de-desa-en-turquie\/\"]}]},{\"@type\":\"BreadcrumbList\",\"@id\":\"https:\/\/admin.industriall-union.org\/fr\/la-lutte-continue-pour-les-travailleurs-d-ismaco-et-de-desa-en-turquie\/#breadcrumb\",\"itemListElement\":[{\"@type\":\"ListItem\",\"position\":1,\"name\":\"Home\",\"item\":\"https:\/\/admin.industriall-union.org\/\"},{\"@type\":\"ListItem\",\"position\":2,\"name\":\"Articles\",\"item\":\"https:\/\/admin.industriall-union.org\/article\/\"},{\"@type\":\"ListItem\",\"position\":3,\"name\":\"La lutte continue pour les travailleurs d\u2019ISMACO et de DESA en Turquie\"}]},{\"@type\":\"WebSite\",\"@id\":\"https:\/\/admin.industriall-union.org\/#website\",\"url\":\"https:\/\/admin.industriall-union.org\/\",\"name\":\"industriall-union\",\"description\":\"\",\"potentialAction\":[{\"@type\":\"SearchAction\",\"target\":{\"@type\":\"EntryPoint\",\"urlTemplate\":\"https:\/\/admin.industriall-union.org\/?s={search_term_string}\"},\"query-input\":{\"@type\":\"PropertyValueSpecification\",\"valueRequired\":true,\"valueName\":\"search_term_string\"}}],\"inLanguage\":\"fr-FR\"}]}<\/script>\n<!-- \/ Yoast SEO Premium plugin. -->","yoast_head_json":{"title":"La lutte continue pour les travailleurs d\u2019ISMACO et de DESA en Turquie - industriall-union","description":"Dans la c\u00e9l\u00e8bre rue d&rsquo;Istanbul, Vali Kona\u011f\u0131 Caddesi, 150 travailleurs et travailleuses se sont rassembl\u00e9s devant les magasins pour lesquels DESA","robots":{"index":"index","follow":"follow","max-snippet":"max-snippet:-1","max-image-preview":"max-image-preview:large","max-video-preview":"max-video-preview:-1"},"canonical":"https:\/\/admin.industriall-union.org\/fr\/la-lutte-continue-pour-les-travailleurs-d-ismaco-et-de-desa-en-turquie\/","og_locale":"fr_FR","og_type":"article","og_title":"La lutte continue pour les travailleurs d\u2019ISMACO et de DESA en Turquie","og_description":"Dans la c\u00e9l\u00e8bre rue d&rsquo;Istanbul, Vali Kona\u011f\u0131 Caddesi, 150 travailleurs et travailleuses se sont rassembl\u00e9s devant les magasins pour lesquels DESA","og_url":"https:\/\/admin.industriall-union.org\/fr\/la-lutte-continue-pour-les-travailleurs-d-ismaco-et-de-desa-en-turquie\/","og_site_name":"industriall-union","article_modified_time":"2025-02-08T14:10:23+00:00","twitter_card":"summary_large_image","twitter_misc":{"Est. reading time":"2 minutes"},"schema":{"@context":"https:\/\/schema.org","@graph":[{"@type":"WebPage","@id":"https:\/\/admin.industriall-union.org\/fr\/la-lutte-continue-pour-les-travailleurs-d-ismaco-et-de-desa-en-turquie\/","url":"https:\/\/admin.industriall-union.org\/fr\/la-lutte-continue-pour-les-travailleurs-d-ismaco-et-de-desa-en-turquie\/","name":"La lutte continue pour les travailleurs d\u2019ISMACO et de DESA en Turquie - industriall-union","isPartOf":{"@id":"https:\/\/admin.industriall-union.org\/#website"},"datePublished":"2013-02-28T13:56:42+00:00","dateModified":"2025-02-08T14:10:23+00:00","description":"Dans la c\u00e9l\u00e8bre rue d&rsquo;Istanbul, Vali Kona\u011f\u0131 Caddesi, 150 travailleurs et travailleuses se sont rassembl\u00e9s devant les magasins pour lesquels DESA","breadcrumb":{"@id":"https:\/\/admin.industriall-union.org\/fr\/la-lutte-continue-pour-les-travailleurs-d-ismaco-et-de-desa-en-turquie\/#breadcrumb"},"inLanguage":"fr-FR","potentialAction":[{"@type":"ReadAction","target":["https:\/\/admin.industriall-union.org\/fr\/la-lutte-continue-pour-les-travailleurs-d-ismaco-et-de-desa-en-turquie\/"]}]},{"@type":"BreadcrumbList","@id":"https:\/\/admin.industriall-union.org\/fr\/la-lutte-continue-pour-les-travailleurs-d-ismaco-et-de-desa-en-turquie\/#breadcrumb","itemListElement":[{"@type":"ListItem","position":1,"name":"Home","item":"https:\/\/admin.industriall-union.org\/"},{"@type":"ListItem","position":2,"name":"Articles","item":"https:\/\/admin.industriall-union.org\/article\/"},{"@type":"ListItem","position":3,"name":"La lutte continue pour les travailleurs d\u2019ISMACO et de DESA en Turquie"}]},{"@type":"WebSite","@id":"https:\/\/admin.industriall-union.org\/#website","url":"https:\/\/admin.industriall-union.org\/","name":"industriall-union","description":"","potentialAction":[{"@type":"SearchAction","target":{"@type":"EntryPoint","urlTemplate":"https:\/\/admin.industriall-union.org\/?s={search_term_string}"},"query-input":{"@type":"PropertyValueSpecification","valueRequired":true,"valueName":"search_term_string"}}],"inLanguage":"fr-FR"}]}},"_links":{"self":[{"href":"https:\/\/admin.industriall-union.org\/fr\/wp-json\/wp\/v2\/article\/174459","targetHints":{"allow":["GET"]}}],"collection":[{"href":"https:\/\/admin.industriall-union.org\/fr\/wp-json\/wp\/v2\/article"}],"about":[{"href":"https:\/\/admin.industriall-union.org\/fr\/wp-json\/wp\/v2\/types\/article"}],"wp:attachment":[{"href":"https:\/\/admin.industriall-union.org\/fr\/wp-json\/wp\/v2\/media?parent=174459"}],"wp:term":[{"taxonomy":"issues","embeddable":true,"href":"https:\/\/admin.industriall-union.org\/fr\/wp-json\/wp\/v2\/issues?post=174459"},{"taxonomy":"companies","embeddable":true,"href":"https:\/\/admin.industriall-union.org\/fr\/wp-json\/wp\/v2\/companies?post=174459"},{"taxonomy":"regions","embeddable":true,"href":"https:\/\/admin.industriall-union.org\/fr\/wp-json\/wp\/v2\/regions?post=174459"},{"taxonomy":"sectors","embeddable":true,"href":"https:\/\/admin.industriall-union.org\/fr\/wp-json\/wp\/v2\/sectors?post=174459"},{"taxonomy":"article_tags","embeddable":true,"href":"https:\/\/admin.industriall-union.org\/fr\/wp-json\/wp\/v2\/article_tags?post=174459"}],"curies":[{"name":"wp","href":"https:\/\/api.w.org\/{rel}","templated":true}]}}