{"id":174445,"date":"2013-02-28T15:08:50","date_gmt":"2013-02-28T15:08:50","guid":{"rendered":"https:\/\/admin.industriall-union.org\/manifestation-des-travailleurs-du-petrole-en-irak\/"},"modified":"2025-02-08T14:06:05","modified_gmt":"2025-02-08T14:06:05","slug":"manifestation-des-travailleurs-du-petrole-en-irak","status":"publish","type":"article","link":"https:\/\/admin.industriall-union.org\/fr\/manifestation-des-travailleurs-du-petrole-en-irak\/","title":{"rendered":"Manifestation des travailleurs du p\u00e9trole en Irak"},"content":{"rendered":"<p>La manifestation \u00e9tait organis\u00e9e par le Comit\u00e9 de d\u00e9fense des travailleurs du p\u00e9trole, auquel appartient l&#039;affili\u00e9 de IndustriALL Global Union, la f\u00e9d\u00e9ration irakienne des syndicats du p\u00e9trole (IFOU), et faisait suite \u00e0 une action identique organis\u00e9e pr\u00e9c\u00e9demment le 13 f\u00e9vrier 2013.<\/p><p>Les personnes employ\u00e9es sur les gisements p\u00e9troliers de al-Ramlia nord et sud, al-Berjesia, Gharb al-Karna, et Bab al-Zubair, \u00e9taient rassembl\u00e9es devant l&#039;entr\u00e9e principale de l&#039;entreprise South Oil Company \u00e0 Basra, en r\u00e9clamant le renvoi des membres du personnel corrompus et la d\u00e9mission du directeur de l&#039;entreprise.<\/p><p>Les travailleurs ont demand\u00e9 une r\u00e9union avec le directeur de l&#039;entreprise pour n\u00e9gocier le paiement de prestations non r\u00e9gl\u00e9es remontant \u00e0 2010, 2011 et 2012, le droit \u00e0 un logement, des contrats d&#039;emploi permanent et la fin de la corruption dans l&#039;entreprise.<\/p><p>South Oil Company (SOC), qui produit plus de 80 pour cent du p\u00e9trole irakien, est une entreprise nationale charg\u00e9e de l&#039;exploitation p\u00e9troli\u00e8re dans le sud de l&#039;Irak.<\/p><p>Comme le directeur de l&#039;entreprise a refus\u00e9 jusqu&#039;ici de rencontrer les protestataires, ces derniers demandent maintenant de rencontrer la direction et le gouvernement dans les prochains jours pour n\u00e9gocier les questions en suspens. Les protestataires ont \u00e9galement adress\u00e9 leurs revendications au Premier ministre irakien.<\/p><p>Certains travailleurs ont re\u00e7u des menaces des services de s\u00e9curit\u00e9 de l&#039;entreprise au cours des actions.<\/p>","protected":false},"featured_media":0,"template":"","issues":[422],"companies":[],"regions":[293],"sectors":[483],"article_tags":[],"class_list":["post-174445","article","type-article","status-publish","hentry","issues-human-trade-union-rights","regions-iraq","sectors-energy-oil-gas-electricity-and-nuclear"],"acf":[],"yoast_head":"<!-- This site is optimized with the Yoast SEO Premium plugin v27.1 (Yoast SEO v27.1) - https:\/\/yoast.com\/product\/yoast-seo-premium-wordpress\/ -->\n<title>Manifestation des travailleurs du p\u00e9trole en Irak - industriall-union<\/title>\n<meta name=\"description\" content=\"La manifestation \u00e9tait organis\u00e9e par le Comit\u00e9 de d\u00e9fense des travailleurs du p\u00e9trole, auquel appartient l&#039;affili\u00e9 de IndustriALL Global Union, la\" \/>\n<meta name=\"robots\" content=\"index, follow, max-snippet:-1, max-image-preview:large, max-video-preview:-1\" \/>\n<link rel=\"canonical\" href=\"https:\/\/admin.industriall-union.org\/fr\/manifestation-des-travailleurs-du-petrole-en-irak\/\" \/>\n<meta property=\"og:locale\" content=\"fr_FR\" \/>\n<meta property=\"og:type\" content=\"article\" \/>\n<meta property=\"og:title\" content=\"Manifestation des travailleurs du p\u00e9trole en Irak\" \/>\n<meta property=\"og:description\" content=\"La manifestation \u00e9tait organis\u00e9e par le Comit\u00e9 de d\u00e9fense des travailleurs du p\u00e9trole, auquel appartient l&#039;affili\u00e9 de IndustriALL Global Union, la\" \/>\n<meta property=\"og:url\" content=\"https:\/\/admin.industriall-union.org\/fr\/manifestation-des-travailleurs-du-petrole-en-irak\/\" \/>\n<meta property=\"og:site_name\" content=\"industriall-union\" \/>\n<meta property=\"article:modified_time\" content=\"2025-02-08T14:06:05+00:00\" \/>\n<meta name=\"twitter:card\" content=\"summary_large_image\" \/>\n<meta name=\"twitter:label1\" content=\"Est. reading time\" \/>\n\t<meta name=\"twitter:data1\" content=\"1 minute\" \/>\n<script type=\"application\/ld+json\" class=\"yoast-schema-graph\">{\"@context\":\"https:\/\/schema.org\",\"@graph\":[{\"@type\":\"WebPage\",\"@id\":\"https:\/\/admin.industriall-union.org\/fr\/manifestation-des-travailleurs-du-petrole-en-irak\/\",\"url\":\"https:\/\/admin.industriall-union.org\/fr\/manifestation-des-travailleurs-du-petrole-en-irak\/\",\"name\":\"Manifestation des travailleurs du p\u00e9trole en Irak - industriall-union\",\"isPartOf\":{\"@id\":\"https:\/\/admin.industriall-union.org\/#website\"},\"datePublished\":\"2013-02-28T15:08:50+00:00\",\"dateModified\":\"2025-02-08T14:06:05+00:00\",\"description\":\"La manifestation \u00e9tait organis\u00e9e par le Comit\u00e9 de d\u00e9fense des travailleurs du p\u00e9trole, auquel appartient l&#039;affili\u00e9 de IndustriALL Global Union, la\",\"breadcrumb\":{\"@id\":\"https:\/\/admin.industriall-union.org\/fr\/manifestation-des-travailleurs-du-petrole-en-irak\/#breadcrumb\"},\"inLanguage\":\"fr-FR\",\"potentialAction\":[{\"@type\":\"ReadAction\",\"target\":[\"https:\/\/admin.industriall-union.org\/fr\/manifestation-des-travailleurs-du-petrole-en-irak\/\"]}]},{\"@type\":\"BreadcrumbList\",\"@id\":\"https:\/\/admin.industriall-union.org\/fr\/manifestation-des-travailleurs-du-petrole-en-irak\/#breadcrumb\",\"itemListElement\":[{\"@type\":\"ListItem\",\"position\":1,\"name\":\"Home\",\"item\":\"https:\/\/admin.industriall-union.org\/\"},{\"@type\":\"ListItem\",\"position\":2,\"name\":\"Articles\",\"item\":\"https:\/\/admin.industriall-union.org\/article\/\"},{\"@type\":\"ListItem\",\"position\":3,\"name\":\"Manifestation des travailleurs du p\u00e9trole en Irak\"}]},{\"@type\":\"WebSite\",\"@id\":\"https:\/\/admin.industriall-union.org\/#website\",\"url\":\"https:\/\/admin.industriall-union.org\/\",\"name\":\"industriall-union\",\"description\":\"\",\"potentialAction\":[{\"@type\":\"SearchAction\",\"target\":{\"@type\":\"EntryPoint\",\"urlTemplate\":\"https:\/\/admin.industriall-union.org\/?s={search_term_string}\"},\"query-input\":{\"@type\":\"PropertyValueSpecification\",\"valueRequired\":true,\"valueName\":\"search_term_string\"}}],\"inLanguage\":\"fr-FR\"}]}<\/script>\n<!-- \/ Yoast SEO Premium plugin. -->","yoast_head_json":{"title":"Manifestation des travailleurs du p\u00e9trole en Irak - industriall-union","description":"La manifestation \u00e9tait organis\u00e9e par le Comit\u00e9 de d\u00e9fense des travailleurs du p\u00e9trole, auquel appartient l&#039;affili\u00e9 de IndustriALL Global Union, la","robots":{"index":"index","follow":"follow","max-snippet":"max-snippet:-1","max-image-preview":"max-image-preview:large","max-video-preview":"max-video-preview:-1"},"canonical":"https:\/\/admin.industriall-union.org\/fr\/manifestation-des-travailleurs-du-petrole-en-irak\/","og_locale":"fr_FR","og_type":"article","og_title":"Manifestation des travailleurs du p\u00e9trole en Irak","og_description":"La manifestation \u00e9tait organis\u00e9e par le Comit\u00e9 de d\u00e9fense des travailleurs du p\u00e9trole, auquel appartient l&#039;affili\u00e9 de IndustriALL Global Union, la","og_url":"https:\/\/admin.industriall-union.org\/fr\/manifestation-des-travailleurs-du-petrole-en-irak\/","og_site_name":"industriall-union","article_modified_time":"2025-02-08T14:06:05+00:00","twitter_card":"summary_large_image","twitter_misc":{"Est. reading time":"1 minute"},"schema":{"@context":"https:\/\/schema.org","@graph":[{"@type":"WebPage","@id":"https:\/\/admin.industriall-union.org\/fr\/manifestation-des-travailleurs-du-petrole-en-irak\/","url":"https:\/\/admin.industriall-union.org\/fr\/manifestation-des-travailleurs-du-petrole-en-irak\/","name":"Manifestation des travailleurs du p\u00e9trole en Irak - industriall-union","isPartOf":{"@id":"https:\/\/admin.industriall-union.org\/#website"},"datePublished":"2013-02-28T15:08:50+00:00","dateModified":"2025-02-08T14:06:05+00:00","description":"La manifestation \u00e9tait organis\u00e9e par le Comit\u00e9 de d\u00e9fense des travailleurs du p\u00e9trole, auquel appartient l&#039;affili\u00e9 de IndustriALL Global Union, la","breadcrumb":{"@id":"https:\/\/admin.industriall-union.org\/fr\/manifestation-des-travailleurs-du-petrole-en-irak\/#breadcrumb"},"inLanguage":"fr-FR","potentialAction":[{"@type":"ReadAction","target":["https:\/\/admin.industriall-union.org\/fr\/manifestation-des-travailleurs-du-petrole-en-irak\/"]}]},{"@type":"BreadcrumbList","@id":"https:\/\/admin.industriall-union.org\/fr\/manifestation-des-travailleurs-du-petrole-en-irak\/#breadcrumb","itemListElement":[{"@type":"ListItem","position":1,"name":"Home","item":"https:\/\/admin.industriall-union.org\/"},{"@type":"ListItem","position":2,"name":"Articles","item":"https:\/\/admin.industriall-union.org\/article\/"},{"@type":"ListItem","position":3,"name":"Manifestation des travailleurs du p\u00e9trole en Irak"}]},{"@type":"WebSite","@id":"https:\/\/admin.industriall-union.org\/#website","url":"https:\/\/admin.industriall-union.org\/","name":"industriall-union","description":"","potentialAction":[{"@type":"SearchAction","target":{"@type":"EntryPoint","urlTemplate":"https:\/\/admin.industriall-union.org\/?s={search_term_string}"},"query-input":{"@type":"PropertyValueSpecification","valueRequired":true,"valueName":"search_term_string"}}],"inLanguage":"fr-FR"}]}},"_links":{"self":[{"href":"https:\/\/admin.industriall-union.org\/fr\/wp-json\/wp\/v2\/article\/174445","targetHints":{"allow":["GET"]}}],"collection":[{"href":"https:\/\/admin.industriall-union.org\/fr\/wp-json\/wp\/v2\/article"}],"about":[{"href":"https:\/\/admin.industriall-union.org\/fr\/wp-json\/wp\/v2\/types\/article"}],"wp:attachment":[{"href":"https:\/\/admin.industriall-union.org\/fr\/wp-json\/wp\/v2\/media?parent=174445"}],"wp:term":[{"taxonomy":"issues","embeddable":true,"href":"https:\/\/admin.industriall-union.org\/fr\/wp-json\/wp\/v2\/issues?post=174445"},{"taxonomy":"companies","embeddable":true,"href":"https:\/\/admin.industriall-union.org\/fr\/wp-json\/wp\/v2\/companies?post=174445"},{"taxonomy":"regions","embeddable":true,"href":"https:\/\/admin.industriall-union.org\/fr\/wp-json\/wp\/v2\/regions?post=174445"},{"taxonomy":"sectors","embeddable":true,"href":"https:\/\/admin.industriall-union.org\/fr\/wp-json\/wp\/v2\/sectors?post=174445"},{"taxonomy":"article_tags","embeddable":true,"href":"https:\/\/admin.industriall-union.org\/fr\/wp-json\/wp\/v2\/article_tags?post=174445"}],"curies":[{"name":"wp","href":"https:\/\/api.w.org\/{rel}","templated":true}]}}