{"id":174428,"date":"2013-03-04T17:00:24","date_gmt":"2013-03-04T17:00:24","guid":{"rendered":"https:\/\/admin.industriall-union.org\/la-direction-de-industriall-rencontre-l-ambassadeur-de-colombie\/"},"modified":"2025-02-08T13:56:32","modified_gmt":"2025-02-08T13:56:32","slug":"la-direction-de-industriall-rencontre-l-ambassadeur-de-colombie","status":"publish","type":"article","link":"https:\/\/admin.industriall-union.org\/fr\/la-direction-de-industriall-rencontre-l-ambassadeur-de-colombie\/","title":{"rendered":"La direction de IndustriALL rencontre l\u2019ambassadeur de Colombie"},"content":{"rendered":"<p>Le secr\u00e9taire g\u00e9n\u00e9ral de IndustriALL, Jyrki Raina, le secr\u00e9taire g\u00e9n\u00e9ral adjoint, Fernando Lopes, et la responsable des droits, Suzanna Miller, ont rencontr\u00e9 Mme Alicia Victoria Arango Olmos, ambassadeur \u00e0 la mission permanente de la Colombie aupr\u00e8s de l&rsquo;Office des Nations Unies \u00e0 Gen\u00e8ve.<\/p><p>La d\u00e9l\u00e9gation a fait \u00e9tat de pr\u00e9occupations s\u00e9rieuses concernant les infractions graves qui ont eu lieu ces derniers mois contre ses affili\u00e9s, tels <a href=\"http:\/\/www.industriall-union.org\/fr\/un-dirigeant-de-luso-assassine-en-colombie\">l&rsquo;assassinat d&rsquo;un membre du syndicat Uni\u00f3n Sindical Obrera de la Industria Petr\u00f3leo (USO)<\/a> en d\u00e9cembre 2012, les menaces de mort re\u00e7ues par des dirigeants de Tenaris et \u00e9galement par des <a href=\"http:\/\/www.industriall-union.org\/fr\/des-dirigeants-menaces-pendant-une-negociation-collective-chez-carbones-del-cerrejon\">dirigeants et des membres du comit\u00e9 de n\u00e9gociation de Sintracarb\u00f3n<\/a> apr\u00e8s le d\u00e9but des n\u00e9gociations en novembre 2012. Jyrki Raina a demand\u00e9 \u00e0 l&rsquo;ambassadeur la raison de l&rsquo;impossibilit\u00e9 pour le gouvernement de r\u00e9soudre ces probl\u00e8mes et les mesures prises pour prot\u00e9ger v\u00e9ritablement les syndicalistes.<\/p><p>Mme Alicia Victoria Arango Olmos s&rsquo;est d\u00e9clar\u00e9e consciente des probl\u00e8mes soulev\u00e9s et a reconnu l&rsquo;ampleur de la violence, tout en faisant remarquer que ce probl\u00e8me ne se limite pas aux syndicalistes, mais concerne tous les Colombiens. Elle a donn\u00e9 l&rsquo;assurance que le gouvernement colombien travaillait sur cette question et que des progr\u00e8s avaient \u00e9t\u00e9 obtenus, tout en insistant sur le fait que la situation s&rsquo;\u00e9tait am\u00e9lior\u00e9e pour les syndicats au cours des quinze derni\u00e8res ann\u00e9es. Malheureusement, tous les rapports montrent que c&rsquo;est en Colombie que l&rsquo;on trouve actuellement le plus grand nombre de syndicalistes assassin\u00e9s au monde, et que la question de l&rsquo;impunit\u00e9 reste tr\u00e8s pr\u00e9sente.<\/p><p>&ldquo;L&rsquo;ambassadeur a promis de porter \u00e0 la connaissance de son gouvernement les questions que nous avons soulev\u00e9es, et nous continuerons de notre c\u00f4t\u00e9 \u00e0 suivre l&rsquo;\u00e9volution de la situation&rdquo;, a d\u00e9clar\u00e9 Jyrki Raina, secr\u00e9taire g\u00e9n\u00e9ral de IndustriALL.<\/p><p>Bien que des progr\u00e8s aient \u00e9t\u00e9 r\u00e9alis\u00e9s, la persistance de la violence contre le mouvement syndical colombien reste toujours une mal\u00e9diction pour le pays, et des syndicalistes continuent d&rsquo;\u00eatre menac\u00e9s et tu\u00e9s. M\u00eame si des efforts ont eu lieu pour enqu\u00eater sur ces crimes, la majorit\u00e9 des affaires concernant les organisations syndicales n&rsquo;a toujours pas \u00e9t\u00e9 r\u00e9solue.<\/p><p>&ldquo;Nous avons eu une discussion ardue mais franche avec l&rsquo;ambassadeur de Colombie. Nous continuerons de soutenir les travailleurs et travailleuses de Colombie et de lutter pour que le&nbsp; gouvernement assure le respect de leurs droits dans ce pays&rdquo;, a d\u00e9clar\u00e9 de son c\u00f4t\u00e9 Fernando Lopes, secr\u00e9taire g\u00e9n\u00e9ral adjoint de IndustriALL.<\/p>","protected":false},"featured_media":0,"template":"","issues":[422],"companies":[],"regions":[264],"sectors":[481,483,494],"article_tags":[],"class_list":["post-174428","article","type-article","status-publish","hentry","issues-human-trade-union-rights","regions-colombia","sectors-base-metals","sectors-energy-oil-gas-electricity-and-nuclear","sectors-mining-and-dgojp"],"acf":[],"yoast_head":"<!-- This site is optimized with the Yoast SEO Premium plugin v27.1 (Yoast SEO v27.1) - https:\/\/yoast.com\/product\/yoast-seo-premium-wordpress\/ -->\n<title>La direction de IndustriALL rencontre l\u2019ambassadeur de Colombie - industriall-union<\/title>\n<meta name=\"description\" content=\"Le secr\u00e9taire g\u00e9n\u00e9ral de IndustriALL, Jyrki Raina, le secr\u00e9taire g\u00e9n\u00e9ral adjoint, Fernando Lopes, et la responsable des droits, Suzanna Miller, ont\" \/>\n<meta name=\"robots\" content=\"index, follow, max-snippet:-1, max-image-preview:large, max-video-preview:-1\" \/>\n<link rel=\"canonical\" href=\"https:\/\/admin.industriall-union.org\/fr\/la-direction-de-industriall-rencontre-l-ambassadeur-de-colombie\/\" \/>\n<meta property=\"og:locale\" content=\"fr_FR\" \/>\n<meta property=\"og:type\" content=\"article\" \/>\n<meta property=\"og:title\" content=\"La direction de IndustriALL rencontre l\u2019ambassadeur de Colombie\" \/>\n<meta property=\"og:description\" content=\"Le secr\u00e9taire g\u00e9n\u00e9ral de IndustriALL, Jyrki Raina, le secr\u00e9taire g\u00e9n\u00e9ral adjoint, Fernando Lopes, et la responsable des droits, Suzanna Miller, ont\" \/>\n<meta property=\"og:url\" content=\"https:\/\/admin.industriall-union.org\/fr\/la-direction-de-industriall-rencontre-l-ambassadeur-de-colombie\/\" \/>\n<meta property=\"og:site_name\" content=\"industriall-union\" \/>\n<meta property=\"article:modified_time\" content=\"2025-02-08T13:56:32+00:00\" \/>\n<meta name=\"twitter:card\" content=\"summary_large_image\" \/>\n<meta name=\"twitter:label1\" content=\"Est. reading time\" \/>\n\t<meta name=\"twitter:data1\" content=\"2 minutes\" \/>\n<script type=\"application\/ld+json\" class=\"yoast-schema-graph\">{\"@context\":\"https:\/\/schema.org\",\"@graph\":[{\"@type\":\"WebPage\",\"@id\":\"https:\/\/admin.industriall-union.org\/fr\/la-direction-de-industriall-rencontre-l-ambassadeur-de-colombie\/\",\"url\":\"https:\/\/admin.industriall-union.org\/fr\/la-direction-de-industriall-rencontre-l-ambassadeur-de-colombie\/\",\"name\":\"La direction de IndustriALL rencontre l\u2019ambassadeur de Colombie - industriall-union\",\"isPartOf\":{\"@id\":\"https:\/\/admin.industriall-union.org\/#website\"},\"datePublished\":\"2013-03-04T17:00:24+00:00\",\"dateModified\":\"2025-02-08T13:56:32+00:00\",\"description\":\"Le secr\u00e9taire g\u00e9n\u00e9ral de IndustriALL, Jyrki Raina, le secr\u00e9taire g\u00e9n\u00e9ral adjoint, Fernando Lopes, et la responsable des droits, Suzanna Miller, ont\",\"breadcrumb\":{\"@id\":\"https:\/\/admin.industriall-union.org\/fr\/la-direction-de-industriall-rencontre-l-ambassadeur-de-colombie\/#breadcrumb\"},\"inLanguage\":\"fr-FR\",\"potentialAction\":[{\"@type\":\"ReadAction\",\"target\":[\"https:\/\/admin.industriall-union.org\/fr\/la-direction-de-industriall-rencontre-l-ambassadeur-de-colombie\/\"]}]},{\"@type\":\"BreadcrumbList\",\"@id\":\"https:\/\/admin.industriall-union.org\/fr\/la-direction-de-industriall-rencontre-l-ambassadeur-de-colombie\/#breadcrumb\",\"itemListElement\":[{\"@type\":\"ListItem\",\"position\":1,\"name\":\"Home\",\"item\":\"https:\/\/admin.industriall-union.org\/\"},{\"@type\":\"ListItem\",\"position\":2,\"name\":\"Articles\",\"item\":\"https:\/\/admin.industriall-union.org\/article\/\"},{\"@type\":\"ListItem\",\"position\":3,\"name\":\"La direction de IndustriALL rencontre l\u2019ambassadeur de Colombie\"}]},{\"@type\":\"WebSite\",\"@id\":\"https:\/\/admin.industriall-union.org\/#website\",\"url\":\"https:\/\/admin.industriall-union.org\/\",\"name\":\"industriall-union\",\"description\":\"\",\"potentialAction\":[{\"@type\":\"SearchAction\",\"target\":{\"@type\":\"EntryPoint\",\"urlTemplate\":\"https:\/\/admin.industriall-union.org\/?s={search_term_string}\"},\"query-input\":{\"@type\":\"PropertyValueSpecification\",\"valueRequired\":true,\"valueName\":\"search_term_string\"}}],\"inLanguage\":\"fr-FR\"}]}<\/script>\n<!-- \/ Yoast SEO Premium plugin. -->","yoast_head_json":{"title":"La direction de IndustriALL rencontre l\u2019ambassadeur de Colombie - industriall-union","description":"Le secr\u00e9taire g\u00e9n\u00e9ral de IndustriALL, Jyrki Raina, le secr\u00e9taire g\u00e9n\u00e9ral adjoint, Fernando Lopes, et la responsable des droits, Suzanna Miller, ont","robots":{"index":"index","follow":"follow","max-snippet":"max-snippet:-1","max-image-preview":"max-image-preview:large","max-video-preview":"max-video-preview:-1"},"canonical":"https:\/\/admin.industriall-union.org\/fr\/la-direction-de-industriall-rencontre-l-ambassadeur-de-colombie\/","og_locale":"fr_FR","og_type":"article","og_title":"La direction de IndustriALL rencontre l\u2019ambassadeur de Colombie","og_description":"Le secr\u00e9taire g\u00e9n\u00e9ral de IndustriALL, Jyrki Raina, le secr\u00e9taire g\u00e9n\u00e9ral adjoint, Fernando Lopes, et la responsable des droits, Suzanna Miller, ont","og_url":"https:\/\/admin.industriall-union.org\/fr\/la-direction-de-industriall-rencontre-l-ambassadeur-de-colombie\/","og_site_name":"industriall-union","article_modified_time":"2025-02-08T13:56:32+00:00","twitter_card":"summary_large_image","twitter_misc":{"Est. reading time":"2 minutes"},"schema":{"@context":"https:\/\/schema.org","@graph":[{"@type":"WebPage","@id":"https:\/\/admin.industriall-union.org\/fr\/la-direction-de-industriall-rencontre-l-ambassadeur-de-colombie\/","url":"https:\/\/admin.industriall-union.org\/fr\/la-direction-de-industriall-rencontre-l-ambassadeur-de-colombie\/","name":"La direction de IndustriALL rencontre l\u2019ambassadeur de Colombie - industriall-union","isPartOf":{"@id":"https:\/\/admin.industriall-union.org\/#website"},"datePublished":"2013-03-04T17:00:24+00:00","dateModified":"2025-02-08T13:56:32+00:00","description":"Le secr\u00e9taire g\u00e9n\u00e9ral de IndustriALL, Jyrki Raina, le secr\u00e9taire g\u00e9n\u00e9ral adjoint, Fernando Lopes, et la responsable des droits, Suzanna Miller, ont","breadcrumb":{"@id":"https:\/\/admin.industriall-union.org\/fr\/la-direction-de-industriall-rencontre-l-ambassadeur-de-colombie\/#breadcrumb"},"inLanguage":"fr-FR","potentialAction":[{"@type":"ReadAction","target":["https:\/\/admin.industriall-union.org\/fr\/la-direction-de-industriall-rencontre-l-ambassadeur-de-colombie\/"]}]},{"@type":"BreadcrumbList","@id":"https:\/\/admin.industriall-union.org\/fr\/la-direction-de-industriall-rencontre-l-ambassadeur-de-colombie\/#breadcrumb","itemListElement":[{"@type":"ListItem","position":1,"name":"Home","item":"https:\/\/admin.industriall-union.org\/"},{"@type":"ListItem","position":2,"name":"Articles","item":"https:\/\/admin.industriall-union.org\/article\/"},{"@type":"ListItem","position":3,"name":"La direction de IndustriALL rencontre l\u2019ambassadeur de Colombie"}]},{"@type":"WebSite","@id":"https:\/\/admin.industriall-union.org\/#website","url":"https:\/\/admin.industriall-union.org\/","name":"industriall-union","description":"","potentialAction":[{"@type":"SearchAction","target":{"@type":"EntryPoint","urlTemplate":"https:\/\/admin.industriall-union.org\/?s={search_term_string}"},"query-input":{"@type":"PropertyValueSpecification","valueRequired":true,"valueName":"search_term_string"}}],"inLanguage":"fr-FR"}]}},"_links":{"self":[{"href":"https:\/\/admin.industriall-union.org\/fr\/wp-json\/wp\/v2\/article\/174428","targetHints":{"allow":["GET"]}}],"collection":[{"href":"https:\/\/admin.industriall-union.org\/fr\/wp-json\/wp\/v2\/article"}],"about":[{"href":"https:\/\/admin.industriall-union.org\/fr\/wp-json\/wp\/v2\/types\/article"}],"wp:attachment":[{"href":"https:\/\/admin.industriall-union.org\/fr\/wp-json\/wp\/v2\/media?parent=174428"}],"wp:term":[{"taxonomy":"issues","embeddable":true,"href":"https:\/\/admin.industriall-union.org\/fr\/wp-json\/wp\/v2\/issues?post=174428"},{"taxonomy":"companies","embeddable":true,"href":"https:\/\/admin.industriall-union.org\/fr\/wp-json\/wp\/v2\/companies?post=174428"},{"taxonomy":"regions","embeddable":true,"href":"https:\/\/admin.industriall-union.org\/fr\/wp-json\/wp\/v2\/regions?post=174428"},{"taxonomy":"sectors","embeddable":true,"href":"https:\/\/admin.industriall-union.org\/fr\/wp-json\/wp\/v2\/sectors?post=174428"},{"taxonomy":"article_tags","embeddable":true,"href":"https:\/\/admin.industriall-union.org\/fr\/wp-json\/wp\/v2\/article_tags?post=174428"}],"curies":[{"name":"wp","href":"https:\/\/api.w.org\/{rel}","templated":true}]}}