{"id":174414,"date":"2013-03-07T13:29:48","date_gmt":"2013-03-07T13:29:48","guid":{"rendered":"https:\/\/admin.industriall-union.org\/ford-frappe-d-une-amende-au-bresil-pour-externalisation\/"},"modified":"2025-02-08T13:52:15","modified_gmt":"2025-02-08T13:52:15","slug":"ford-frappe-d-une-amende-au-bresil-pour-externalisation","status":"publish","type":"article","link":"https:\/\/admin.industriall-union.org\/fr\/ford-frappe-d-une-amende-au-bresil-pour-externalisation\/","title":{"rendered":"Ford frapp\u00e9 d\u2019une amende au Br\u00e9sil pour externalisation"},"content":{"rendered":"<p>Le procureur charg\u00e9 des affaires syndicales au Br\u00e9sil a d\u00e9clar\u00e9 que Ford avait recrut\u00e9 du personnel pour son usine \u00e0 Tatu\u00ed par le biais de l&#039;association AVAPE qui d\u00e9fend les int\u00e9r\u00eats des personnes handicap\u00e9es, dans le but de b\u00e9n\u00e9ficier d&#039;avantages fiscaux. Cependant, aucun des 280 salari\u00e9s fournis par AVAPE depuis plus de dix ans n&#039;\u00e9tait handicap\u00e9.<\/p><p>Le juge, Marcurs Menezes Barberino, a d\u00e9clar\u00e9 que Ford sera condamn\u00e9 \u00e0 une amende suppl\u00e9mentaire de 500.000 R$ (250.000 USD) par jour si l&#039;entreprise ne commence pas \u00e0 recruter directement du personnel pour les emplois en question dans un d\u00e9lai de 60 jours. Comme AVAPE ne dispose pas des ressources lui permettant de payer une partie de l&#039;amende, Ford devra donc payer en totalit\u00e9 l&#039;amende de 400 millions de R$ (200 millions de R$ au Fonds national et d&rsquo;\u00c9tat pour les droits, et 200 millions de R$ \u00e0 la ville de Tatu\u00ed en tant qu&#039;investissement dans des programmes de formation destin\u00e9s aux personnes handicap\u00e9es).<\/p><p>Le juge a insist\u00e9 sur le fait que l&#039;externalisation est l\u00e9gitime pour des activit\u00e9s secondaires comme le nettoyage ou la s\u00e9curit\u00e9. Cependant, le personnel recrut\u00e9 par Ford par le biais de AVAPE \u00e9tait employ\u00e9 aux activit\u00e9s principales dans l&rsquo;entreprise.<\/p>","protected":false},"featured_media":0,"template":"","issues":[406,415],"companies":[51],"regions":[261],"sectors":[482],"article_tags":[511],"class_list":["post-174414","article","type-article","status-publish","hentry","issues-confronting-global-capital","issues-stop-precarious-work","companies-ford-motor-co","regions-brazil","sectors-automotive","article_tags-industriall"],"acf":[],"yoast_head":"<!-- This site is optimized with the Yoast SEO Premium plugin v27.1 (Yoast SEO v27.1) - https:\/\/yoast.com\/product\/yoast-seo-premium-wordpress\/ -->\n<title>Ford frapp\u00e9 d\u2019une amende au Br\u00e9sil pour externalisation - industriall-union<\/title>\n<meta name=\"description\" content=\"Le procureur charg\u00e9 des affaires syndicales au Br\u00e9sil a d\u00e9clar\u00e9 que Ford avait recrut\u00e9 du personnel pour son usine \u00e0 Tatu\u00ed par le biais de\" \/>\n<meta name=\"robots\" content=\"index, follow, max-snippet:-1, max-image-preview:large, max-video-preview:-1\" \/>\n<link rel=\"canonical\" href=\"https:\/\/admin.industriall-union.org\/fr\/ford-frappe-d-une-amende-au-bresil-pour-externalisation\/\" \/>\n<meta property=\"og:locale\" content=\"fr_FR\" \/>\n<meta property=\"og:type\" content=\"article\" \/>\n<meta property=\"og:title\" content=\"Ford frapp\u00e9 d\u2019une amende au Br\u00e9sil pour externalisation\" \/>\n<meta property=\"og:description\" content=\"Le procureur charg\u00e9 des affaires syndicales au Br\u00e9sil a d\u00e9clar\u00e9 que Ford avait recrut\u00e9 du personnel pour son usine \u00e0 Tatu\u00ed par le biais de\" \/>\n<meta property=\"og:url\" content=\"https:\/\/admin.industriall-union.org\/fr\/ford-frappe-d-une-amende-au-bresil-pour-externalisation\/\" \/>\n<meta property=\"og:site_name\" content=\"industriall-union\" \/>\n<meta property=\"article:modified_time\" content=\"2025-02-08T13:52:15+00:00\" \/>\n<meta name=\"twitter:card\" content=\"summary_large_image\" \/>\n<meta name=\"twitter:label1\" content=\"Est. reading time\" \/>\n\t<meta name=\"twitter:data1\" content=\"1 minute\" \/>\n<script type=\"application\/ld+json\" class=\"yoast-schema-graph\">{\"@context\":\"https:\/\/schema.org\",\"@graph\":[{\"@type\":\"WebPage\",\"@id\":\"https:\/\/admin.industriall-union.org\/fr\/ford-frappe-d-une-amende-au-bresil-pour-externalisation\/\",\"url\":\"https:\/\/admin.industriall-union.org\/fr\/ford-frappe-d-une-amende-au-bresil-pour-externalisation\/\",\"name\":\"Ford frapp\u00e9 d\u2019une amende au Br\u00e9sil pour externalisation - industriall-union\",\"isPartOf\":{\"@id\":\"https:\/\/admin.industriall-union.org\/#website\"},\"datePublished\":\"2013-03-07T13:29:48+00:00\",\"dateModified\":\"2025-02-08T13:52:15+00:00\",\"description\":\"Le procureur charg\u00e9 des affaires syndicales au Br\u00e9sil a d\u00e9clar\u00e9 que Ford avait recrut\u00e9 du personnel pour son usine \u00e0 Tatu\u00ed par le biais de\",\"breadcrumb\":{\"@id\":\"https:\/\/admin.industriall-union.org\/fr\/ford-frappe-d-une-amende-au-bresil-pour-externalisation\/#breadcrumb\"},\"inLanguage\":\"fr-FR\",\"potentialAction\":[{\"@type\":\"ReadAction\",\"target\":[\"https:\/\/admin.industriall-union.org\/fr\/ford-frappe-d-une-amende-au-bresil-pour-externalisation\/\"]}]},{\"@type\":\"BreadcrumbList\",\"@id\":\"https:\/\/admin.industriall-union.org\/fr\/ford-frappe-d-une-amende-au-bresil-pour-externalisation\/#breadcrumb\",\"itemListElement\":[{\"@type\":\"ListItem\",\"position\":1,\"name\":\"Home\",\"item\":\"https:\/\/admin.industriall-union.org\/\"},{\"@type\":\"ListItem\",\"position\":2,\"name\":\"Articles\",\"item\":\"https:\/\/admin.industriall-union.org\/article\/\"},{\"@type\":\"ListItem\",\"position\":3,\"name\":\"Ford frapp\u00e9 d\u2019une amende au Br\u00e9sil pour externalisation\"}]},{\"@type\":\"WebSite\",\"@id\":\"https:\/\/admin.industriall-union.org\/#website\",\"url\":\"https:\/\/admin.industriall-union.org\/\",\"name\":\"industriall-union\",\"description\":\"\",\"potentialAction\":[{\"@type\":\"SearchAction\",\"target\":{\"@type\":\"EntryPoint\",\"urlTemplate\":\"https:\/\/admin.industriall-union.org\/?s={search_term_string}\"},\"query-input\":{\"@type\":\"PropertyValueSpecification\",\"valueRequired\":true,\"valueName\":\"search_term_string\"}}],\"inLanguage\":\"fr-FR\"}]}<\/script>\n<!-- \/ Yoast SEO Premium plugin. -->","yoast_head_json":{"title":"Ford frapp\u00e9 d\u2019une amende au Br\u00e9sil pour externalisation - industriall-union","description":"Le procureur charg\u00e9 des affaires syndicales au Br\u00e9sil a d\u00e9clar\u00e9 que Ford avait recrut\u00e9 du personnel pour son usine \u00e0 Tatu\u00ed par le biais de","robots":{"index":"index","follow":"follow","max-snippet":"max-snippet:-1","max-image-preview":"max-image-preview:large","max-video-preview":"max-video-preview:-1"},"canonical":"https:\/\/admin.industriall-union.org\/fr\/ford-frappe-d-une-amende-au-bresil-pour-externalisation\/","og_locale":"fr_FR","og_type":"article","og_title":"Ford frapp\u00e9 d\u2019une amende au Br\u00e9sil pour externalisation","og_description":"Le procureur charg\u00e9 des affaires syndicales au Br\u00e9sil a d\u00e9clar\u00e9 que Ford avait recrut\u00e9 du personnel pour son usine \u00e0 Tatu\u00ed par le biais de","og_url":"https:\/\/admin.industriall-union.org\/fr\/ford-frappe-d-une-amende-au-bresil-pour-externalisation\/","og_site_name":"industriall-union","article_modified_time":"2025-02-08T13:52:15+00:00","twitter_card":"summary_large_image","twitter_misc":{"Est. reading time":"1 minute"},"schema":{"@context":"https:\/\/schema.org","@graph":[{"@type":"WebPage","@id":"https:\/\/admin.industriall-union.org\/fr\/ford-frappe-d-une-amende-au-bresil-pour-externalisation\/","url":"https:\/\/admin.industriall-union.org\/fr\/ford-frappe-d-une-amende-au-bresil-pour-externalisation\/","name":"Ford frapp\u00e9 d\u2019une amende au Br\u00e9sil pour externalisation - industriall-union","isPartOf":{"@id":"https:\/\/admin.industriall-union.org\/#website"},"datePublished":"2013-03-07T13:29:48+00:00","dateModified":"2025-02-08T13:52:15+00:00","description":"Le procureur charg\u00e9 des affaires syndicales au Br\u00e9sil a d\u00e9clar\u00e9 que Ford avait recrut\u00e9 du personnel pour son usine \u00e0 Tatu\u00ed par le biais de","breadcrumb":{"@id":"https:\/\/admin.industriall-union.org\/fr\/ford-frappe-d-une-amende-au-bresil-pour-externalisation\/#breadcrumb"},"inLanguage":"fr-FR","potentialAction":[{"@type":"ReadAction","target":["https:\/\/admin.industriall-union.org\/fr\/ford-frappe-d-une-amende-au-bresil-pour-externalisation\/"]}]},{"@type":"BreadcrumbList","@id":"https:\/\/admin.industriall-union.org\/fr\/ford-frappe-d-une-amende-au-bresil-pour-externalisation\/#breadcrumb","itemListElement":[{"@type":"ListItem","position":1,"name":"Home","item":"https:\/\/admin.industriall-union.org\/"},{"@type":"ListItem","position":2,"name":"Articles","item":"https:\/\/admin.industriall-union.org\/article\/"},{"@type":"ListItem","position":3,"name":"Ford frapp\u00e9 d\u2019une amende au Br\u00e9sil pour externalisation"}]},{"@type":"WebSite","@id":"https:\/\/admin.industriall-union.org\/#website","url":"https:\/\/admin.industriall-union.org\/","name":"industriall-union","description":"","potentialAction":[{"@type":"SearchAction","target":{"@type":"EntryPoint","urlTemplate":"https:\/\/admin.industriall-union.org\/?s={search_term_string}"},"query-input":{"@type":"PropertyValueSpecification","valueRequired":true,"valueName":"search_term_string"}}],"inLanguage":"fr-FR"}]}},"_links":{"self":[{"href":"https:\/\/admin.industriall-union.org\/fr\/wp-json\/wp\/v2\/article\/174414","targetHints":{"allow":["GET"]}}],"collection":[{"href":"https:\/\/admin.industriall-union.org\/fr\/wp-json\/wp\/v2\/article"}],"about":[{"href":"https:\/\/admin.industriall-union.org\/fr\/wp-json\/wp\/v2\/types\/article"}],"wp:attachment":[{"href":"https:\/\/admin.industriall-union.org\/fr\/wp-json\/wp\/v2\/media?parent=174414"}],"wp:term":[{"taxonomy":"issues","embeddable":true,"href":"https:\/\/admin.industriall-union.org\/fr\/wp-json\/wp\/v2\/issues?post=174414"},{"taxonomy":"companies","embeddable":true,"href":"https:\/\/admin.industriall-union.org\/fr\/wp-json\/wp\/v2\/companies?post=174414"},{"taxonomy":"regions","embeddable":true,"href":"https:\/\/admin.industriall-union.org\/fr\/wp-json\/wp\/v2\/regions?post=174414"},{"taxonomy":"sectors","embeddable":true,"href":"https:\/\/admin.industriall-union.org\/fr\/wp-json\/wp\/v2\/sectors?post=174414"},{"taxonomy":"article_tags","embeddable":true,"href":"https:\/\/admin.industriall-union.org\/fr\/wp-json\/wp\/v2\/article_tags?post=174414"}],"curies":[{"name":"wp","href":"https:\/\/api.w.org\/{rel}","templated":true}]}}