{"id":174410,"date":"2013-03-07T13:41:09","date_gmt":"2013-03-07T13:41:09","guid":{"rendered":"https:\/\/admin.industriall-union.org\/reunion-du-groupe-de-travail-sur-l-egalite-des-chances-de-industriall-europe\/"},"modified":"2025-02-08T13:52:13","modified_gmt":"2025-02-08T13:52:13","slug":"reunion-du-groupe-de-travail-sur-l-egalite-des-chances-de-industriall-europe","status":"publish","type":"article","link":"https:\/\/admin.industriall-union.org\/fr\/reunion-du-groupe-de-travail-sur-l-egalite-des-chances-de-industriall-europe\/","title":{"rendered":"R\u00e9union du groupe de travail sur l\u2019\u00e9galit\u00e9 des chances de IndustriALL Europe"},"content":{"rendered":"<p>Des femmes venues d&rsquo;Autriche, de France, d&#039;Allemagne, de Su\u00e8de, de Slov\u00e9nie, de Belgique, de Suisse, de Finlande, de Norv\u00e8ge, d&#039;Espagne, de Roumanie et des Pays-Bas ont assist\u00e9 \u00e0 la r\u00e9union. Le groupe se r\u00e9unissait pour la premi\u00e8re fois avec une telle repr\u00e9sentation. La r\u00e9union avait pour objet de d\u00e9signer une nouvelle pr\u00e9sidente et de d\u00e9finir un programme de travail.<\/p><p>Les femmes ont fait \u00e9tat d&#039;une mani\u00e8re g\u00e9n\u00e9rale de leurs pr\u00e9occupations. Il y a eu presque toujours un accord sur les th\u00e8mes &ndash; la crise, l&#039;emploi pr\u00e9caire chez les femmes, le travail \u00e0 temps partiel, le nombre trop faible de femmes \u00e0 des postes de haute direction, les \u00e9carts salariaux entre hommes et femmes, les perspectives de carri\u00e8re des femmes, la mani\u00e8re de combiner le travail et la vie familiale, les questions de sant\u00e9 relatives au sexe, les accords sur l&#039;\u00e9galit\u00e9, l&#039;\u00e9galit\u00e9 des chances pour le d\u00e9veloppement des comp\u00e9tences des femmes, la pauvret\u00e9.<\/p><p>La crise en Europe se poursuit sans que l&rsquo;on puisse en voir le bout. Les premiers \u00e0 perdre leur emploi sont les femmes et les jeunes, et ce sont le plus souvent des emplois sans qualification qui disparaissent. Bien que la crise soit plus r\u00e9elle et plus grave dans le sud de l&rsquo;Europe, les \u00e9conomies sont \u00e9galement touch\u00e9es au Nord &ndash; quand les commandes venues du Sud se rar\u00e9fient, les usines ferment et les travailleuses et travailleurs se retrouvent sans emploi. La crise est \u00e0 l&rsquo;origine de nombreuses coupes dans les budgets pr\u00e9vus pour am\u00e9liorer l&#039;\u00e9galit\u00e9. Cette situation a \u00e9t\u00e9 ressentie violemment en Espagne o\u00f9 l&#039;\u00e9galit\u00e9 entre femmes et hommes avait fait de grands progr\u00e8s avant la crise, alors que maintenant la situation est retomb\u00e9es aux niveaux d&rsquo;avant la crise.<\/p><p>Une bonne pratique de direction est donn\u00e9e par le syndicat finlandais Pro, un syndicat d&#039;employ\u00e9(e)s qui recrute des membres dans l&#039;industrie. L&#039;effectif du syndicat est compos\u00e9 de 55 pour cent de femmes et de 45 pour cent d&#039;hommes. Le conseil de gestion a \u00e9tabli la parit\u00e9 entre femmes et hommes.<\/p><p>Les \u00e9carts salariaux entre femmes et hommes se propagent dans tous les secteurs. Ils ont tendance \u00e0 commencer en d\u00e9but de carri\u00e8re, pour s&#039;accentuer ensuite rapidement. L&#039;opinion a pr\u00e9valu qu&rsquo;en encourageant les hommes \u00e0 rester \u00e0 la maison pour assumer une part des responsabilit\u00e9s familiales, cela aurait un effet positif sur l&#039;\u00e9galit\u00e9. Malgr\u00e9 les efforts accomplis depuis de nombreuses ann\u00e9es, la plupart des d\u00e9l\u00e9gu\u00e9s du personnel sont encore les hommes, comme du reste la plupart des contrema\u00eetres. Et les facteurs qui emp\u00eachent les femmes d&#039;acc\u00e9der aux postes les plus \u00e9lev\u00e9s sont toujours pr\u00e9sents.<\/p><p>Le groupe a d\u00e9cid\u00e9 d&#039;\u00e9tablir un programme de travail \u00e0 trois niveaux &ndash; \u00e9galit\u00e9 salariale, combiner le travail et la vie familiale, participation. Ces trois sujets couvrent toutes sortes de th\u00e8mes comme la pauvret\u00e9, l&#039;emploi pr\u00e9caire, la formation, les retraites, le temps de travail, les questions statutaires, la parit\u00e9 entre femmes et hommes, les quotas et les femmes aux postes de direction.<\/p><p>La d\u00e9cision a \u00e9t\u00e9 prise de nommer une copr\u00e9sidence pour le groupe, avec Fabienne K\u00fchn (UNIA Suisse) et Montserrat Lopez (FITAG-UGT Espagne) partageant la pr\u00e9sidence.<\/p>","protected":false},"featured_media":0,"template":"","issues":[397],"companies":[],"regions":[202],"sectors":[],"article_tags":[512,1701],"class_list":["post-174410","article","type-article","status-publish","hentry","issues-women","regions-europe","article_tags-international-womens-day","article_tags-international-womens-day-fr"],"acf":[],"yoast_head":"<!-- This site is optimized with the Yoast SEO Premium plugin v27.1 (Yoast SEO v27.1) - https:\/\/yoast.com\/product\/yoast-seo-premium-wordpress\/ -->\n<title>R\u00e9union du groupe de travail sur l\u2019\u00e9galit\u00e9 des chances de IndustriALL Europe - industriall-union<\/title>\n<meta name=\"description\" content=\"Des femmes venues d&rsquo;Autriche, de France, d&#039;Allemagne, de Su\u00e8de, de Slov\u00e9nie, de Belgique, de Suisse, de Finlande, de Norv\u00e8ge, d&#039;Espagne,\" \/>\n<meta name=\"robots\" content=\"index, follow, max-snippet:-1, max-image-preview:large, max-video-preview:-1\" \/>\n<link rel=\"canonical\" href=\"https:\/\/admin.industriall-union.org\/fr\/reunion-du-groupe-de-travail-sur-l-egalite-des-chances-de-industriall-europe\/\" \/>\n<meta property=\"og:locale\" content=\"fr_FR\" \/>\n<meta property=\"og:type\" content=\"article\" \/>\n<meta property=\"og:title\" content=\"R\u00e9union du groupe de travail sur l\u2019\u00e9galit\u00e9 des chances de IndustriALL Europe\" \/>\n<meta property=\"og:description\" content=\"Des femmes venues d&rsquo;Autriche, de France, d&#039;Allemagne, de Su\u00e8de, de Slov\u00e9nie, de Belgique, de Suisse, de Finlande, de Norv\u00e8ge, d&#039;Espagne,\" \/>\n<meta property=\"og:url\" content=\"https:\/\/admin.industriall-union.org\/fr\/reunion-du-groupe-de-travail-sur-l-egalite-des-chances-de-industriall-europe\/\" \/>\n<meta property=\"og:site_name\" content=\"industriall-union\" \/>\n<meta property=\"article:modified_time\" content=\"2025-02-08T13:52:13+00:00\" \/>\n<meta name=\"twitter:card\" content=\"summary_large_image\" \/>\n<meta name=\"twitter:label1\" content=\"Est. reading time\" \/>\n\t<meta name=\"twitter:data1\" content=\"3 minutes\" \/>\n<script type=\"application\/ld+json\" class=\"yoast-schema-graph\">{\"@context\":\"https:\/\/schema.org\",\"@graph\":[{\"@type\":\"WebPage\",\"@id\":\"https:\/\/admin.industriall-union.org\/fr\/reunion-du-groupe-de-travail-sur-l-egalite-des-chances-de-industriall-europe\/\",\"url\":\"https:\/\/admin.industriall-union.org\/fr\/reunion-du-groupe-de-travail-sur-l-egalite-des-chances-de-industriall-europe\/\",\"name\":\"R\u00e9union du groupe de travail sur l\u2019\u00e9galit\u00e9 des chances de IndustriALL Europe - industriall-union\",\"isPartOf\":{\"@id\":\"https:\/\/admin.industriall-union.org\/#website\"},\"datePublished\":\"2013-03-07T13:41:09+00:00\",\"dateModified\":\"2025-02-08T13:52:13+00:00\",\"description\":\"Des femmes venues d&rsquo;Autriche, de France, d&#039;Allemagne, de Su\u00e8de, de Slov\u00e9nie, de Belgique, de Suisse, de Finlande, de Norv\u00e8ge, d&#039;Espagne,\",\"breadcrumb\":{\"@id\":\"https:\/\/admin.industriall-union.org\/fr\/reunion-du-groupe-de-travail-sur-l-egalite-des-chances-de-industriall-europe\/#breadcrumb\"},\"inLanguage\":\"fr-FR\",\"potentialAction\":[{\"@type\":\"ReadAction\",\"target\":[\"https:\/\/admin.industriall-union.org\/fr\/reunion-du-groupe-de-travail-sur-l-egalite-des-chances-de-industriall-europe\/\"]}]},{\"@type\":\"BreadcrumbList\",\"@id\":\"https:\/\/admin.industriall-union.org\/fr\/reunion-du-groupe-de-travail-sur-l-egalite-des-chances-de-industriall-europe\/#breadcrumb\",\"itemListElement\":[{\"@type\":\"ListItem\",\"position\":1,\"name\":\"Home\",\"item\":\"https:\/\/admin.industriall-union.org\/\"},{\"@type\":\"ListItem\",\"position\":2,\"name\":\"Articles\",\"item\":\"https:\/\/admin.industriall-union.org\/article\/\"},{\"@type\":\"ListItem\",\"position\":3,\"name\":\"R\u00e9union du groupe de travail sur l\u2019\u00e9galit\u00e9 des chances de IndustriALL Europe\"}]},{\"@type\":\"WebSite\",\"@id\":\"https:\/\/admin.industriall-union.org\/#website\",\"url\":\"https:\/\/admin.industriall-union.org\/\",\"name\":\"industriall-union\",\"description\":\"\",\"potentialAction\":[{\"@type\":\"SearchAction\",\"target\":{\"@type\":\"EntryPoint\",\"urlTemplate\":\"https:\/\/admin.industriall-union.org\/?s={search_term_string}\"},\"query-input\":{\"@type\":\"PropertyValueSpecification\",\"valueRequired\":true,\"valueName\":\"search_term_string\"}}],\"inLanguage\":\"fr-FR\"}]}<\/script>\n<!-- \/ Yoast SEO Premium plugin. -->","yoast_head_json":{"title":"R\u00e9union du groupe de travail sur l\u2019\u00e9galit\u00e9 des chances de IndustriALL Europe - industriall-union","description":"Des femmes venues d&rsquo;Autriche, de France, d&#039;Allemagne, de Su\u00e8de, de Slov\u00e9nie, de Belgique, de Suisse, de Finlande, de Norv\u00e8ge, d&#039;Espagne,","robots":{"index":"index","follow":"follow","max-snippet":"max-snippet:-1","max-image-preview":"max-image-preview:large","max-video-preview":"max-video-preview:-1"},"canonical":"https:\/\/admin.industriall-union.org\/fr\/reunion-du-groupe-de-travail-sur-l-egalite-des-chances-de-industriall-europe\/","og_locale":"fr_FR","og_type":"article","og_title":"R\u00e9union du groupe de travail sur l\u2019\u00e9galit\u00e9 des chances de IndustriALL Europe","og_description":"Des femmes venues d&rsquo;Autriche, de France, d&#039;Allemagne, de Su\u00e8de, de Slov\u00e9nie, de Belgique, de Suisse, de Finlande, de Norv\u00e8ge, d&#039;Espagne,","og_url":"https:\/\/admin.industriall-union.org\/fr\/reunion-du-groupe-de-travail-sur-l-egalite-des-chances-de-industriall-europe\/","og_site_name":"industriall-union","article_modified_time":"2025-02-08T13:52:13+00:00","twitter_card":"summary_large_image","twitter_misc":{"Est. reading time":"3 minutes"},"schema":{"@context":"https:\/\/schema.org","@graph":[{"@type":"WebPage","@id":"https:\/\/admin.industriall-union.org\/fr\/reunion-du-groupe-de-travail-sur-l-egalite-des-chances-de-industriall-europe\/","url":"https:\/\/admin.industriall-union.org\/fr\/reunion-du-groupe-de-travail-sur-l-egalite-des-chances-de-industriall-europe\/","name":"R\u00e9union du groupe de travail sur l\u2019\u00e9galit\u00e9 des chances de IndustriALL Europe - industriall-union","isPartOf":{"@id":"https:\/\/admin.industriall-union.org\/#website"},"datePublished":"2013-03-07T13:41:09+00:00","dateModified":"2025-02-08T13:52:13+00:00","description":"Des femmes venues d&rsquo;Autriche, de France, d&#039;Allemagne, de Su\u00e8de, de Slov\u00e9nie, de Belgique, de Suisse, de Finlande, de Norv\u00e8ge, d&#039;Espagne,","breadcrumb":{"@id":"https:\/\/admin.industriall-union.org\/fr\/reunion-du-groupe-de-travail-sur-l-egalite-des-chances-de-industriall-europe\/#breadcrumb"},"inLanguage":"fr-FR","potentialAction":[{"@type":"ReadAction","target":["https:\/\/admin.industriall-union.org\/fr\/reunion-du-groupe-de-travail-sur-l-egalite-des-chances-de-industriall-europe\/"]}]},{"@type":"BreadcrumbList","@id":"https:\/\/admin.industriall-union.org\/fr\/reunion-du-groupe-de-travail-sur-l-egalite-des-chances-de-industriall-europe\/#breadcrumb","itemListElement":[{"@type":"ListItem","position":1,"name":"Home","item":"https:\/\/admin.industriall-union.org\/"},{"@type":"ListItem","position":2,"name":"Articles","item":"https:\/\/admin.industriall-union.org\/article\/"},{"@type":"ListItem","position":3,"name":"R\u00e9union du groupe de travail sur l\u2019\u00e9galit\u00e9 des chances de IndustriALL Europe"}]},{"@type":"WebSite","@id":"https:\/\/admin.industriall-union.org\/#website","url":"https:\/\/admin.industriall-union.org\/","name":"industriall-union","description":"","potentialAction":[{"@type":"SearchAction","target":{"@type":"EntryPoint","urlTemplate":"https:\/\/admin.industriall-union.org\/?s={search_term_string}"},"query-input":{"@type":"PropertyValueSpecification","valueRequired":true,"valueName":"search_term_string"}}],"inLanguage":"fr-FR"}]}},"_links":{"self":[{"href":"https:\/\/admin.industriall-union.org\/fr\/wp-json\/wp\/v2\/article\/174410","targetHints":{"allow":["GET"]}}],"collection":[{"href":"https:\/\/admin.industriall-union.org\/fr\/wp-json\/wp\/v2\/article"}],"about":[{"href":"https:\/\/admin.industriall-union.org\/fr\/wp-json\/wp\/v2\/types\/article"}],"wp:attachment":[{"href":"https:\/\/admin.industriall-union.org\/fr\/wp-json\/wp\/v2\/media?parent=174410"}],"wp:term":[{"taxonomy":"issues","embeddable":true,"href":"https:\/\/admin.industriall-union.org\/fr\/wp-json\/wp\/v2\/issues?post=174410"},{"taxonomy":"companies","embeddable":true,"href":"https:\/\/admin.industriall-union.org\/fr\/wp-json\/wp\/v2\/companies?post=174410"},{"taxonomy":"regions","embeddable":true,"href":"https:\/\/admin.industriall-union.org\/fr\/wp-json\/wp\/v2\/regions?post=174410"},{"taxonomy":"sectors","embeddable":true,"href":"https:\/\/admin.industriall-union.org\/fr\/wp-json\/wp\/v2\/sectors?post=174410"},{"taxonomy":"article_tags","embeddable":true,"href":"https:\/\/admin.industriall-union.org\/fr\/wp-json\/wp\/v2\/article_tags?post=174410"}],"curies":[{"name":"wp","href":"https:\/\/api.w.org\/{rel}","templated":true}]}}