{"id":174404,"date":"2013-03-07T14:01:19","date_gmt":"2013-03-07T14:01:19","guid":{"rendered":"https:\/\/admin.industriall-union.org\/preavis-de-greve-chez-caterpillar-en-belgique\/"},"modified":"2025-02-08T13:46:46","modified_gmt":"2025-02-08T13:46:46","slug":"preavis-de-greve-chez-caterpillar-en-belgique","status":"publish","type":"article","link":"https:\/\/admin.industriall-union.org\/fr\/preavis-de-greve-chez-caterpillar-en-belgique\/","title":{"rendered":"Pr\u00e9avis de gr\u00e8ve chez Caterpillar en Belgique"},"content":{"rendered":"<p>Les affili\u00e9s belges d&rsquo;IndustriALL Global Union ont vivement r\u00e9agi \u00e0 l&rsquo;annonce de Caterpillar de vouloir supprimer 1400 emplois (1100 ouvriers et 300 employ\u00e9s administratifs) dans son usine de Gosselies pr\u00e8s de Charleroi qui compte au total 3,700 employ\u00e9s.&nbsp; En outre, la direction a annonc\u00e9 que 190 contrats \u00e0 dur\u00e9e d\u00e9termin\u00e9e ne seront pas reconduits.&nbsp;<\/p><p>Les organisations belges ont fait part de leur consternation dans <a href=\"\/wp-content\/uploads\/documents\/caterpillar-belgium\/press_communique_from_belgian_unions.pdf\">un communiqu\u00e9 commun<\/a>. &nbsp;&laquo;&nbsp;Il est inadmissible qu&rsquo;une entreprise qui r\u00e9alise des profits colossaux et b\u00e9n\u00e9ficie d&rsquo;aides f\u00e9d\u00e9rales et de subsides r\u00e9gionaux puisse annoncer un plan social d&rsquo;une telle ampleur. Au-del\u00e0 des chiffres c&rsquo;est l&rsquo;avenir de milliers de familles qui est pris en otage&nbsp;&raquo; ont-elles d\u00e9clar\u00e9.<\/p><p>Depuis cette annonce, les syndicats ont r\u00e9affirm\u00e9 l&rsquo;importance d&rsquo;un large front commun, incluant non seulement les syndicats ouvriers et des employ\u00e9s mais aussi les travailleurs chez les sous-traitants pour mettre en place une strat\u00e9gie contre le plan de restructuration de la direction.&nbsp; &laquo;&nbsp;Nous privil\u00e9gions le dialogue social pour trouver des solutions permettant de garantir la p\u00e9rennit\u00e9 du site de Caterpillar mais nous passerons \u00e0 la vitesse sup\u00e9rieure avec des actions dures&nbsp;si nous ne sommes pas entendus&nbsp;&raquo;&nbsp;a averti un repr\u00e9sentant syndical. &nbsp;Une rencontre avec la direction est pr\u00e9vue pour le jeudi 7 mars.<\/p><p>Le Secr\u00e9taire g\u00e9n\u00e9ral d&rsquo;IndustriALL Global Union a adress\u00e9 une lettre de solidarit\u00e9 aux travailleurs de Gosselies.&nbsp; &laquo;&nbsp;S&rsquo;il faut relever les d\u00e9fis \u00e9conomiques qui nous sont lanc\u00e9s, cela ne doit pas se faire au d\u00e9triment des emplois et des garanties sociales et ni en opposant les salari\u00e9s entre eux ou en brandissant les d\u00e9localisations.&nbsp; Il faut d\u00e9fendre l&rsquo;\u00e9conomie r\u00e9elle, il faut d\u00e9fendre l&rsquo;industrie et la promouvoir&nbsp;&raquo; a-t-il d\u00e9clar\u00e9.&nbsp;<\/p><p>Principal centre de production Caterpillar en Europe, l&rsquo;usine de Charleroi, qui fabrique notamment des excavatrices pour le march\u00e9 europ\u00e9en, est l&rsquo;un des plus gros employeurs de la r\u00e9gion. Le plan industriel de Caterpillar est vide de sens et n&rsquo;offre aucune garantie d&rsquo;avenir ont d\u00e9clar\u00e9 les syndicats. &nbsp;La priorit\u00e9 du front commun est d&rsquo;examiner toutes les pistes permettant d&rsquo;\u00e9viter ces agressions sociales.&nbsp; Les syndicats ont d\u00e9pos\u00e9 un pr\u00e9avis de gr\u00e8ve pour une dur\u00e9e ind\u00e9termin\u00e9e. &nbsp;<\/p>","protected":false},"featured_media":0,"template":"","issues":[406],"companies":[25],"regions":[208],"sectors":[475],"article_tags":[529],"class_list":["post-174404","article","type-article","status-publish","hentry","issues-confronting-global-capital","companies-caterpillar","regions-belgium","sectors-mechanical-engineering","article_tags-strike"],"acf":[],"yoast_head":"<!-- This site is optimized with the Yoast SEO Premium plugin v27.1 (Yoast SEO v27.1) - https:\/\/yoast.com\/product\/yoast-seo-premium-wordpress\/ -->\n<title>Pr\u00e9avis de gr\u00e8ve chez Caterpillar en Belgique - industriall-union<\/title>\n<meta name=\"description\" content=\"Les affili\u00e9s belges d&rsquo;IndustriALL Global Union ont vivement r\u00e9agi \u00e0 l&rsquo;annonce de Caterpillar de vouloir supprimer 1400 emplois (1100 ouvriers\" \/>\n<meta name=\"robots\" content=\"index, follow, max-snippet:-1, max-image-preview:large, max-video-preview:-1\" \/>\n<link rel=\"canonical\" href=\"https:\/\/admin.industriall-union.org\/fr\/preavis-de-greve-chez-caterpillar-en-belgique\/\" \/>\n<meta property=\"og:locale\" content=\"fr_FR\" \/>\n<meta property=\"og:type\" content=\"article\" \/>\n<meta property=\"og:title\" content=\"Pr\u00e9avis de gr\u00e8ve chez Caterpillar en Belgique\" \/>\n<meta property=\"og:description\" content=\"Les affili\u00e9s belges d&rsquo;IndustriALL Global Union ont vivement r\u00e9agi \u00e0 l&rsquo;annonce de Caterpillar de vouloir supprimer 1400 emplois (1100 ouvriers\" \/>\n<meta property=\"og:url\" content=\"https:\/\/admin.industriall-union.org\/fr\/preavis-de-greve-chez-caterpillar-en-belgique\/\" \/>\n<meta property=\"og:site_name\" content=\"industriall-union\" \/>\n<meta property=\"article:modified_time\" content=\"2025-02-08T13:46:46+00:00\" \/>\n<meta name=\"twitter:card\" content=\"summary_large_image\" \/>\n<meta name=\"twitter:label1\" content=\"Est. reading time\" \/>\n\t<meta name=\"twitter:data1\" content=\"2 minutes\" \/>\n<script type=\"application\/ld+json\" class=\"yoast-schema-graph\">{\"@context\":\"https:\/\/schema.org\",\"@graph\":[{\"@type\":\"WebPage\",\"@id\":\"https:\/\/admin.industriall-union.org\/fr\/preavis-de-greve-chez-caterpillar-en-belgique\/\",\"url\":\"https:\/\/admin.industriall-union.org\/fr\/preavis-de-greve-chez-caterpillar-en-belgique\/\",\"name\":\"Pr\u00e9avis de gr\u00e8ve chez Caterpillar en Belgique - industriall-union\",\"isPartOf\":{\"@id\":\"https:\/\/admin.industriall-union.org\/#website\"},\"datePublished\":\"2013-03-07T14:01:19+00:00\",\"dateModified\":\"2025-02-08T13:46:46+00:00\",\"description\":\"Les affili\u00e9s belges d&rsquo;IndustriALL Global Union ont vivement r\u00e9agi \u00e0 l&rsquo;annonce de Caterpillar de vouloir supprimer 1400 emplois (1100 ouvriers\",\"breadcrumb\":{\"@id\":\"https:\/\/admin.industriall-union.org\/fr\/preavis-de-greve-chez-caterpillar-en-belgique\/#breadcrumb\"},\"inLanguage\":\"fr-FR\",\"potentialAction\":[{\"@type\":\"ReadAction\",\"target\":[\"https:\/\/admin.industriall-union.org\/fr\/preavis-de-greve-chez-caterpillar-en-belgique\/\"]}]},{\"@type\":\"BreadcrumbList\",\"@id\":\"https:\/\/admin.industriall-union.org\/fr\/preavis-de-greve-chez-caterpillar-en-belgique\/#breadcrumb\",\"itemListElement\":[{\"@type\":\"ListItem\",\"position\":1,\"name\":\"Home\",\"item\":\"https:\/\/admin.industriall-union.org\/\"},{\"@type\":\"ListItem\",\"position\":2,\"name\":\"Articles\",\"item\":\"https:\/\/admin.industriall-union.org\/article\/\"},{\"@type\":\"ListItem\",\"position\":3,\"name\":\"Pr\u00e9avis de gr\u00e8ve chez Caterpillar en Belgique\"}]},{\"@type\":\"WebSite\",\"@id\":\"https:\/\/admin.industriall-union.org\/#website\",\"url\":\"https:\/\/admin.industriall-union.org\/\",\"name\":\"industriall-union\",\"description\":\"\",\"potentialAction\":[{\"@type\":\"SearchAction\",\"target\":{\"@type\":\"EntryPoint\",\"urlTemplate\":\"https:\/\/admin.industriall-union.org\/?s={search_term_string}\"},\"query-input\":{\"@type\":\"PropertyValueSpecification\",\"valueRequired\":true,\"valueName\":\"search_term_string\"}}],\"inLanguage\":\"fr-FR\"}]}<\/script>\n<!-- \/ Yoast SEO Premium plugin. -->","yoast_head_json":{"title":"Pr\u00e9avis de gr\u00e8ve chez Caterpillar en Belgique - industriall-union","description":"Les affili\u00e9s belges d&rsquo;IndustriALL Global Union ont vivement r\u00e9agi \u00e0 l&rsquo;annonce de Caterpillar de vouloir supprimer 1400 emplois (1100 ouvriers","robots":{"index":"index","follow":"follow","max-snippet":"max-snippet:-1","max-image-preview":"max-image-preview:large","max-video-preview":"max-video-preview:-1"},"canonical":"https:\/\/admin.industriall-union.org\/fr\/preavis-de-greve-chez-caterpillar-en-belgique\/","og_locale":"fr_FR","og_type":"article","og_title":"Pr\u00e9avis de gr\u00e8ve chez Caterpillar en Belgique","og_description":"Les affili\u00e9s belges d&rsquo;IndustriALL Global Union ont vivement r\u00e9agi \u00e0 l&rsquo;annonce de Caterpillar de vouloir supprimer 1400 emplois (1100 ouvriers","og_url":"https:\/\/admin.industriall-union.org\/fr\/preavis-de-greve-chez-caterpillar-en-belgique\/","og_site_name":"industriall-union","article_modified_time":"2025-02-08T13:46:46+00:00","twitter_card":"summary_large_image","twitter_misc":{"Est. reading time":"2 minutes"},"schema":{"@context":"https:\/\/schema.org","@graph":[{"@type":"WebPage","@id":"https:\/\/admin.industriall-union.org\/fr\/preavis-de-greve-chez-caterpillar-en-belgique\/","url":"https:\/\/admin.industriall-union.org\/fr\/preavis-de-greve-chez-caterpillar-en-belgique\/","name":"Pr\u00e9avis de gr\u00e8ve chez Caterpillar en Belgique - industriall-union","isPartOf":{"@id":"https:\/\/admin.industriall-union.org\/#website"},"datePublished":"2013-03-07T14:01:19+00:00","dateModified":"2025-02-08T13:46:46+00:00","description":"Les affili\u00e9s belges d&rsquo;IndustriALL Global Union ont vivement r\u00e9agi \u00e0 l&rsquo;annonce de Caterpillar de vouloir supprimer 1400 emplois (1100 ouvriers","breadcrumb":{"@id":"https:\/\/admin.industriall-union.org\/fr\/preavis-de-greve-chez-caterpillar-en-belgique\/#breadcrumb"},"inLanguage":"fr-FR","potentialAction":[{"@type":"ReadAction","target":["https:\/\/admin.industriall-union.org\/fr\/preavis-de-greve-chez-caterpillar-en-belgique\/"]}]},{"@type":"BreadcrumbList","@id":"https:\/\/admin.industriall-union.org\/fr\/preavis-de-greve-chez-caterpillar-en-belgique\/#breadcrumb","itemListElement":[{"@type":"ListItem","position":1,"name":"Home","item":"https:\/\/admin.industriall-union.org\/"},{"@type":"ListItem","position":2,"name":"Articles","item":"https:\/\/admin.industriall-union.org\/article\/"},{"@type":"ListItem","position":3,"name":"Pr\u00e9avis de gr\u00e8ve chez Caterpillar en Belgique"}]},{"@type":"WebSite","@id":"https:\/\/admin.industriall-union.org\/#website","url":"https:\/\/admin.industriall-union.org\/","name":"industriall-union","description":"","potentialAction":[{"@type":"SearchAction","target":{"@type":"EntryPoint","urlTemplate":"https:\/\/admin.industriall-union.org\/?s={search_term_string}"},"query-input":{"@type":"PropertyValueSpecification","valueRequired":true,"valueName":"search_term_string"}}],"inLanguage":"fr-FR"}]}},"_links":{"self":[{"href":"https:\/\/admin.industriall-union.org\/fr\/wp-json\/wp\/v2\/article\/174404","targetHints":{"allow":["GET"]}}],"collection":[{"href":"https:\/\/admin.industriall-union.org\/fr\/wp-json\/wp\/v2\/article"}],"about":[{"href":"https:\/\/admin.industriall-union.org\/fr\/wp-json\/wp\/v2\/types\/article"}],"wp:attachment":[{"href":"https:\/\/admin.industriall-union.org\/fr\/wp-json\/wp\/v2\/media?parent=174404"}],"wp:term":[{"taxonomy":"issues","embeddable":true,"href":"https:\/\/admin.industriall-union.org\/fr\/wp-json\/wp\/v2\/issues?post=174404"},{"taxonomy":"companies","embeddable":true,"href":"https:\/\/admin.industriall-union.org\/fr\/wp-json\/wp\/v2\/companies?post=174404"},{"taxonomy":"regions","embeddable":true,"href":"https:\/\/admin.industriall-union.org\/fr\/wp-json\/wp\/v2\/regions?post=174404"},{"taxonomy":"sectors","embeddable":true,"href":"https:\/\/admin.industriall-union.org\/fr\/wp-json\/wp\/v2\/sectors?post=174404"},{"taxonomy":"article_tags","embeddable":true,"href":"https:\/\/admin.industriall-union.org\/fr\/wp-json\/wp\/v2\/article_tags?post=174404"}],"curies":[{"name":"wp","href":"https:\/\/api.w.org\/{rel}","templated":true}]}}