{"id":174394,"date":"2013-03-07T17:25:20","date_gmt":"2013-03-07T17:25:20","guid":{"rendered":"https:\/\/admin.industriall-union.org\/50-000-bresiliens-manifestent-en-faveur-des-droits-du-travail\/"},"modified":"2025-02-08T13:46:41","modified_gmt":"2025-02-08T13:46:41","slug":"50-000-bresiliens-manifestent-en-faveur-des-droits-du-travail","status":"publish","type":"article","link":"https:\/\/admin.industriall-union.org\/fr\/50-000-bresiliens-manifestent-en-faveur-des-droits-du-travail\/","title":{"rendered":"50.000 Br\u00e9siliens manifestent en faveur des droits du travail"},"content":{"rendered":"<p>Plus de 50.000 manifestant(e)s ont d\u00e9fil\u00e9, mercredi 6 mars, jusqu&#039;\u00e0 l&#039;Esplanade des minist\u00e8res \u00e0 Brasilia, la capitale du Br\u00e9sil, pour soutenir les revendications de la classe ouvri\u00e8re pour des investissements publics plus importants dans l&#039;infrastructure et les services sociaux, un march\u00e9 int\u00e9rieur plus fort, la redistribution des revenus, et contre les attaques d&rsquo;inspiration n\u00e9o-lib\u00e9rale sur les droits du travail.<\/p><p>Avec la participation des \u00e9coles de samba et de groupes de danseurs de Bahia, la septi\u00e8me marche des centrales syndicales et des mouvements sociaux pour la citoyennet\u00e9, le d\u00e9veloppement et la reconnaissance de la valeur du travail, a rendu hommage au pr\u00e9sident v\u00e9n\u00e9zu\u00e9lien, Hugo Ch\u00e1vez, d\u00e9c\u00e9d\u00e9 r\u00e9cemment. Les travailleurs et travailleuses ont \u00e9galement assist\u00e9 \u00e0 la veill\u00e9e fun\u00e8bre devant l&#039;ambassade du Venezuela en l&rsquo;honneur du pr\u00e9sident Chavez, que les manifestant(e)s ont appel\u00e9 &quot;le plus grand d\u00e9fenseur des causes ouvri\u00e8res&quot;.<\/p><p>Le d\u00e9fil\u00e9, qui a mis plus de trois heures pour atteindre le Congr\u00e8s national, \u00e9tait organis\u00e9 par des syndicats affili\u00e9s \u00e0 Central \u00danica de los Trabajadores (CUT), For\u00e7a Sindical, Central de los Trabajadores y Trabajadoras de Brasil (CTB), Uni\u00f3n General de los Trabajadores (UGT), the Nueva Central Sindical de Trabajadores (NCST) et Central General de los Trabajadores de Brasil (CGTB).<\/p><p>La plupart des syndicats affili\u00e9s \u00e0 IndustriALL Global Union dans les secteurs de la m\u00e9tallurgie, du textile et des chaussures, des produits chimiques et pharmaceutiques, du p\u00e9trole, du papier et des mati\u00e8res plastiques, sont \u00e9galement affili\u00e9s \u00e0 For\u00e7a Sindical ou \u00e0 la CUT. Les deux centrales syndicales sont en faveur de l&#039;unit\u00e9 du mouvement syndical, \u00e9l\u00e9ment moteur du d\u00e9fil\u00e9 qui r\u00e9unissait 50.000 manifestant(e)s, compos\u00e9s d&#039;ouvriers, d&rsquo;\u00e9tudiants, d&#039;hommes et de femmes, en bref, du peuple br\u00e9silien.&nbsp; &nbsp;<\/p><p>Les syndicats ont pr\u00e9sent\u00e9 des revendications suivantes:<\/p><ul><li>la semaine de 40 heures sans r\u00e9duction salariale<\/li><li>la fin des r\u00e9ductions de la valeur des retraites<\/li><li>l&#039;\u00e9galit\u00e9 des chances pour les hommes et les femmes<\/li><li>un soutien pour les retrait\u00e9s<\/li><li>10% du PIB affect\u00e9s \u00e0 l&#039;\u00e9ducation<\/li><li>10% du budget national affect\u00e9s \u00e0 la sant\u00e9<\/li><li>une modification des taux d&#039;imposition sur le revenu<\/li><li>la ratification de la convention 158 de l&#039;OIT<\/li><li>le r\u00e8glement de la convention 151 de l&#039;OIT<\/li><li>davantage d&#039;investissements publics<\/li><\/ul>","protected":false},"featured_media":0,"template":"","issues":[396,412],"companies":[],"regions":[261],"sectors":[],"article_tags":[],"class_list":["post-174394","article","type-article","status-publish","hentry","issues-building-strong-unions","issues-social-justice-and-globalization","regions-brazil"],"acf":[],"yoast_head":"<!-- This site is optimized with the Yoast SEO Premium plugin v27.1 (Yoast SEO v27.1) - https:\/\/yoast.com\/product\/yoast-seo-premium-wordpress\/ -->\n<title>50.000 Br\u00e9siliens manifestent en faveur des droits du travail - industriall-union<\/title>\n<meta name=\"description\" content=\"Plus de 50.000 manifestant(e)s ont d\u00e9fil\u00e9, mercredi 6 mars, jusqu&#039;\u00e0 l&#039;Esplanade des minist\u00e8res \u00e0 Brasilia, la capitale du Br\u00e9sil, pour soutenir\" \/>\n<meta name=\"robots\" content=\"index, follow, max-snippet:-1, max-image-preview:large, max-video-preview:-1\" \/>\n<link rel=\"canonical\" href=\"https:\/\/admin.industriall-union.org\/fr\/50-000-bresiliens-manifestent-en-faveur-des-droits-du-travail\/\" \/>\n<meta property=\"og:locale\" content=\"fr_FR\" \/>\n<meta property=\"og:type\" content=\"article\" \/>\n<meta property=\"og:title\" content=\"50.000 Br\u00e9siliens manifestent en faveur des droits du travail\" \/>\n<meta property=\"og:description\" content=\"Plus de 50.000 manifestant(e)s ont d\u00e9fil\u00e9, mercredi 6 mars, jusqu&#039;\u00e0 l&#039;Esplanade des minist\u00e8res \u00e0 Brasilia, la capitale du Br\u00e9sil, pour soutenir\" \/>\n<meta property=\"og:url\" content=\"https:\/\/admin.industriall-union.org\/fr\/50-000-bresiliens-manifestent-en-faveur-des-droits-du-travail\/\" \/>\n<meta property=\"og:site_name\" content=\"industriall-union\" \/>\n<meta property=\"article:modified_time\" content=\"2025-02-08T13:46:41+00:00\" \/>\n<meta name=\"twitter:card\" content=\"summary_large_image\" \/>\n<meta name=\"twitter:label1\" content=\"Est. reading time\" \/>\n\t<meta name=\"twitter:data1\" content=\"2 minutes\" \/>\n<script type=\"application\/ld+json\" class=\"yoast-schema-graph\">{\"@context\":\"https:\/\/schema.org\",\"@graph\":[{\"@type\":\"WebPage\",\"@id\":\"https:\/\/admin.industriall-union.org\/fr\/50-000-bresiliens-manifestent-en-faveur-des-droits-du-travail\/\",\"url\":\"https:\/\/admin.industriall-union.org\/fr\/50-000-bresiliens-manifestent-en-faveur-des-droits-du-travail\/\",\"name\":\"50.000 Br\u00e9siliens manifestent en faveur des droits du travail - industriall-union\",\"isPartOf\":{\"@id\":\"https:\/\/admin.industriall-union.org\/#website\"},\"datePublished\":\"2013-03-07T17:25:20+00:00\",\"dateModified\":\"2025-02-08T13:46:41+00:00\",\"description\":\"Plus de 50.000 manifestant(e)s ont d\u00e9fil\u00e9, mercredi 6 mars, jusqu&#039;\u00e0 l&#039;Esplanade des minist\u00e8res \u00e0 Brasilia, la capitale du Br\u00e9sil, pour soutenir\",\"breadcrumb\":{\"@id\":\"https:\/\/admin.industriall-union.org\/fr\/50-000-bresiliens-manifestent-en-faveur-des-droits-du-travail\/#breadcrumb\"},\"inLanguage\":\"fr-FR\",\"potentialAction\":[{\"@type\":\"ReadAction\",\"target\":[\"https:\/\/admin.industriall-union.org\/fr\/50-000-bresiliens-manifestent-en-faveur-des-droits-du-travail\/\"]}]},{\"@type\":\"BreadcrumbList\",\"@id\":\"https:\/\/admin.industriall-union.org\/fr\/50-000-bresiliens-manifestent-en-faveur-des-droits-du-travail\/#breadcrumb\",\"itemListElement\":[{\"@type\":\"ListItem\",\"position\":1,\"name\":\"Home\",\"item\":\"https:\/\/admin.industriall-union.org\/\"},{\"@type\":\"ListItem\",\"position\":2,\"name\":\"Articles\",\"item\":\"https:\/\/admin.industriall-union.org\/article\/\"},{\"@type\":\"ListItem\",\"position\":3,\"name\":\"50.000 Br\u00e9siliens manifestent en faveur des droits du travail\"}]},{\"@type\":\"WebSite\",\"@id\":\"https:\/\/admin.industriall-union.org\/#website\",\"url\":\"https:\/\/admin.industriall-union.org\/\",\"name\":\"industriall-union\",\"description\":\"\",\"potentialAction\":[{\"@type\":\"SearchAction\",\"target\":{\"@type\":\"EntryPoint\",\"urlTemplate\":\"https:\/\/admin.industriall-union.org\/?s={search_term_string}\"},\"query-input\":{\"@type\":\"PropertyValueSpecification\",\"valueRequired\":true,\"valueName\":\"search_term_string\"}}],\"inLanguage\":\"fr-FR\"}]}<\/script>\n<!-- \/ Yoast SEO Premium plugin. -->","yoast_head_json":{"title":"50.000 Br\u00e9siliens manifestent en faveur des droits du travail - industriall-union","description":"Plus de 50.000 manifestant(e)s ont d\u00e9fil\u00e9, mercredi 6 mars, jusqu&#039;\u00e0 l&#039;Esplanade des minist\u00e8res \u00e0 Brasilia, la capitale du Br\u00e9sil, pour soutenir","robots":{"index":"index","follow":"follow","max-snippet":"max-snippet:-1","max-image-preview":"max-image-preview:large","max-video-preview":"max-video-preview:-1"},"canonical":"https:\/\/admin.industriall-union.org\/fr\/50-000-bresiliens-manifestent-en-faveur-des-droits-du-travail\/","og_locale":"fr_FR","og_type":"article","og_title":"50.000 Br\u00e9siliens manifestent en faveur des droits du travail","og_description":"Plus de 50.000 manifestant(e)s ont d\u00e9fil\u00e9, mercredi 6 mars, jusqu&#039;\u00e0 l&#039;Esplanade des minist\u00e8res \u00e0 Brasilia, la capitale du Br\u00e9sil, pour soutenir","og_url":"https:\/\/admin.industriall-union.org\/fr\/50-000-bresiliens-manifestent-en-faveur-des-droits-du-travail\/","og_site_name":"industriall-union","article_modified_time":"2025-02-08T13:46:41+00:00","twitter_card":"summary_large_image","twitter_misc":{"Est. reading time":"2 minutes"},"schema":{"@context":"https:\/\/schema.org","@graph":[{"@type":"WebPage","@id":"https:\/\/admin.industriall-union.org\/fr\/50-000-bresiliens-manifestent-en-faveur-des-droits-du-travail\/","url":"https:\/\/admin.industriall-union.org\/fr\/50-000-bresiliens-manifestent-en-faveur-des-droits-du-travail\/","name":"50.000 Br\u00e9siliens manifestent en faveur des droits du travail - industriall-union","isPartOf":{"@id":"https:\/\/admin.industriall-union.org\/#website"},"datePublished":"2013-03-07T17:25:20+00:00","dateModified":"2025-02-08T13:46:41+00:00","description":"Plus de 50.000 manifestant(e)s ont d\u00e9fil\u00e9, mercredi 6 mars, jusqu&#039;\u00e0 l&#039;Esplanade des minist\u00e8res \u00e0 Brasilia, la capitale du Br\u00e9sil, pour soutenir","breadcrumb":{"@id":"https:\/\/admin.industriall-union.org\/fr\/50-000-bresiliens-manifestent-en-faveur-des-droits-du-travail\/#breadcrumb"},"inLanguage":"fr-FR","potentialAction":[{"@type":"ReadAction","target":["https:\/\/admin.industriall-union.org\/fr\/50-000-bresiliens-manifestent-en-faveur-des-droits-du-travail\/"]}]},{"@type":"BreadcrumbList","@id":"https:\/\/admin.industriall-union.org\/fr\/50-000-bresiliens-manifestent-en-faveur-des-droits-du-travail\/#breadcrumb","itemListElement":[{"@type":"ListItem","position":1,"name":"Home","item":"https:\/\/admin.industriall-union.org\/"},{"@type":"ListItem","position":2,"name":"Articles","item":"https:\/\/admin.industriall-union.org\/article\/"},{"@type":"ListItem","position":3,"name":"50.000 Br\u00e9siliens manifestent en faveur des droits du travail"}]},{"@type":"WebSite","@id":"https:\/\/admin.industriall-union.org\/#website","url":"https:\/\/admin.industriall-union.org\/","name":"industriall-union","description":"","potentialAction":[{"@type":"SearchAction","target":{"@type":"EntryPoint","urlTemplate":"https:\/\/admin.industriall-union.org\/?s={search_term_string}"},"query-input":{"@type":"PropertyValueSpecification","valueRequired":true,"valueName":"search_term_string"}}],"inLanguage":"fr-FR"}]}},"_links":{"self":[{"href":"https:\/\/admin.industriall-union.org\/fr\/wp-json\/wp\/v2\/article\/174394","targetHints":{"allow":["GET"]}}],"collection":[{"href":"https:\/\/admin.industriall-union.org\/fr\/wp-json\/wp\/v2\/article"}],"about":[{"href":"https:\/\/admin.industriall-union.org\/fr\/wp-json\/wp\/v2\/types\/article"}],"wp:attachment":[{"href":"https:\/\/admin.industriall-union.org\/fr\/wp-json\/wp\/v2\/media?parent=174394"}],"wp:term":[{"taxonomy":"issues","embeddable":true,"href":"https:\/\/admin.industriall-union.org\/fr\/wp-json\/wp\/v2\/issues?post=174394"},{"taxonomy":"companies","embeddable":true,"href":"https:\/\/admin.industriall-union.org\/fr\/wp-json\/wp\/v2\/companies?post=174394"},{"taxonomy":"regions","embeddable":true,"href":"https:\/\/admin.industriall-union.org\/fr\/wp-json\/wp\/v2\/regions?post=174394"},{"taxonomy":"sectors","embeddable":true,"href":"https:\/\/admin.industriall-union.org\/fr\/wp-json\/wp\/v2\/sectors?post=174394"},{"taxonomy":"article_tags","embeddable":true,"href":"https:\/\/admin.industriall-union.org\/fr\/wp-json\/wp\/v2\/article_tags?post=174394"}],"curies":[{"name":"wp","href":"https:\/\/api.w.org\/{rel}","templated":true}]}}