{"id":174374,"date":"2013-03-14T13:10:00","date_gmt":"2013-03-14T13:10:00","guid":{"rendered":"https:\/\/admin.industriall-union.org\/manifestation-des-travailleurs-sri-lankais-de-la-confection-pour-le-maintien-des-emplois\/"},"modified":"2025-02-08T13:38:41","modified_gmt":"2025-02-08T13:38:41","slug":"manifestation-des-travailleurs-sri-lankais-de-la-confection-pour-le-maintien-des-emplois","status":"publish","type":"article","link":"https:\/\/admin.industriall-union.org\/fr\/manifestation-des-travailleurs-sri-lankais-de-la-confection-pour-le-maintien-des-emplois\/","title":{"rendered":"Manifestation des travailleurs sri lankais de la confection pour le maintien des emplois"},"content":{"rendered":"<p>Le syndicat interprofessionnel des salari\u00e9s et des zones de libre \u00e9change FTZ-GSEU a demand\u00e9 au gouvernement de porter une attention particuli\u00e8re aux faux investisseurs qui trompent les travailleuses et travailleurs au Sri Lanka avant de s&rsquo;enfuir du pays sans payer les salaires et en mettant des milliers de personnes au ch\u00f4mage et dans la mis\u00e8re. Le gouvernement sri lankais n&rsquo;a pas fait un effort suffisant pour \u00e9laborer une strat\u00e9gie de maintien de l&rsquo;industrie de la confection, bien que cette industrie repr\u00e9sente 60% des exportations du pays.<\/p><p>Les travailleuses et travailleurs de la confection au Sri Lanka ont souvent fait d&rsquo;\u00e9normes sacrifices pour quitter leurs logements et leurs emplois dans des plantations de th\u00e9 pour travailler dans des usines de confection. IndustriALL se joint \u00e0 FTZ-GSEU pour demander au gouvernement sri lankais et au pr\u00e9sident Mahinda Rajapaksa de prendre des mesures pour prot\u00e9ger ces personnes vuln\u00e9rables.<\/p><p>IndustriALL a particip\u00e9 le 10 mars \u00e0 une manifestation et transmis son message de solidarit\u00e9 internationale pour le combat men\u00e9 par les travailleuses et travailleurs pour garder leurs emplois. Prenant la parole lors de la manifestation, IndustriALL a exprim\u00e9 l&rsquo;importance vitale de la solidarit\u00e9 internationale entre travailleuses et travailleurs.<\/p><blockquote><p>On a trop tendance dans le monde quand des syndicats se battent pour am\u00e9liorer les conditions \u00e9pouvantables des travailleuses et travailleurs de la confection, \u00e0 entendre les marques et les fournisseurs menacer de quitter le pays. C&rsquo;est ce qui se passe au Cambodge o\u00f9 les gens travaillent jusqu&rsquo;\u00e0 l&rsquo;\u00e9puisement sans pouvoir se nourrir suffisamment en raison de leurs bas salaires, au Lesotho o\u00f9 les femmes se voient d\u00e9ni\u00e9 les droits li\u00e9s \u00e0 la naissance d&rsquo;un enfant et n&rsquo;ont qu&rsquo;une semaine de cong\u00e9 de maternit\u00e9, au Bangladesh et au Pakistan o\u00f9 les travailleuses et travailleurs se rendent chaque matin dans un v\u00e9ritable pi\u00e8ge mortel sans savoir ce qui adviendra d&rsquo;elles dans le travail. Pour mettre fin aux mauvais traitements subis par les travailleuses et travailleurs de la confection, et \u00e0 la fuite des marques et des fournisseurs vers les pays qui offrent les conditions de travail les plus mauvaises, IndustriALL veut obtenir un renforcement de la coalition internationale et de la solidarit\u00e9 pour les travailleuses et travailleurs de ce secteur. IndustriALL demande aux travailleuses et travailleurs de la confection de parler d&rsquo;une seule voix pour exiger de meilleures conditions.<\/p><\/blockquote>","protected":false},"featured_media":0,"template":"","issues":[406,422,412],"companies":[],"regions":[189],"sectors":[465],"article_tags":[],"class_list":["post-174374","article","type-article","status-publish","hentry","issues-confronting-global-capital","issues-human-trade-union-rights","issues-social-justice-and-globalization","regions-sri-lanka","sectors-garment"],"acf":[],"yoast_head":"<!-- This site is optimized with the Yoast SEO Premium plugin v27.1 (Yoast SEO v27.1) - https:\/\/yoast.com\/product\/yoast-seo-premium-wordpress\/ -->\n<title>Manifestation des travailleurs sri lankais de la confection pour le maintien des emplois - industriall-union<\/title>\n<meta name=\"description\" content=\"Le syndicat interprofessionnel des salari\u00e9s et des zones de libre \u00e9change FTZ-GSEU a demand\u00e9 au gouvernement de porter une attention particuli\u00e8re aux faux\" \/>\n<meta name=\"robots\" content=\"index, follow, max-snippet:-1, max-image-preview:large, max-video-preview:-1\" \/>\n<link rel=\"canonical\" href=\"https:\/\/admin.industriall-union.org\/fr\/manifestation-des-travailleurs-sri-lankais-de-la-confection-pour-le-maintien-des-emplois\/\" \/>\n<meta property=\"og:locale\" content=\"fr_FR\" \/>\n<meta property=\"og:type\" content=\"article\" \/>\n<meta property=\"og:title\" content=\"Manifestation des travailleurs sri lankais de la confection pour le maintien des emplois\" \/>\n<meta property=\"og:description\" content=\"Le syndicat interprofessionnel des salari\u00e9s et des zones de libre \u00e9change FTZ-GSEU a demand\u00e9 au gouvernement de porter une attention particuli\u00e8re aux faux\" \/>\n<meta property=\"og:url\" content=\"https:\/\/admin.industriall-union.org\/fr\/manifestation-des-travailleurs-sri-lankais-de-la-confection-pour-le-maintien-des-emplois\/\" \/>\n<meta property=\"og:site_name\" content=\"industriall-union\" \/>\n<meta property=\"article:modified_time\" content=\"2025-02-08T13:38:41+00:00\" \/>\n<meta name=\"twitter:card\" content=\"summary_large_image\" \/>\n<meta name=\"twitter:label1\" content=\"Est. reading time\" \/>\n\t<meta name=\"twitter:data1\" content=\"2 minutes\" \/>\n<script type=\"application\/ld+json\" class=\"yoast-schema-graph\">{\"@context\":\"https:\/\/schema.org\",\"@graph\":[{\"@type\":\"WebPage\",\"@id\":\"https:\/\/admin.industriall-union.org\/fr\/manifestation-des-travailleurs-sri-lankais-de-la-confection-pour-le-maintien-des-emplois\/\",\"url\":\"https:\/\/admin.industriall-union.org\/fr\/manifestation-des-travailleurs-sri-lankais-de-la-confection-pour-le-maintien-des-emplois\/\",\"name\":\"Manifestation des travailleurs sri lankais de la confection pour le maintien des emplois - industriall-union\",\"isPartOf\":{\"@id\":\"https:\/\/admin.industriall-union.org\/#website\"},\"datePublished\":\"2013-03-14T13:10:00+00:00\",\"dateModified\":\"2025-02-08T13:38:41+00:00\",\"description\":\"Le syndicat interprofessionnel des salari\u00e9s et des zones de libre \u00e9change FTZ-GSEU a demand\u00e9 au gouvernement de porter une attention particuli\u00e8re aux faux\",\"breadcrumb\":{\"@id\":\"https:\/\/admin.industriall-union.org\/fr\/manifestation-des-travailleurs-sri-lankais-de-la-confection-pour-le-maintien-des-emplois\/#breadcrumb\"},\"inLanguage\":\"fr-FR\",\"potentialAction\":[{\"@type\":\"ReadAction\",\"target\":[\"https:\/\/admin.industriall-union.org\/fr\/manifestation-des-travailleurs-sri-lankais-de-la-confection-pour-le-maintien-des-emplois\/\"]}]},{\"@type\":\"BreadcrumbList\",\"@id\":\"https:\/\/admin.industriall-union.org\/fr\/manifestation-des-travailleurs-sri-lankais-de-la-confection-pour-le-maintien-des-emplois\/#breadcrumb\",\"itemListElement\":[{\"@type\":\"ListItem\",\"position\":1,\"name\":\"Home\",\"item\":\"https:\/\/admin.industriall-union.org\/\"},{\"@type\":\"ListItem\",\"position\":2,\"name\":\"Articles\",\"item\":\"https:\/\/admin.industriall-union.org\/article\/\"},{\"@type\":\"ListItem\",\"position\":3,\"name\":\"Manifestation des travailleurs sri lankais de la confection pour le maintien des emplois\"}]},{\"@type\":\"WebSite\",\"@id\":\"https:\/\/admin.industriall-union.org\/#website\",\"url\":\"https:\/\/admin.industriall-union.org\/\",\"name\":\"industriall-union\",\"description\":\"\",\"potentialAction\":[{\"@type\":\"SearchAction\",\"target\":{\"@type\":\"EntryPoint\",\"urlTemplate\":\"https:\/\/admin.industriall-union.org\/?s={search_term_string}\"},\"query-input\":{\"@type\":\"PropertyValueSpecification\",\"valueRequired\":true,\"valueName\":\"search_term_string\"}}],\"inLanguage\":\"fr-FR\"}]}<\/script>\n<!-- \/ Yoast SEO Premium plugin. -->","yoast_head_json":{"title":"Manifestation des travailleurs sri lankais de la confection pour le maintien des emplois - industriall-union","description":"Le syndicat interprofessionnel des salari\u00e9s et des zones de libre \u00e9change FTZ-GSEU a demand\u00e9 au gouvernement de porter une attention particuli\u00e8re aux faux","robots":{"index":"index","follow":"follow","max-snippet":"max-snippet:-1","max-image-preview":"max-image-preview:large","max-video-preview":"max-video-preview:-1"},"canonical":"https:\/\/admin.industriall-union.org\/fr\/manifestation-des-travailleurs-sri-lankais-de-la-confection-pour-le-maintien-des-emplois\/","og_locale":"fr_FR","og_type":"article","og_title":"Manifestation des travailleurs sri lankais de la confection pour le maintien des emplois","og_description":"Le syndicat interprofessionnel des salari\u00e9s et des zones de libre \u00e9change FTZ-GSEU a demand\u00e9 au gouvernement de porter une attention particuli\u00e8re aux faux","og_url":"https:\/\/admin.industriall-union.org\/fr\/manifestation-des-travailleurs-sri-lankais-de-la-confection-pour-le-maintien-des-emplois\/","og_site_name":"industriall-union","article_modified_time":"2025-02-08T13:38:41+00:00","twitter_card":"summary_large_image","twitter_misc":{"Est. reading time":"2 minutes"},"schema":{"@context":"https:\/\/schema.org","@graph":[{"@type":"WebPage","@id":"https:\/\/admin.industriall-union.org\/fr\/manifestation-des-travailleurs-sri-lankais-de-la-confection-pour-le-maintien-des-emplois\/","url":"https:\/\/admin.industriall-union.org\/fr\/manifestation-des-travailleurs-sri-lankais-de-la-confection-pour-le-maintien-des-emplois\/","name":"Manifestation des travailleurs sri lankais de la confection pour le maintien des emplois - industriall-union","isPartOf":{"@id":"https:\/\/admin.industriall-union.org\/#website"},"datePublished":"2013-03-14T13:10:00+00:00","dateModified":"2025-02-08T13:38:41+00:00","description":"Le syndicat interprofessionnel des salari\u00e9s et des zones de libre \u00e9change FTZ-GSEU a demand\u00e9 au gouvernement de porter une attention particuli\u00e8re aux faux","breadcrumb":{"@id":"https:\/\/admin.industriall-union.org\/fr\/manifestation-des-travailleurs-sri-lankais-de-la-confection-pour-le-maintien-des-emplois\/#breadcrumb"},"inLanguage":"fr-FR","potentialAction":[{"@type":"ReadAction","target":["https:\/\/admin.industriall-union.org\/fr\/manifestation-des-travailleurs-sri-lankais-de-la-confection-pour-le-maintien-des-emplois\/"]}]},{"@type":"BreadcrumbList","@id":"https:\/\/admin.industriall-union.org\/fr\/manifestation-des-travailleurs-sri-lankais-de-la-confection-pour-le-maintien-des-emplois\/#breadcrumb","itemListElement":[{"@type":"ListItem","position":1,"name":"Home","item":"https:\/\/admin.industriall-union.org\/"},{"@type":"ListItem","position":2,"name":"Articles","item":"https:\/\/admin.industriall-union.org\/article\/"},{"@type":"ListItem","position":3,"name":"Manifestation des travailleurs sri lankais de la confection pour le maintien des emplois"}]},{"@type":"WebSite","@id":"https:\/\/admin.industriall-union.org\/#website","url":"https:\/\/admin.industriall-union.org\/","name":"industriall-union","description":"","potentialAction":[{"@type":"SearchAction","target":{"@type":"EntryPoint","urlTemplate":"https:\/\/admin.industriall-union.org\/?s={search_term_string}"},"query-input":{"@type":"PropertyValueSpecification","valueRequired":true,"valueName":"search_term_string"}}],"inLanguage":"fr-FR"}]}},"_links":{"self":[{"href":"https:\/\/admin.industriall-union.org\/fr\/wp-json\/wp\/v2\/article\/174374","targetHints":{"allow":["GET"]}}],"collection":[{"href":"https:\/\/admin.industriall-union.org\/fr\/wp-json\/wp\/v2\/article"}],"about":[{"href":"https:\/\/admin.industriall-union.org\/fr\/wp-json\/wp\/v2\/types\/article"}],"wp:attachment":[{"href":"https:\/\/admin.industriall-union.org\/fr\/wp-json\/wp\/v2\/media?parent=174374"}],"wp:term":[{"taxonomy":"issues","embeddable":true,"href":"https:\/\/admin.industriall-union.org\/fr\/wp-json\/wp\/v2\/issues?post=174374"},{"taxonomy":"companies","embeddable":true,"href":"https:\/\/admin.industriall-union.org\/fr\/wp-json\/wp\/v2\/companies?post=174374"},{"taxonomy":"regions","embeddable":true,"href":"https:\/\/admin.industriall-union.org\/fr\/wp-json\/wp\/v2\/regions?post=174374"},{"taxonomy":"sectors","embeddable":true,"href":"https:\/\/admin.industriall-union.org\/fr\/wp-json\/wp\/v2\/sectors?post=174374"},{"taxonomy":"article_tags","embeddable":true,"href":"https:\/\/admin.industriall-union.org\/fr\/wp-json\/wp\/v2\/article_tags?post=174374"}],"curies":[{"name":"wp","href":"https:\/\/api.w.org\/{rel}","templated":true}]}}