{"id":174335,"date":"2013-03-20T14:06:27","date_gmt":"2013-03-20T14:06:27","guid":{"rendered":"https:\/\/admin.industriall-union.org\/les-travailleurs-chiliens-du-cuivre-annoncent-une-greve-nationale\/"},"modified":"2025-02-08T13:29:05","modified_gmt":"2025-02-08T13:29:05","slug":"les-travailleurs-chiliens-du-cuivre-annoncent-une-greve-nationale","status":"publish","type":"article","link":"https:\/\/admin.industriall-union.org\/fr\/les-travailleurs-chiliens-du-cuivre-annoncent-une-greve-nationale\/","title":{"rendered":"Les travailleurs chiliens du cuivre annoncent une gr\u00e8ve nationale"},"content":{"rendered":"<p>\u00c0 la fin d&rsquo;un congr\u00e8s extraordinaire de la f\u00e9d\u00e9ration, vendredi 15 mars, Raimundo Espinoza, pr\u00e9sident de la FTC et membre du Comit\u00e9 ex\u00e9cutif de IndustriALL, a annonc\u00e9 que la gr\u00e8ve aura lieu dans les 30 prochains jours. Des r\u00e9unions de planification de la gr\u00e8ve commenceront jeudi \u00e0 la division Chuquicamata et se poursuivront avec des r\u00e9unions dans d&rsquo;autres unit\u00e9s du pays.<\/p><p>La FTC a publi\u00e9 un communiqu\u00e9 dans lequel elle annonce avoir interrompu ses relations avec l&rsquo;entreprise du fait qu&rsquo;elle \u00e9tait lasse de l&rsquo;attitude autoritaire de sa direction, de son arrogance et de l&rsquo;impudeur avec laquelle elle traite son personnel et le pays. Le syndicat regrette les erreurs commises par la direction de l&rsquo;entreprise, la privatisation de son r\u00e9gime de sant\u00e9, l&rsquo;externalisation de certains emplois et l&rsquo;incapacit\u00e9 de l&rsquo;entreprise \u00e0 d\u00e9velopper le potentiel de ses mines.<\/p><p>Espinoza a d\u00e9clar\u00e9 que le syndicat ne reviendra pas sur sa d\u00e9cision de faire gr\u00e8ve, qui durera 24 heures et pourra \u00eatre \u00e9tendue en fonction de la r\u00e9ponse de l&rsquo;entreprise. Le communiqu\u00e9 du syndicat affirme:<\/p><p>&ldquo;Nous demandons une nouvelle politique mini\u00e8re et \u00e9nerg\u00e9tique authentique pour le Chili. Nous demandons le respect total de nos droits et de nos accords, notamment le droit fondamental \u00e0 la sant\u00e9. Nous demandons que la direction de CODELCO revienne sur sa d\u00e9cision qui consiste \u00e0 lancer secr\u00e8tement des offres de privatisation des services de sant\u00e9&rdquo;.<\/p><p>La FTC va maintenant porter son attention sur le d\u00e9veloppement de son plan d&rsquo;action et \u00e0 maintenir un front unifi\u00e9 avec la centrale syndicale CUT, les f\u00e9d\u00e9rations et les syndicats des secteurs strat\u00e9giques des mines, de l&rsquo;\u00e9nergie et de la fabrication industrielle, ainsi qu&rsquo;avec le mouvement syndical international par le biais de IndustriALL Global Union. Elle va \u00e9galement coordonner une action avec des secteurs de la soci\u00e9t\u00e9 civile, notamment avec les \u00e9tudiant(e)s, les mouvements r\u00e9gionaux, les groupes de d\u00e9fense de l&rsquo;environnement et les associations de retrait\u00e9(e)s.<\/p>","protected":false},"featured_media":0,"template":"","issues":[],"companies":[],"regions":[263],"sectors":[495],"article_tags":[529],"class_list":["post-174335","article","type-article","status-publish","hentry","regions-chile","sectors-mining","article_tags-strike"],"acf":[],"yoast_head":"<!-- This site is optimized with the Yoast SEO Premium plugin v27.1 (Yoast SEO v27.1) - https:\/\/yoast.com\/product\/yoast-seo-premium-wordpress\/ -->\n<title>Les travailleurs chiliens du cuivre annoncent une gr\u00e8ve nationale - industriall-union<\/title>\n<meta name=\"description\" content=\"\u00c0 la fin d&rsquo;un congr\u00e8s extraordinaire de la f\u00e9d\u00e9ration, vendredi 15 mars, Raimundo Espinoza, pr\u00e9sident de la FTC et membre du Comit\u00e9 ex\u00e9cutif de\" \/>\n<meta name=\"robots\" content=\"index, follow, max-snippet:-1, max-image-preview:large, max-video-preview:-1\" \/>\n<link rel=\"canonical\" href=\"https:\/\/admin.industriall-union.org\/fr\/les-travailleurs-chiliens-du-cuivre-annoncent-une-greve-nationale\/\" \/>\n<meta property=\"og:locale\" content=\"fr_FR\" \/>\n<meta property=\"og:type\" content=\"article\" \/>\n<meta property=\"og:title\" content=\"Les travailleurs chiliens du cuivre annoncent une gr\u00e8ve nationale\" \/>\n<meta property=\"og:description\" content=\"\u00c0 la fin d&rsquo;un congr\u00e8s extraordinaire de la f\u00e9d\u00e9ration, vendredi 15 mars, Raimundo Espinoza, pr\u00e9sident de la FTC et membre du Comit\u00e9 ex\u00e9cutif de\" \/>\n<meta property=\"og:url\" content=\"https:\/\/admin.industriall-union.org\/fr\/les-travailleurs-chiliens-du-cuivre-annoncent-une-greve-nationale\/\" \/>\n<meta property=\"og:site_name\" content=\"industriall-union\" \/>\n<meta property=\"article:modified_time\" content=\"2025-02-08T13:29:05+00:00\" \/>\n<meta name=\"twitter:card\" content=\"summary_large_image\" \/>\n<meta name=\"twitter:label1\" content=\"Est. reading time\" \/>\n\t<meta name=\"twitter:data1\" content=\"2 minutes\" \/>\n<script type=\"application\/ld+json\" class=\"yoast-schema-graph\">{\"@context\":\"https:\/\/schema.org\",\"@graph\":[{\"@type\":\"WebPage\",\"@id\":\"https:\/\/admin.industriall-union.org\/fr\/les-travailleurs-chiliens-du-cuivre-annoncent-une-greve-nationale\/\",\"url\":\"https:\/\/admin.industriall-union.org\/fr\/les-travailleurs-chiliens-du-cuivre-annoncent-une-greve-nationale\/\",\"name\":\"Les travailleurs chiliens du cuivre annoncent une gr\u00e8ve nationale - industriall-union\",\"isPartOf\":{\"@id\":\"https:\/\/admin.industriall-union.org\/#website\"},\"datePublished\":\"2013-03-20T14:06:27+00:00\",\"dateModified\":\"2025-02-08T13:29:05+00:00\",\"description\":\"\u00c0 la fin d&rsquo;un congr\u00e8s extraordinaire de la f\u00e9d\u00e9ration, vendredi 15 mars, Raimundo Espinoza, pr\u00e9sident de la FTC et membre du Comit\u00e9 ex\u00e9cutif de\",\"breadcrumb\":{\"@id\":\"https:\/\/admin.industriall-union.org\/fr\/les-travailleurs-chiliens-du-cuivre-annoncent-une-greve-nationale\/#breadcrumb\"},\"inLanguage\":\"fr-FR\",\"potentialAction\":[{\"@type\":\"ReadAction\",\"target\":[\"https:\/\/admin.industriall-union.org\/fr\/les-travailleurs-chiliens-du-cuivre-annoncent-une-greve-nationale\/\"]}]},{\"@type\":\"BreadcrumbList\",\"@id\":\"https:\/\/admin.industriall-union.org\/fr\/les-travailleurs-chiliens-du-cuivre-annoncent-une-greve-nationale\/#breadcrumb\",\"itemListElement\":[{\"@type\":\"ListItem\",\"position\":1,\"name\":\"Home\",\"item\":\"https:\/\/admin.industriall-union.org\/\"},{\"@type\":\"ListItem\",\"position\":2,\"name\":\"Articles\",\"item\":\"https:\/\/admin.industriall-union.org\/article\/\"},{\"@type\":\"ListItem\",\"position\":3,\"name\":\"Les travailleurs chiliens du cuivre annoncent une gr\u00e8ve nationale\"}]},{\"@type\":\"WebSite\",\"@id\":\"https:\/\/admin.industriall-union.org\/#website\",\"url\":\"https:\/\/admin.industriall-union.org\/\",\"name\":\"industriall-union\",\"description\":\"\",\"potentialAction\":[{\"@type\":\"SearchAction\",\"target\":{\"@type\":\"EntryPoint\",\"urlTemplate\":\"https:\/\/admin.industriall-union.org\/?s={search_term_string}\"},\"query-input\":{\"@type\":\"PropertyValueSpecification\",\"valueRequired\":true,\"valueName\":\"search_term_string\"}}],\"inLanguage\":\"fr-FR\"}]}<\/script>\n<!-- \/ Yoast SEO Premium plugin. -->","yoast_head_json":{"title":"Les travailleurs chiliens du cuivre annoncent une gr\u00e8ve nationale - industriall-union","description":"\u00c0 la fin d&rsquo;un congr\u00e8s extraordinaire de la f\u00e9d\u00e9ration, vendredi 15 mars, Raimundo Espinoza, pr\u00e9sident de la FTC et membre du Comit\u00e9 ex\u00e9cutif de","robots":{"index":"index","follow":"follow","max-snippet":"max-snippet:-1","max-image-preview":"max-image-preview:large","max-video-preview":"max-video-preview:-1"},"canonical":"https:\/\/admin.industriall-union.org\/fr\/les-travailleurs-chiliens-du-cuivre-annoncent-une-greve-nationale\/","og_locale":"fr_FR","og_type":"article","og_title":"Les travailleurs chiliens du cuivre annoncent une gr\u00e8ve nationale","og_description":"\u00c0 la fin d&rsquo;un congr\u00e8s extraordinaire de la f\u00e9d\u00e9ration, vendredi 15 mars, Raimundo Espinoza, pr\u00e9sident de la FTC et membre du Comit\u00e9 ex\u00e9cutif de","og_url":"https:\/\/admin.industriall-union.org\/fr\/les-travailleurs-chiliens-du-cuivre-annoncent-une-greve-nationale\/","og_site_name":"industriall-union","article_modified_time":"2025-02-08T13:29:05+00:00","twitter_card":"summary_large_image","twitter_misc":{"Est. reading time":"2 minutes"},"schema":{"@context":"https:\/\/schema.org","@graph":[{"@type":"WebPage","@id":"https:\/\/admin.industriall-union.org\/fr\/les-travailleurs-chiliens-du-cuivre-annoncent-une-greve-nationale\/","url":"https:\/\/admin.industriall-union.org\/fr\/les-travailleurs-chiliens-du-cuivre-annoncent-une-greve-nationale\/","name":"Les travailleurs chiliens du cuivre annoncent une gr\u00e8ve nationale - industriall-union","isPartOf":{"@id":"https:\/\/admin.industriall-union.org\/#website"},"datePublished":"2013-03-20T14:06:27+00:00","dateModified":"2025-02-08T13:29:05+00:00","description":"\u00c0 la fin d&rsquo;un congr\u00e8s extraordinaire de la f\u00e9d\u00e9ration, vendredi 15 mars, Raimundo Espinoza, pr\u00e9sident de la FTC et membre du Comit\u00e9 ex\u00e9cutif de","breadcrumb":{"@id":"https:\/\/admin.industriall-union.org\/fr\/les-travailleurs-chiliens-du-cuivre-annoncent-une-greve-nationale\/#breadcrumb"},"inLanguage":"fr-FR","potentialAction":[{"@type":"ReadAction","target":["https:\/\/admin.industriall-union.org\/fr\/les-travailleurs-chiliens-du-cuivre-annoncent-une-greve-nationale\/"]}]},{"@type":"BreadcrumbList","@id":"https:\/\/admin.industriall-union.org\/fr\/les-travailleurs-chiliens-du-cuivre-annoncent-une-greve-nationale\/#breadcrumb","itemListElement":[{"@type":"ListItem","position":1,"name":"Home","item":"https:\/\/admin.industriall-union.org\/"},{"@type":"ListItem","position":2,"name":"Articles","item":"https:\/\/admin.industriall-union.org\/article\/"},{"@type":"ListItem","position":3,"name":"Les travailleurs chiliens du cuivre annoncent une gr\u00e8ve nationale"}]},{"@type":"WebSite","@id":"https:\/\/admin.industriall-union.org\/#website","url":"https:\/\/admin.industriall-union.org\/","name":"industriall-union","description":"","potentialAction":[{"@type":"SearchAction","target":{"@type":"EntryPoint","urlTemplate":"https:\/\/admin.industriall-union.org\/?s={search_term_string}"},"query-input":{"@type":"PropertyValueSpecification","valueRequired":true,"valueName":"search_term_string"}}],"inLanguage":"fr-FR"}]}},"_links":{"self":[{"href":"https:\/\/admin.industriall-union.org\/fr\/wp-json\/wp\/v2\/article\/174335","targetHints":{"allow":["GET"]}}],"collection":[{"href":"https:\/\/admin.industriall-union.org\/fr\/wp-json\/wp\/v2\/article"}],"about":[{"href":"https:\/\/admin.industriall-union.org\/fr\/wp-json\/wp\/v2\/types\/article"}],"wp:attachment":[{"href":"https:\/\/admin.industriall-union.org\/fr\/wp-json\/wp\/v2\/media?parent=174335"}],"wp:term":[{"taxonomy":"issues","embeddable":true,"href":"https:\/\/admin.industriall-union.org\/fr\/wp-json\/wp\/v2\/issues?post=174335"},{"taxonomy":"companies","embeddable":true,"href":"https:\/\/admin.industriall-union.org\/fr\/wp-json\/wp\/v2\/companies?post=174335"},{"taxonomy":"regions","embeddable":true,"href":"https:\/\/admin.industriall-union.org\/fr\/wp-json\/wp\/v2\/regions?post=174335"},{"taxonomy":"sectors","embeddable":true,"href":"https:\/\/admin.industriall-union.org\/fr\/wp-json\/wp\/v2\/sectors?post=174335"},{"taxonomy":"article_tags","embeddable":true,"href":"https:\/\/admin.industriall-union.org\/fr\/wp-json\/wp\/v2\/article_tags?post=174335"}],"curies":[{"name":"wp","href":"https:\/\/api.w.org\/{rel}","templated":true}]}}