{"id":174317,"date":"2013-03-21T17:12:55","date_gmt":"2013-03-21T17:12:55","guid":{"rendered":"https:\/\/admin.industriall-union.org\/le-pouvoir-judiciaire-iraquien-persecute-un-syndicat\/"},"modified":"2025-02-08T13:21:43","modified_gmt":"2025-02-08T13:21:43","slug":"le-pouvoir-judiciaire-iraquien-persecute-un-syndicat","status":"publish","type":"article","link":"https:\/\/admin.industriall-union.org\/fr\/le-pouvoir-judiciaire-iraquien-persecute-un-syndicat\/","title":{"rendered":"Le pouvoir judiciaire iraquien pers\u00e9cute un syndicat"},"content":{"rendered":"<p>IndustriALL Global Union exprime sa col\u00e8re sur ce harc\u00e8lement des libert\u00e9s syndicales en Irak. Hassan Juma&rsquo;a a \u00e9t\u00e9 convoqu\u00e9 au tribunal de Basra pour le 20 mars et va maintenant passer en jugement sous l&rsquo;accusation d&rsquo;avoir organis\u00e9 une gr\u00e8ve et une manifestation des travailleurs et travailleuses de la SOC en f\u00e9vrier 2013.&nbsp;<\/p><p>Les <a href=\"http:\/\/www.industriall-union.org\/fr\/manifestation-des-travailleurs-du-petrole-en-irak\">mobilisations de f\u00e9vrier<\/a> des travailleurs et travailleuses de la SOC, membres de l&rsquo;IFOU, \u00e9taient fond\u00e9es. Le personnel en \u00e9tait venu \u00e0 faire gr\u00e8ve car la direction avait rejet\u00e9 \u00e0 maintes reprises les appels au dialogue sur le non paiement des prestations de 2010, 2011 et 2012, le droit au logement, les contrats d&rsquo;emploi permanent et la fin de la corruption&nbsp; dans l&rsquo;entreprise.<\/p><p>Les travailleurs employ\u00e9s sur les gisements de p\u00e9trole de al-Ramlia nord et sud, al-Berjesia, Gharb al-Karna et Bab al-Zubair, se sont rassembl\u00e9s \u00e0 Basra devant l&rsquo;entr\u00e9e principale de l&rsquo;entreprise South Oil Company pour r\u00e9clamer l&rsquo;exclusion des employ\u00e9s corrompus et le renvoi du directeur de l&rsquo;entreprise. Les manifestations ont eu lieu le 13 et le 19 f\u00e9vrier.<\/p><p>Hassan Juma&rsquo;a n&rsquo;a pas organis\u00e9 la gr\u00e8ve, mais il a \u00e9t\u00e9 cibl\u00e9 pour son militantisme syndical, dans le cadre des efforts d\u00e9ploy\u00e9s par le gouvernement pour calomnier et nuire \u00e0 ce dirigeant ainsi qu&rsquo;aux syndicats. Le 20 mars, le tribunal a renvoy\u00e9 l&rsquo;affaire au 7 avril en raison de l&rsquo;absence d&rsquo;un t\u00e9moin et pour permettre \u00e0 Hassan d&rsquo;engager un avocat.&nbsp;Dans le cas o\u00f9 Hassan est d\u00e9clar\u00e9 coupable il risque jusqu&rsquo;\u00e0 cinq ans de prison.<\/p><p>Huit autres travailleurs de la SOC ont \u00e9galement \u00e9t\u00e9 cibl\u00e9s par les services de l&rsquo;inspection g\u00e9n\u00e9rale du minist\u00e8re du P\u00e9trole pour permettre au minist\u00e8re d&rsquo;enqu\u00eater sur leur r\u00f4le dans les manifestations qui ont eu lieu r\u00e9cemment \u00e0 Basra.<\/p><p>La constitution iraquienne garantit la libert\u00e9 syndicale et les manifestations non-violentes. Toutefois au cours des ann\u00e9es, le minist\u00e8re du P\u00e9trole a pris \u00e0 maintes reprises des mesures disciplinaires contre des militants syndicaux. Ces attaques contre la libert\u00e9 syndicale et le droit de syndiquer le personnel et de n\u00e9gocier collectivement refl\u00e8tent l&rsquo;intention du gouvernement iraquien de s&rsquo;en tenir \u00e0 des lois et des politiques r\u00e9pressives datant du r\u00e9gime de Saddam Hussein.<\/p><p>La South Oil Company (SOC) produit plus de 80 pour cent du p\u00e9trole iraquien et d\u00e9tient la haute main sur tout le p\u00e9trole du sud de l&rsquo;Irak.<\/p><p>Il est indispensable de promulguer de toute urgence une loi du travail juste et \u00e9quitable, conforme aux normes de l&rsquo;OIT, qui respecte les droits des travailleurs et travailleuses et garantit la libert\u00e9 des organisations syndicales, des r\u00e9unions, des manifestations et des gr\u00e8ves, et assure une participation de tous les syndicats en Irak aux discussions concernant une telle loi.<\/p><p>IndustriALL Global Union accorde son soutien au mouvement syndical iraquien et demande \u00e0 ses affili\u00e9s de condamner toutes les tentatives du gouvernement iraquien pour pi\u00e9tiner les droits syndicaux.<\/p>","protected":false},"featured_media":0,"template":"","issues":[424,425],"companies":[],"regions":[293],"sectors":[483],"article_tags":[513],"class_list":["post-174317","article","type-article","status-publish","hentry","issues-violation","issues-workers-rights","regions-iraq","sectors-energy-oil-gas-electricity-and-nuclear","article_tags-labour-laws"],"acf":[],"yoast_head":"<!-- This site is optimized with the Yoast SEO Premium plugin v27.1 (Yoast SEO v27.1) - https:\/\/yoast.com\/product\/yoast-seo-premium-wordpress\/ -->\n<title>Le pouvoir judiciaire iraquien pers\u00e9cute un syndicat - industriall-union<\/title>\n<meta name=\"description\" content=\"IndustriALL Global Union exprime sa col\u00e8re sur ce harc\u00e8lement des libert\u00e9s syndicales en Irak. Hassan Juma&rsquo;a a \u00e9t\u00e9 convoqu\u00e9 au tribunal de Basra\" \/>\n<meta name=\"robots\" content=\"index, follow, max-snippet:-1, max-image-preview:large, max-video-preview:-1\" \/>\n<link rel=\"canonical\" href=\"https:\/\/admin.industriall-union.org\/fr\/le-pouvoir-judiciaire-iraquien-persecute-un-syndicat\/\" \/>\n<meta property=\"og:locale\" content=\"fr_FR\" \/>\n<meta property=\"og:type\" content=\"article\" \/>\n<meta property=\"og:title\" content=\"Le pouvoir judiciaire iraquien pers\u00e9cute un syndicat\" \/>\n<meta property=\"og:description\" content=\"IndustriALL Global Union exprime sa col\u00e8re sur ce harc\u00e8lement des libert\u00e9s syndicales en Irak. Hassan Juma&rsquo;a a \u00e9t\u00e9 convoqu\u00e9 au tribunal de Basra\" \/>\n<meta property=\"og:url\" content=\"https:\/\/admin.industriall-union.org\/fr\/le-pouvoir-judiciaire-iraquien-persecute-un-syndicat\/\" \/>\n<meta property=\"og:site_name\" content=\"industriall-union\" \/>\n<meta property=\"article:modified_time\" content=\"2025-02-08T13:21:43+00:00\" \/>\n<meta name=\"twitter:card\" content=\"summary_large_image\" \/>\n<meta name=\"twitter:label1\" content=\"Est. reading time\" \/>\n\t<meta name=\"twitter:data1\" content=\"3 minutes\" \/>\n<script type=\"application\/ld+json\" class=\"yoast-schema-graph\">{\"@context\":\"https:\/\/schema.org\",\"@graph\":[{\"@type\":\"WebPage\",\"@id\":\"https:\/\/admin.industriall-union.org\/fr\/le-pouvoir-judiciaire-iraquien-persecute-un-syndicat\/\",\"url\":\"https:\/\/admin.industriall-union.org\/fr\/le-pouvoir-judiciaire-iraquien-persecute-un-syndicat\/\",\"name\":\"Le pouvoir judiciaire iraquien pers\u00e9cute un syndicat - industriall-union\",\"isPartOf\":{\"@id\":\"https:\/\/admin.industriall-union.org\/#website\"},\"datePublished\":\"2013-03-21T17:12:55+00:00\",\"dateModified\":\"2025-02-08T13:21:43+00:00\",\"description\":\"IndustriALL Global Union exprime sa col\u00e8re sur ce harc\u00e8lement des libert\u00e9s syndicales en Irak. Hassan Juma&rsquo;a a \u00e9t\u00e9 convoqu\u00e9 au tribunal de Basra\",\"breadcrumb\":{\"@id\":\"https:\/\/admin.industriall-union.org\/fr\/le-pouvoir-judiciaire-iraquien-persecute-un-syndicat\/#breadcrumb\"},\"inLanguage\":\"fr-FR\",\"potentialAction\":[{\"@type\":\"ReadAction\",\"target\":[\"https:\/\/admin.industriall-union.org\/fr\/le-pouvoir-judiciaire-iraquien-persecute-un-syndicat\/\"]}]},{\"@type\":\"BreadcrumbList\",\"@id\":\"https:\/\/admin.industriall-union.org\/fr\/le-pouvoir-judiciaire-iraquien-persecute-un-syndicat\/#breadcrumb\",\"itemListElement\":[{\"@type\":\"ListItem\",\"position\":1,\"name\":\"Home\",\"item\":\"https:\/\/admin.industriall-union.org\/\"},{\"@type\":\"ListItem\",\"position\":2,\"name\":\"Articles\",\"item\":\"https:\/\/admin.industriall-union.org\/article\/\"},{\"@type\":\"ListItem\",\"position\":3,\"name\":\"Le pouvoir judiciaire iraquien pers\u00e9cute un syndicat\"}]},{\"@type\":\"WebSite\",\"@id\":\"https:\/\/admin.industriall-union.org\/#website\",\"url\":\"https:\/\/admin.industriall-union.org\/\",\"name\":\"industriall-union\",\"description\":\"\",\"potentialAction\":[{\"@type\":\"SearchAction\",\"target\":{\"@type\":\"EntryPoint\",\"urlTemplate\":\"https:\/\/admin.industriall-union.org\/?s={search_term_string}\"},\"query-input\":{\"@type\":\"PropertyValueSpecification\",\"valueRequired\":true,\"valueName\":\"search_term_string\"}}],\"inLanguage\":\"fr-FR\"}]}<\/script>\n<!-- \/ Yoast SEO Premium plugin. -->","yoast_head_json":{"title":"Le pouvoir judiciaire iraquien pers\u00e9cute un syndicat - industriall-union","description":"IndustriALL Global Union exprime sa col\u00e8re sur ce harc\u00e8lement des libert\u00e9s syndicales en Irak. Hassan Juma&rsquo;a a \u00e9t\u00e9 convoqu\u00e9 au tribunal de Basra","robots":{"index":"index","follow":"follow","max-snippet":"max-snippet:-1","max-image-preview":"max-image-preview:large","max-video-preview":"max-video-preview:-1"},"canonical":"https:\/\/admin.industriall-union.org\/fr\/le-pouvoir-judiciaire-iraquien-persecute-un-syndicat\/","og_locale":"fr_FR","og_type":"article","og_title":"Le pouvoir judiciaire iraquien pers\u00e9cute un syndicat","og_description":"IndustriALL Global Union exprime sa col\u00e8re sur ce harc\u00e8lement des libert\u00e9s syndicales en Irak. Hassan Juma&rsquo;a a \u00e9t\u00e9 convoqu\u00e9 au tribunal de Basra","og_url":"https:\/\/admin.industriall-union.org\/fr\/le-pouvoir-judiciaire-iraquien-persecute-un-syndicat\/","og_site_name":"industriall-union","article_modified_time":"2025-02-08T13:21:43+00:00","twitter_card":"summary_large_image","twitter_misc":{"Est. reading time":"3 minutes"},"schema":{"@context":"https:\/\/schema.org","@graph":[{"@type":"WebPage","@id":"https:\/\/admin.industriall-union.org\/fr\/le-pouvoir-judiciaire-iraquien-persecute-un-syndicat\/","url":"https:\/\/admin.industriall-union.org\/fr\/le-pouvoir-judiciaire-iraquien-persecute-un-syndicat\/","name":"Le pouvoir judiciaire iraquien pers\u00e9cute un syndicat - industriall-union","isPartOf":{"@id":"https:\/\/admin.industriall-union.org\/#website"},"datePublished":"2013-03-21T17:12:55+00:00","dateModified":"2025-02-08T13:21:43+00:00","description":"IndustriALL Global Union exprime sa col\u00e8re sur ce harc\u00e8lement des libert\u00e9s syndicales en Irak. Hassan Juma&rsquo;a a \u00e9t\u00e9 convoqu\u00e9 au tribunal de Basra","breadcrumb":{"@id":"https:\/\/admin.industriall-union.org\/fr\/le-pouvoir-judiciaire-iraquien-persecute-un-syndicat\/#breadcrumb"},"inLanguage":"fr-FR","potentialAction":[{"@type":"ReadAction","target":["https:\/\/admin.industriall-union.org\/fr\/le-pouvoir-judiciaire-iraquien-persecute-un-syndicat\/"]}]},{"@type":"BreadcrumbList","@id":"https:\/\/admin.industriall-union.org\/fr\/le-pouvoir-judiciaire-iraquien-persecute-un-syndicat\/#breadcrumb","itemListElement":[{"@type":"ListItem","position":1,"name":"Home","item":"https:\/\/admin.industriall-union.org\/"},{"@type":"ListItem","position":2,"name":"Articles","item":"https:\/\/admin.industriall-union.org\/article\/"},{"@type":"ListItem","position":3,"name":"Le pouvoir judiciaire iraquien pers\u00e9cute un syndicat"}]},{"@type":"WebSite","@id":"https:\/\/admin.industriall-union.org\/#website","url":"https:\/\/admin.industriall-union.org\/","name":"industriall-union","description":"","potentialAction":[{"@type":"SearchAction","target":{"@type":"EntryPoint","urlTemplate":"https:\/\/admin.industriall-union.org\/?s={search_term_string}"},"query-input":{"@type":"PropertyValueSpecification","valueRequired":true,"valueName":"search_term_string"}}],"inLanguage":"fr-FR"}]}},"_links":{"self":[{"href":"https:\/\/admin.industriall-union.org\/fr\/wp-json\/wp\/v2\/article\/174317","targetHints":{"allow":["GET"]}}],"collection":[{"href":"https:\/\/admin.industriall-union.org\/fr\/wp-json\/wp\/v2\/article"}],"about":[{"href":"https:\/\/admin.industriall-union.org\/fr\/wp-json\/wp\/v2\/types\/article"}],"wp:attachment":[{"href":"https:\/\/admin.industriall-union.org\/fr\/wp-json\/wp\/v2\/media?parent=174317"}],"wp:term":[{"taxonomy":"issues","embeddable":true,"href":"https:\/\/admin.industriall-union.org\/fr\/wp-json\/wp\/v2\/issues?post=174317"},{"taxonomy":"companies","embeddable":true,"href":"https:\/\/admin.industriall-union.org\/fr\/wp-json\/wp\/v2\/companies?post=174317"},{"taxonomy":"regions","embeddable":true,"href":"https:\/\/admin.industriall-union.org\/fr\/wp-json\/wp\/v2\/regions?post=174317"},{"taxonomy":"sectors","embeddable":true,"href":"https:\/\/admin.industriall-union.org\/fr\/wp-json\/wp\/v2\/sectors?post=174317"},{"taxonomy":"article_tags","embeddable":true,"href":"https:\/\/admin.industriall-union.org\/fr\/wp-json\/wp\/v2\/article_tags?post=174317"}],"curies":[{"name":"wp","href":"https:\/\/api.w.org\/{rel}","templated":true}]}}