{"id":174308,"date":"2013-03-26T14:40:18","date_gmt":"2013-03-26T14:40:18","guid":{"rendered":"https:\/\/admin.industriall-union.org\/arcelormittal-fait-face-a-une-action-syndicale-en-europe\/"},"modified":"2025-02-08T13:21:22","modified_gmt":"2025-02-08T13:21:22","slug":"arcelormittal-fait-face-a-une-action-syndicale-en-europe","status":"publish","type":"article","link":"https:\/\/admin.industriall-union.org\/fr\/arcelormittal-fait-face-a-une-action-syndicale-en-europe\/","title":{"rendered":"ArcelorMittal fait face \u00e0 une action syndicale en Europe"},"content":{"rendered":"<p>La <a href=\"http:\/\/www.industriall-europe.eu\/news\/list2.asp?stid=95\">journ\u00e9e d&rsquo;action<\/a> mettra l&rsquo;accent sur la n\u00e9cessit\u00e9 de maintenir une industrie sid\u00e9rurgique vivante dans le long terme pour l&rsquo;avenir de l&rsquo;Europe, au lieu de poursuivre une approche marqu\u00e9e par le d\u00e9clin de l&rsquo;industrie en raison d&rsquo;un manque d&rsquo;investissements.<\/p><p>Le syndicat IndustriAll Europe soutient que l&rsquo;affaiblissement de la base industrielle du num\u00e9ro un de la sid\u00e9rurgie en Europe est le r\u00e9sultat d&rsquo;un repli majeur du groupe sur les march\u00e9s europ\u00e9ens par comparaison avec ses concurrents. Les syndicats craignent que si ArcelorMittal continue sur cette voie, on courra le risque de ne pas pouvoir r\u00e9pondre \u00e0 la demande lors de la reprise.<\/p><p>L&rsquo;Europe fait face \u00e0 de dures conditions \u00e9conomiques, et beaucoup d&rsquo;industriels se battent pour se maintenir \u00e0 flot. Il est d&rsquo;une importance capitale qu&rsquo;\u00e0 moyen et long termes, les installations de production soient plus novatrices et s&rsquo;adaptent aux pressions de la concurrence mondiale. Cela ne pourra avoir lieu que si ces installations survivent \u00e0 cette p\u00e9riode de souffrances aigu\u00ebs.<\/p><p>Depuis que la crise financi\u00e8re mondiale a port\u00e9 un coup \u00e0 la sid\u00e9rurgie, on a assist\u00e9 \u00e0 une crise de la demande qui est appel\u00e9e \u00e0 se poursuivre. La croissance de la demande mondiale d&rsquo;acier est appel\u00e9e \u00e0 \u00eatre plus lente au cours de la prochaine d\u00e9cennie que durant les dix derni\u00e8res ann\u00e9es, mais les perspectives \u00e0 plus long terme sont n\u00e9anmoins favorables, selon des responsables de l&rsquo;industrie et des gouvernements pr\u00e9sents \u00e0 la r\u00e9union du Comit\u00e9 de l&rsquo;acier de l&rsquo;OCDE qui s&rsquo;est tenue \u00e0 Paris les 6 et 7 d\u00e9cembre 2012.<\/p><p>Si la direction de ArcelorMittal pouvait \u00e9galement adopter une vue \u00e0 plus long terme, cela valoriserait \u00e9norm\u00e9ment ses salari\u00e9s. Mais les syndicats croient que l&rsquo;entreprise n\u00e9glige d&rsquo;obtenir le maximum de ses id\u00e9es et de la propri\u00e9t\u00e9 intellectuelle en raison de l&rsquo;ins\u00e9curit\u00e9. Les actifs de ArcelorMittal en Europe sont peut-\u00eatre d&rsquo;une classe mondiale, mais ils doivent en premier lieu \u00eatre coupl\u00e9s \u00e0 une recherche de classe mondiale, une innovation, et une main-d&rsquo;\u0153uvre extr\u00eamement comp\u00e9tente. Tous ces ingr\u00e9dients devraient mener \u00e0 une entreprise industrielle de classe mondiale.<\/p><p>Tout simplement, au cours de cette p\u00e9riode de ralentissement de la demande, tous les protagonistes doivent d\u00e9velopper une politique industrielle \u00e0 long terme, qui reconnaisse avant tout l&rsquo;importance de la stabilit\u00e9 de l&rsquo;emploi. L&rsquo;incapacit\u00e9 de maintenir des installations appauvrira l&rsquo;Europe et privera les pays d&rsquo;avantages potentiellement \u00e9normes offerts par la stabilit\u00e9 de l&rsquo;emploi.<\/p><p>Rob Johnston, directeur ex\u00e9cutif \u00e0 IndustriALL Global Union, croit que &ldquo;personne ne doute de la pression \u00e9conomique subie par ArcelorMittal en Europe, mais que l&rsquo;entreprise d\u00e9tient d&rsquo;une mani\u00e8re g\u00e9n\u00e9rale une responsabilit\u00e9 vis-\u00e0-vis de sa main-d&rsquo;\u0153uvre. Si l&rsquo;entreprise peut faire preuve de bonne foi maintenant, elle r\u00e9coltera \u00e0 long terme des avantages bien plus grands que ceux obtenus \u00e0 court terme par la fermeture d&rsquo;installations et par des d\u00e9g\u00e2ts dans les communaut\u00e9s&rdquo;.<\/p>","protected":false},"featured_media":0,"template":"","issues":[406,412],"companies":[12],"regions":[202],"sectors":[481],"article_tags":[],"class_list":["post-174308","article","type-article","status-publish","hentry","issues-confronting-global-capital","issues-social-justice-and-globalization","companies-arcelormittal","regions-europe","sectors-base-metals"],"acf":[],"yoast_head":"<!-- This site is optimized with the Yoast SEO Premium plugin v27.1 (Yoast SEO v27.1) - https:\/\/yoast.com\/product\/yoast-seo-premium-wordpress\/ -->\n<title>ArcelorMittal fait face \u00e0 une action syndicale en Europe - industriall-union<\/title>\n<meta name=\"description\" content=\"La journ\u00e9e d&rsquo;action mettra l&rsquo;accent sur la n\u00e9cessit\u00e9 de maintenir une industrie sid\u00e9rurgique vivante dans le long terme pour l&rsquo;avenir de\" \/>\n<meta name=\"robots\" content=\"index, follow, max-snippet:-1, max-image-preview:large, max-video-preview:-1\" \/>\n<link rel=\"canonical\" href=\"https:\/\/admin.industriall-union.org\/fr\/arcelormittal-fait-face-a-une-action-syndicale-en-europe\/\" \/>\n<meta property=\"og:locale\" content=\"fr_FR\" \/>\n<meta property=\"og:type\" content=\"article\" \/>\n<meta property=\"og:title\" content=\"ArcelorMittal fait face \u00e0 une action syndicale en Europe\" \/>\n<meta property=\"og:description\" content=\"La journ\u00e9e d&rsquo;action mettra l&rsquo;accent sur la n\u00e9cessit\u00e9 de maintenir une industrie sid\u00e9rurgique vivante dans le long terme pour l&rsquo;avenir de\" \/>\n<meta property=\"og:url\" content=\"https:\/\/admin.industriall-union.org\/fr\/arcelormittal-fait-face-a-une-action-syndicale-en-europe\/\" \/>\n<meta property=\"og:site_name\" content=\"industriall-union\" \/>\n<meta property=\"article:modified_time\" content=\"2025-02-08T13:21:22+00:00\" \/>\n<meta name=\"twitter:card\" content=\"summary_large_image\" \/>\n<meta name=\"twitter:label1\" content=\"Est. reading time\" \/>\n\t<meta name=\"twitter:data1\" content=\"3 minutes\" \/>\n<script type=\"application\/ld+json\" class=\"yoast-schema-graph\">{\"@context\":\"https:\/\/schema.org\",\"@graph\":[{\"@type\":\"WebPage\",\"@id\":\"https:\/\/admin.industriall-union.org\/fr\/arcelormittal-fait-face-a-une-action-syndicale-en-europe\/\",\"url\":\"https:\/\/admin.industriall-union.org\/fr\/arcelormittal-fait-face-a-une-action-syndicale-en-europe\/\",\"name\":\"ArcelorMittal fait face \u00e0 une action syndicale en Europe - industriall-union\",\"isPartOf\":{\"@id\":\"https:\/\/admin.industriall-union.org\/#website\"},\"datePublished\":\"2013-03-26T14:40:18+00:00\",\"dateModified\":\"2025-02-08T13:21:22+00:00\",\"description\":\"La journ\u00e9e d&rsquo;action mettra l&rsquo;accent sur la n\u00e9cessit\u00e9 de maintenir une industrie sid\u00e9rurgique vivante dans le long terme pour l&rsquo;avenir de\",\"breadcrumb\":{\"@id\":\"https:\/\/admin.industriall-union.org\/fr\/arcelormittal-fait-face-a-une-action-syndicale-en-europe\/#breadcrumb\"},\"inLanguage\":\"fr-FR\",\"potentialAction\":[{\"@type\":\"ReadAction\",\"target\":[\"https:\/\/admin.industriall-union.org\/fr\/arcelormittal-fait-face-a-une-action-syndicale-en-europe\/\"]}]},{\"@type\":\"BreadcrumbList\",\"@id\":\"https:\/\/admin.industriall-union.org\/fr\/arcelormittal-fait-face-a-une-action-syndicale-en-europe\/#breadcrumb\",\"itemListElement\":[{\"@type\":\"ListItem\",\"position\":1,\"name\":\"Home\",\"item\":\"https:\/\/admin.industriall-union.org\/\"},{\"@type\":\"ListItem\",\"position\":2,\"name\":\"Articles\",\"item\":\"https:\/\/admin.industriall-union.org\/article\/\"},{\"@type\":\"ListItem\",\"position\":3,\"name\":\"ArcelorMittal fait face \u00e0 une action syndicale en Europe\"}]},{\"@type\":\"WebSite\",\"@id\":\"https:\/\/admin.industriall-union.org\/#website\",\"url\":\"https:\/\/admin.industriall-union.org\/\",\"name\":\"industriall-union\",\"description\":\"\",\"potentialAction\":[{\"@type\":\"SearchAction\",\"target\":{\"@type\":\"EntryPoint\",\"urlTemplate\":\"https:\/\/admin.industriall-union.org\/?s={search_term_string}\"},\"query-input\":{\"@type\":\"PropertyValueSpecification\",\"valueRequired\":true,\"valueName\":\"search_term_string\"}}],\"inLanguage\":\"fr-FR\"}]}<\/script>\n<!-- \/ Yoast SEO Premium plugin. -->","yoast_head_json":{"title":"ArcelorMittal fait face \u00e0 une action syndicale en Europe - industriall-union","description":"La journ\u00e9e d&rsquo;action mettra l&rsquo;accent sur la n\u00e9cessit\u00e9 de maintenir une industrie sid\u00e9rurgique vivante dans le long terme pour l&rsquo;avenir de","robots":{"index":"index","follow":"follow","max-snippet":"max-snippet:-1","max-image-preview":"max-image-preview:large","max-video-preview":"max-video-preview:-1"},"canonical":"https:\/\/admin.industriall-union.org\/fr\/arcelormittal-fait-face-a-une-action-syndicale-en-europe\/","og_locale":"fr_FR","og_type":"article","og_title":"ArcelorMittal fait face \u00e0 une action syndicale en Europe","og_description":"La journ\u00e9e d&rsquo;action mettra l&rsquo;accent sur la n\u00e9cessit\u00e9 de maintenir une industrie sid\u00e9rurgique vivante dans le long terme pour l&rsquo;avenir de","og_url":"https:\/\/admin.industriall-union.org\/fr\/arcelormittal-fait-face-a-une-action-syndicale-en-europe\/","og_site_name":"industriall-union","article_modified_time":"2025-02-08T13:21:22+00:00","twitter_card":"summary_large_image","twitter_misc":{"Est. reading time":"3 minutes"},"schema":{"@context":"https:\/\/schema.org","@graph":[{"@type":"WebPage","@id":"https:\/\/admin.industriall-union.org\/fr\/arcelormittal-fait-face-a-une-action-syndicale-en-europe\/","url":"https:\/\/admin.industriall-union.org\/fr\/arcelormittal-fait-face-a-une-action-syndicale-en-europe\/","name":"ArcelorMittal fait face \u00e0 une action syndicale en Europe - industriall-union","isPartOf":{"@id":"https:\/\/admin.industriall-union.org\/#website"},"datePublished":"2013-03-26T14:40:18+00:00","dateModified":"2025-02-08T13:21:22+00:00","description":"La journ\u00e9e d&rsquo;action mettra l&rsquo;accent sur la n\u00e9cessit\u00e9 de maintenir une industrie sid\u00e9rurgique vivante dans le long terme pour l&rsquo;avenir de","breadcrumb":{"@id":"https:\/\/admin.industriall-union.org\/fr\/arcelormittal-fait-face-a-une-action-syndicale-en-europe\/#breadcrumb"},"inLanguage":"fr-FR","potentialAction":[{"@type":"ReadAction","target":["https:\/\/admin.industriall-union.org\/fr\/arcelormittal-fait-face-a-une-action-syndicale-en-europe\/"]}]},{"@type":"BreadcrumbList","@id":"https:\/\/admin.industriall-union.org\/fr\/arcelormittal-fait-face-a-une-action-syndicale-en-europe\/#breadcrumb","itemListElement":[{"@type":"ListItem","position":1,"name":"Home","item":"https:\/\/admin.industriall-union.org\/"},{"@type":"ListItem","position":2,"name":"Articles","item":"https:\/\/admin.industriall-union.org\/article\/"},{"@type":"ListItem","position":3,"name":"ArcelorMittal fait face \u00e0 une action syndicale en Europe"}]},{"@type":"WebSite","@id":"https:\/\/admin.industriall-union.org\/#website","url":"https:\/\/admin.industriall-union.org\/","name":"industriall-union","description":"","potentialAction":[{"@type":"SearchAction","target":{"@type":"EntryPoint","urlTemplate":"https:\/\/admin.industriall-union.org\/?s={search_term_string}"},"query-input":{"@type":"PropertyValueSpecification","valueRequired":true,"valueName":"search_term_string"}}],"inLanguage":"fr-FR"}]}},"_links":{"self":[{"href":"https:\/\/admin.industriall-union.org\/fr\/wp-json\/wp\/v2\/article\/174308","targetHints":{"allow":["GET"]}}],"collection":[{"href":"https:\/\/admin.industriall-union.org\/fr\/wp-json\/wp\/v2\/article"}],"about":[{"href":"https:\/\/admin.industriall-union.org\/fr\/wp-json\/wp\/v2\/types\/article"}],"wp:attachment":[{"href":"https:\/\/admin.industriall-union.org\/fr\/wp-json\/wp\/v2\/media?parent=174308"}],"wp:term":[{"taxonomy":"issues","embeddable":true,"href":"https:\/\/admin.industriall-union.org\/fr\/wp-json\/wp\/v2\/issues?post=174308"},{"taxonomy":"companies","embeddable":true,"href":"https:\/\/admin.industriall-union.org\/fr\/wp-json\/wp\/v2\/companies?post=174308"},{"taxonomy":"regions","embeddable":true,"href":"https:\/\/admin.industriall-union.org\/fr\/wp-json\/wp\/v2\/regions?post=174308"},{"taxonomy":"sectors","embeddable":true,"href":"https:\/\/admin.industriall-union.org\/fr\/wp-json\/wp\/v2\/sectors?post=174308"},{"taxonomy":"article_tags","embeddable":true,"href":"https:\/\/admin.industriall-union.org\/fr\/wp-json\/wp\/v2\/article_tags?post=174308"}],"curies":[{"name":"wp","href":"https:\/\/api.w.org\/{rel}","templated":true}]}}