{"id":174295,"date":"2013-03-28T10:22:12","date_gmt":"2013-03-28T10:22:12","guid":{"rendered":"https:\/\/admin.industriall-union.org\/encouragement-aux-militantes-en-cote-d-ivoire\/"},"modified":"2025-02-08T13:17:23","modified_gmt":"2025-02-08T13:17:23","slug":"encouragement-aux-militantes-en-cote-d-ivoire","status":"publish","type":"article","link":"https:\/\/admin.industriall-union.org\/fr\/encouragement-aux-militantes-en-cote-d-ivoire\/","title":{"rendered":"Encouragement aux militantes en C\u00f4te-d\u2019Ivoire"},"content":{"rendered":"<p>Les 167 travailleuses des secteurs du p\u00e9trole et du textile qui assistaient \u00e0 la Conf\u00e9rence, le 15 mars 2013, ont \u00e9t\u00e9 encourag\u00e9es \u00e0 accro\u00eetre la participation des femmes dans le syndicat. Deux militantes ont re\u00e7u une distinction en reconnaissance de leur contribution \u00e0 leur syndicat, qui sera comme nous l&rsquo;esp\u00e9rons une source d&rsquo;inspiration pour d&rsquo;autres femmes.<\/p><p>La coordonnatrice de projet, Charlotte Nguessan, a exhort\u00e9 les femmes \u00e0 participer aux programmes de lutte contre le VIH et le Sida sur leurs lieux de travail et dans les familles, notamment en raison de la honte et de la discrimination. Elle a parl\u00e9 de la fa\u00e7on dont les femmes sont souvent rejet\u00e9es par leur famille quant elles sont test\u00e9es positives, et de l&rsquo;impact n\u00e9gatif du refus d&rsquo;entreprendre un traitement pour emp\u00eacher la transmission de la m\u00e8re \u00e0 l&rsquo;enfant. Nguessan a propos\u00e9 d&rsquo;encourager les partenaires \u00e0 se faire tester ensemble quand une femme est enceinte.<\/p><p>Une session d&rsquo;information a \u00e9galement eu lieu sur la nouvelle loi du mariage en C\u00f4te-d&rsquo;Ivoire pr\u00e9sent\u00e9e par deux repr\u00e9sentantes de l&rsquo;Association des avocates. La loi donne des avantages aux hommes et aux femmes. Elle permet aux hommes de b\u00e9n\u00e9ficier d&rsquo;une pension de r\u00e9version apr\u00e8s le d\u00e9c\u00e8s de l&rsquo;\u00e9pouse. Elle a \u00e9galement r\u00e9duit le niveau de l&rsquo;imposition sur le revenu pour les femmes mari\u00e9es avec des enfants, et les travailleuses ont d\u00e9j\u00e0 vu leurs salaires augmenter en raison de la nouvelle loi.<\/p>","protected":false},"featured_media":0,"template":"","issues":[405,399,397],"companies":[],"regions":[332],"sectors":[483],"article_tags":[],"class_list":["post-174295","article","type-article","status-publish","hentry","issues-hiv-aids","issues-union-building","issues-women","regions-ivory-coast","sectors-energy-oil-gas-electricity-and-nuclear"],"acf":[],"yoast_head":"<!-- This site is optimized with the Yoast SEO Premium plugin v27.1 (Yoast SEO v27.1) - https:\/\/yoast.com\/product\/yoast-seo-premium-wordpress\/ -->\n<title>Encouragement aux militantes en C\u00f4te-d\u2019Ivoire - industriall-union<\/title>\n<meta name=\"description\" content=\"Les 167 travailleuses des secteurs du p\u00e9trole et du textile qui assistaient \u00e0 la Conf\u00e9rence, le 15 mars 2013, ont \u00e9t\u00e9 encourag\u00e9es \u00e0 accro\u00eetre la\" \/>\n<meta name=\"robots\" content=\"index, follow, max-snippet:-1, max-image-preview:large, max-video-preview:-1\" \/>\n<link rel=\"canonical\" href=\"https:\/\/admin.industriall-union.org\/fr\/encouragement-aux-militantes-en-cote-d-ivoire\/\" \/>\n<meta property=\"og:locale\" content=\"fr_FR\" \/>\n<meta property=\"og:type\" content=\"article\" \/>\n<meta property=\"og:title\" content=\"Encouragement aux militantes en C\u00f4te-d\u2019Ivoire\" \/>\n<meta property=\"og:description\" content=\"Les 167 travailleuses des secteurs du p\u00e9trole et du textile qui assistaient \u00e0 la Conf\u00e9rence, le 15 mars 2013, ont \u00e9t\u00e9 encourag\u00e9es \u00e0 accro\u00eetre la\" \/>\n<meta property=\"og:url\" content=\"https:\/\/admin.industriall-union.org\/fr\/encouragement-aux-militantes-en-cote-d-ivoire\/\" \/>\n<meta property=\"og:site_name\" content=\"industriall-union\" \/>\n<meta property=\"article:modified_time\" content=\"2025-02-08T13:17:23+00:00\" \/>\n<meta name=\"twitter:card\" content=\"summary_large_image\" \/>\n<meta name=\"twitter:label1\" content=\"Est. reading time\" \/>\n\t<meta name=\"twitter:data1\" content=\"1 minute\" \/>\n<script type=\"application\/ld+json\" class=\"yoast-schema-graph\">{\"@context\":\"https:\/\/schema.org\",\"@graph\":[{\"@type\":\"WebPage\",\"@id\":\"https:\/\/admin.industriall-union.org\/fr\/encouragement-aux-militantes-en-cote-d-ivoire\/\",\"url\":\"https:\/\/admin.industriall-union.org\/fr\/encouragement-aux-militantes-en-cote-d-ivoire\/\",\"name\":\"Encouragement aux militantes en C\u00f4te-d\u2019Ivoire - industriall-union\",\"isPartOf\":{\"@id\":\"https:\/\/admin.industriall-union.org\/#website\"},\"datePublished\":\"2013-03-28T10:22:12+00:00\",\"dateModified\":\"2025-02-08T13:17:23+00:00\",\"description\":\"Les 167 travailleuses des secteurs du p\u00e9trole et du textile qui assistaient \u00e0 la Conf\u00e9rence, le 15 mars 2013, ont \u00e9t\u00e9 encourag\u00e9es \u00e0 accro\u00eetre la\",\"breadcrumb\":{\"@id\":\"https:\/\/admin.industriall-union.org\/fr\/encouragement-aux-militantes-en-cote-d-ivoire\/#breadcrumb\"},\"inLanguage\":\"fr-FR\",\"potentialAction\":[{\"@type\":\"ReadAction\",\"target\":[\"https:\/\/admin.industriall-union.org\/fr\/encouragement-aux-militantes-en-cote-d-ivoire\/\"]}]},{\"@type\":\"BreadcrumbList\",\"@id\":\"https:\/\/admin.industriall-union.org\/fr\/encouragement-aux-militantes-en-cote-d-ivoire\/#breadcrumb\",\"itemListElement\":[{\"@type\":\"ListItem\",\"position\":1,\"name\":\"Home\",\"item\":\"https:\/\/admin.industriall-union.org\/\"},{\"@type\":\"ListItem\",\"position\":2,\"name\":\"Articles\",\"item\":\"https:\/\/admin.industriall-union.org\/article\/\"},{\"@type\":\"ListItem\",\"position\":3,\"name\":\"Encouragement aux militantes en C\u00f4te-d\u2019Ivoire\"}]},{\"@type\":\"WebSite\",\"@id\":\"https:\/\/admin.industriall-union.org\/#website\",\"url\":\"https:\/\/admin.industriall-union.org\/\",\"name\":\"industriall-union\",\"description\":\"\",\"potentialAction\":[{\"@type\":\"SearchAction\",\"target\":{\"@type\":\"EntryPoint\",\"urlTemplate\":\"https:\/\/admin.industriall-union.org\/?s={search_term_string}\"},\"query-input\":{\"@type\":\"PropertyValueSpecification\",\"valueRequired\":true,\"valueName\":\"search_term_string\"}}],\"inLanguage\":\"fr-FR\"}]}<\/script>\n<!-- \/ Yoast SEO Premium plugin. -->","yoast_head_json":{"title":"Encouragement aux militantes en C\u00f4te-d\u2019Ivoire - industriall-union","description":"Les 167 travailleuses des secteurs du p\u00e9trole et du textile qui assistaient \u00e0 la Conf\u00e9rence, le 15 mars 2013, ont \u00e9t\u00e9 encourag\u00e9es \u00e0 accro\u00eetre la","robots":{"index":"index","follow":"follow","max-snippet":"max-snippet:-1","max-image-preview":"max-image-preview:large","max-video-preview":"max-video-preview:-1"},"canonical":"https:\/\/admin.industriall-union.org\/fr\/encouragement-aux-militantes-en-cote-d-ivoire\/","og_locale":"fr_FR","og_type":"article","og_title":"Encouragement aux militantes en C\u00f4te-d\u2019Ivoire","og_description":"Les 167 travailleuses des secteurs du p\u00e9trole et du textile qui assistaient \u00e0 la Conf\u00e9rence, le 15 mars 2013, ont \u00e9t\u00e9 encourag\u00e9es \u00e0 accro\u00eetre la","og_url":"https:\/\/admin.industriall-union.org\/fr\/encouragement-aux-militantes-en-cote-d-ivoire\/","og_site_name":"industriall-union","article_modified_time":"2025-02-08T13:17:23+00:00","twitter_card":"summary_large_image","twitter_misc":{"Est. reading time":"1 minute"},"schema":{"@context":"https:\/\/schema.org","@graph":[{"@type":"WebPage","@id":"https:\/\/admin.industriall-union.org\/fr\/encouragement-aux-militantes-en-cote-d-ivoire\/","url":"https:\/\/admin.industriall-union.org\/fr\/encouragement-aux-militantes-en-cote-d-ivoire\/","name":"Encouragement aux militantes en C\u00f4te-d\u2019Ivoire - industriall-union","isPartOf":{"@id":"https:\/\/admin.industriall-union.org\/#website"},"datePublished":"2013-03-28T10:22:12+00:00","dateModified":"2025-02-08T13:17:23+00:00","description":"Les 167 travailleuses des secteurs du p\u00e9trole et du textile qui assistaient \u00e0 la Conf\u00e9rence, le 15 mars 2013, ont \u00e9t\u00e9 encourag\u00e9es \u00e0 accro\u00eetre la","breadcrumb":{"@id":"https:\/\/admin.industriall-union.org\/fr\/encouragement-aux-militantes-en-cote-d-ivoire\/#breadcrumb"},"inLanguage":"fr-FR","potentialAction":[{"@type":"ReadAction","target":["https:\/\/admin.industriall-union.org\/fr\/encouragement-aux-militantes-en-cote-d-ivoire\/"]}]},{"@type":"BreadcrumbList","@id":"https:\/\/admin.industriall-union.org\/fr\/encouragement-aux-militantes-en-cote-d-ivoire\/#breadcrumb","itemListElement":[{"@type":"ListItem","position":1,"name":"Home","item":"https:\/\/admin.industriall-union.org\/"},{"@type":"ListItem","position":2,"name":"Articles","item":"https:\/\/admin.industriall-union.org\/article\/"},{"@type":"ListItem","position":3,"name":"Encouragement aux militantes en C\u00f4te-d\u2019Ivoire"}]},{"@type":"WebSite","@id":"https:\/\/admin.industriall-union.org\/#website","url":"https:\/\/admin.industriall-union.org\/","name":"industriall-union","description":"","potentialAction":[{"@type":"SearchAction","target":{"@type":"EntryPoint","urlTemplate":"https:\/\/admin.industriall-union.org\/?s={search_term_string}"},"query-input":{"@type":"PropertyValueSpecification","valueRequired":true,"valueName":"search_term_string"}}],"inLanguage":"fr-FR"}]}},"_links":{"self":[{"href":"https:\/\/admin.industriall-union.org\/fr\/wp-json\/wp\/v2\/article\/174295","targetHints":{"allow":["GET"]}}],"collection":[{"href":"https:\/\/admin.industriall-union.org\/fr\/wp-json\/wp\/v2\/article"}],"about":[{"href":"https:\/\/admin.industriall-union.org\/fr\/wp-json\/wp\/v2\/types\/article"}],"wp:attachment":[{"href":"https:\/\/admin.industriall-union.org\/fr\/wp-json\/wp\/v2\/media?parent=174295"}],"wp:term":[{"taxonomy":"issues","embeddable":true,"href":"https:\/\/admin.industriall-union.org\/fr\/wp-json\/wp\/v2\/issues?post=174295"},{"taxonomy":"companies","embeddable":true,"href":"https:\/\/admin.industriall-union.org\/fr\/wp-json\/wp\/v2\/companies?post=174295"},{"taxonomy":"regions","embeddable":true,"href":"https:\/\/admin.industriall-union.org\/fr\/wp-json\/wp\/v2\/regions?post=174295"},{"taxonomy":"sectors","embeddable":true,"href":"https:\/\/admin.industriall-union.org\/fr\/wp-json\/wp\/v2\/sectors?post=174295"},{"taxonomy":"article_tags","embeddable":true,"href":"https:\/\/admin.industriall-union.org\/fr\/wp-json\/wp\/v2\/article_tags?post=174295"}],"curies":[{"name":"wp","href":"https:\/\/api.w.org\/{rel}","templated":true}]}}