{"id":174284,"date":"2013-03-28T16:24:43","date_gmt":"2013-03-28T16:24:43","guid":{"rendered":"https:\/\/admin.industriall-union.org\/les-syndicats-en-greve-en-pologne-contre-la-politique-du-gouvernement\/"},"modified":"2025-02-08T13:10:22","modified_gmt":"2025-02-08T13:10:22","slug":"les-syndicats-en-greve-en-pologne-contre-la-politique-du-gouvernement","status":"publish","type":"article","link":"https:\/\/admin.industriall-union.org\/fr\/les-syndicats-en-greve-en-pologne-contre-la-politique-du-gouvernement\/","title":{"rendered":"Les syndicats en gr\u00e8ve en Pologne contre la politique du gouvernement"},"content":{"rendered":"<p>La gr\u00e8ve g\u00e9n\u00e9rale \u00e9tait organis\u00e9e par Solidarit\u00e9, le Forum Zwiazkow Zawodowych, OPZZ et Ao\u00fbt 80, pour s&rsquo;opposer aux changements pr\u00e9vus au code de travail, qui \u00e9tendront l&rsquo;emploi de contrats d&#039;embauche &#039;bidons&#039;, limiteront les droits \u00e0 l&#039;emploi et r\u00e9duiront le paiement des heures suppl\u00e9mentaires, et contre la politique de sant\u00e9 du gouvernement et les changements apport\u00e9s au syst\u00e8me d&#039;\u00e9ducation.<\/p><p>L&#039;action revendicative qui a \u00e9t\u00e9 d\u00e9cid\u00e9e par une coalition de syndicats, notamment d&#039;affili\u00e9s de IndustriALL Global Union, b\u00e9n\u00e9ficie du soutien des salari\u00e9s des secteurs du rail, des mines, de la m\u00e9tallurgie et de l&rsquo;\u00e9nergie, ainsi que du personnel enseignant et des travailleurs et travailleuses des services de la sant\u00e9 publique. Les personnels des aci\u00e9ries, des mines et des centrales \u00e9lectriques ont arr\u00eat\u00e9 le travail \u00e0 10 heures du matin, et les transports ont \u00e9t\u00e9 paralys\u00e9s pendant deux heures \u00e0 partir de 8 heures du matin.<\/p><p>L&#039;action revendicative a \u00e9t\u00e9 d\u00e9cid\u00e9e apr\u00e8s l&#039;\u00e9chec des pourparlers tripartites entre les syndicats, les employeurs et le gouvernement sur un certain nombre de questions br\u00fblantes concernant le travail et de probl\u00e8mes sociaux relatifs au travail, qui n&#039;ont pas pu obtenir des r\u00e9sultats concrets en janvier et en f\u00e9vrier.<\/p><p>Les revendications des gr\u00e9vistes sont les suivantes:<\/p><ul><li>un syst\u00e8me de protection pour les entreprises qui ne mettent pas \u00e0 pied des membres de leur personnel quand elles r\u00e9duisent leur production;<\/li><li>une compensation pour les entreprises qui seront touch\u00e9es par des ajustements fiscaux li\u00e9s \u00e0 l&#039;adoption par l&#039;Union europ\u00e9enne d&rsquo;un train de mesures pour lutter contre le r\u00e9chauffement climatique;<\/li><li>la limitation juridique des contrats d&#039;emploi pr\u00e9caire;<\/li><li>la liquidation du Fonds national de sant\u00e9 et son remplacement par des fonds r\u00e9gionaux;<\/li><li>le maintien de la pr\u00e9retraite pour les travailleurs et travailleuses qui occupent un emploi p\u00e9nible;<\/li><li>l&rsquo;arr\u00eat de la liquidation des \u00e9coles et l&rsquo;arr\u00eat du transfert de moyens financiers de l&#039;enseignement public aux gouvernements locaux.<\/li><\/ul>","protected":false},"featured_media":0,"template":"","issues":[412,415],"companies":[],"regions":[239],"sectors":[481,483,494],"article_tags":[],"class_list":["post-174284","article","type-article","status-publish","hentry","issues-social-justice-and-globalization","issues-stop-precarious-work","regions-poland","sectors-base-metals","sectors-energy-oil-gas-electricity-and-nuclear","sectors-mining-and-dgojp"],"acf":[],"yoast_head":"<!-- This site is optimized with the Yoast SEO Premium plugin v27.1 (Yoast SEO v27.1) - https:\/\/yoast.com\/product\/yoast-seo-premium-wordpress\/ -->\n<title>Les syndicats en gr\u00e8ve en Pologne contre la politique du gouvernement - industriall-union<\/title>\n<meta name=\"description\" content=\"La gr\u00e8ve g\u00e9n\u00e9rale \u00e9tait organis\u00e9e par Solidarit\u00e9, le Forum Zwiazkow Zawodowych, OPZZ et Ao\u00fbt 80, pour s&rsquo;opposer aux changements pr\u00e9vus au code de\" \/>\n<meta name=\"robots\" content=\"index, follow, max-snippet:-1, max-image-preview:large, max-video-preview:-1\" \/>\n<link rel=\"canonical\" href=\"https:\/\/admin.industriall-union.org\/fr\/les-syndicats-en-greve-en-pologne-contre-la-politique-du-gouvernement\/\" \/>\n<meta property=\"og:locale\" content=\"fr_FR\" \/>\n<meta property=\"og:type\" content=\"article\" \/>\n<meta property=\"og:title\" content=\"Les syndicats en gr\u00e8ve en Pologne contre la politique du gouvernement\" \/>\n<meta property=\"og:description\" content=\"La gr\u00e8ve g\u00e9n\u00e9rale \u00e9tait organis\u00e9e par Solidarit\u00e9, le Forum Zwiazkow Zawodowych, OPZZ et Ao\u00fbt 80, pour s&rsquo;opposer aux changements pr\u00e9vus au code de\" \/>\n<meta property=\"og:url\" content=\"https:\/\/admin.industriall-union.org\/fr\/les-syndicats-en-greve-en-pologne-contre-la-politique-du-gouvernement\/\" \/>\n<meta property=\"og:site_name\" content=\"industriall-union\" \/>\n<meta property=\"article:modified_time\" content=\"2025-02-08T13:10:22+00:00\" \/>\n<meta name=\"twitter:card\" content=\"summary_large_image\" \/>\n<meta name=\"twitter:label1\" content=\"Est. reading time\" \/>\n\t<meta name=\"twitter:data1\" content=\"2 minutes\" \/>\n<script type=\"application\/ld+json\" class=\"yoast-schema-graph\">{\"@context\":\"https:\/\/schema.org\",\"@graph\":[{\"@type\":\"WebPage\",\"@id\":\"https:\/\/admin.industriall-union.org\/fr\/les-syndicats-en-greve-en-pologne-contre-la-politique-du-gouvernement\/\",\"url\":\"https:\/\/admin.industriall-union.org\/fr\/les-syndicats-en-greve-en-pologne-contre-la-politique-du-gouvernement\/\",\"name\":\"Les syndicats en gr\u00e8ve en Pologne contre la politique du gouvernement - industriall-union\",\"isPartOf\":{\"@id\":\"https:\/\/admin.industriall-union.org\/#website\"},\"datePublished\":\"2013-03-28T16:24:43+00:00\",\"dateModified\":\"2025-02-08T13:10:22+00:00\",\"description\":\"La gr\u00e8ve g\u00e9n\u00e9rale \u00e9tait organis\u00e9e par Solidarit\u00e9, le Forum Zwiazkow Zawodowych, OPZZ et Ao\u00fbt 80, pour s&rsquo;opposer aux changements pr\u00e9vus au code de\",\"breadcrumb\":{\"@id\":\"https:\/\/admin.industriall-union.org\/fr\/les-syndicats-en-greve-en-pologne-contre-la-politique-du-gouvernement\/#breadcrumb\"},\"inLanguage\":\"fr-FR\",\"potentialAction\":[{\"@type\":\"ReadAction\",\"target\":[\"https:\/\/admin.industriall-union.org\/fr\/les-syndicats-en-greve-en-pologne-contre-la-politique-du-gouvernement\/\"]}]},{\"@type\":\"BreadcrumbList\",\"@id\":\"https:\/\/admin.industriall-union.org\/fr\/les-syndicats-en-greve-en-pologne-contre-la-politique-du-gouvernement\/#breadcrumb\",\"itemListElement\":[{\"@type\":\"ListItem\",\"position\":1,\"name\":\"Home\",\"item\":\"https:\/\/admin.industriall-union.org\/\"},{\"@type\":\"ListItem\",\"position\":2,\"name\":\"Articles\",\"item\":\"https:\/\/admin.industriall-union.org\/article\/\"},{\"@type\":\"ListItem\",\"position\":3,\"name\":\"Les syndicats en gr\u00e8ve en Pologne contre la politique du gouvernement\"}]},{\"@type\":\"WebSite\",\"@id\":\"https:\/\/admin.industriall-union.org\/#website\",\"url\":\"https:\/\/admin.industriall-union.org\/\",\"name\":\"industriall-union\",\"description\":\"\",\"potentialAction\":[{\"@type\":\"SearchAction\",\"target\":{\"@type\":\"EntryPoint\",\"urlTemplate\":\"https:\/\/admin.industriall-union.org\/?s={search_term_string}\"},\"query-input\":{\"@type\":\"PropertyValueSpecification\",\"valueRequired\":true,\"valueName\":\"search_term_string\"}}],\"inLanguage\":\"fr-FR\"}]}<\/script>\n<!-- \/ Yoast SEO Premium plugin. -->","yoast_head_json":{"title":"Les syndicats en gr\u00e8ve en Pologne contre la politique du gouvernement - industriall-union","description":"La gr\u00e8ve g\u00e9n\u00e9rale \u00e9tait organis\u00e9e par Solidarit\u00e9, le Forum Zwiazkow Zawodowych, OPZZ et Ao\u00fbt 80, pour s&rsquo;opposer aux changements pr\u00e9vus au code de","robots":{"index":"index","follow":"follow","max-snippet":"max-snippet:-1","max-image-preview":"max-image-preview:large","max-video-preview":"max-video-preview:-1"},"canonical":"https:\/\/admin.industriall-union.org\/fr\/les-syndicats-en-greve-en-pologne-contre-la-politique-du-gouvernement\/","og_locale":"fr_FR","og_type":"article","og_title":"Les syndicats en gr\u00e8ve en Pologne contre la politique du gouvernement","og_description":"La gr\u00e8ve g\u00e9n\u00e9rale \u00e9tait organis\u00e9e par Solidarit\u00e9, le Forum Zwiazkow Zawodowych, OPZZ et Ao\u00fbt 80, pour s&rsquo;opposer aux changements pr\u00e9vus au code de","og_url":"https:\/\/admin.industriall-union.org\/fr\/les-syndicats-en-greve-en-pologne-contre-la-politique-du-gouvernement\/","og_site_name":"industriall-union","article_modified_time":"2025-02-08T13:10:22+00:00","twitter_card":"summary_large_image","twitter_misc":{"Est. reading time":"2 minutes"},"schema":{"@context":"https:\/\/schema.org","@graph":[{"@type":"WebPage","@id":"https:\/\/admin.industriall-union.org\/fr\/les-syndicats-en-greve-en-pologne-contre-la-politique-du-gouvernement\/","url":"https:\/\/admin.industriall-union.org\/fr\/les-syndicats-en-greve-en-pologne-contre-la-politique-du-gouvernement\/","name":"Les syndicats en gr\u00e8ve en Pologne contre la politique du gouvernement - industriall-union","isPartOf":{"@id":"https:\/\/admin.industriall-union.org\/#website"},"datePublished":"2013-03-28T16:24:43+00:00","dateModified":"2025-02-08T13:10:22+00:00","description":"La gr\u00e8ve g\u00e9n\u00e9rale \u00e9tait organis\u00e9e par Solidarit\u00e9, le Forum Zwiazkow Zawodowych, OPZZ et Ao\u00fbt 80, pour s&rsquo;opposer aux changements pr\u00e9vus au code de","breadcrumb":{"@id":"https:\/\/admin.industriall-union.org\/fr\/les-syndicats-en-greve-en-pologne-contre-la-politique-du-gouvernement\/#breadcrumb"},"inLanguage":"fr-FR","potentialAction":[{"@type":"ReadAction","target":["https:\/\/admin.industriall-union.org\/fr\/les-syndicats-en-greve-en-pologne-contre-la-politique-du-gouvernement\/"]}]},{"@type":"BreadcrumbList","@id":"https:\/\/admin.industriall-union.org\/fr\/les-syndicats-en-greve-en-pologne-contre-la-politique-du-gouvernement\/#breadcrumb","itemListElement":[{"@type":"ListItem","position":1,"name":"Home","item":"https:\/\/admin.industriall-union.org\/"},{"@type":"ListItem","position":2,"name":"Articles","item":"https:\/\/admin.industriall-union.org\/article\/"},{"@type":"ListItem","position":3,"name":"Les syndicats en gr\u00e8ve en Pologne contre la politique du gouvernement"}]},{"@type":"WebSite","@id":"https:\/\/admin.industriall-union.org\/#website","url":"https:\/\/admin.industriall-union.org\/","name":"industriall-union","description":"","potentialAction":[{"@type":"SearchAction","target":{"@type":"EntryPoint","urlTemplate":"https:\/\/admin.industriall-union.org\/?s={search_term_string}"},"query-input":{"@type":"PropertyValueSpecification","valueRequired":true,"valueName":"search_term_string"}}],"inLanguage":"fr-FR"}]}},"_links":{"self":[{"href":"https:\/\/admin.industriall-union.org\/fr\/wp-json\/wp\/v2\/article\/174284","targetHints":{"allow":["GET"]}}],"collection":[{"href":"https:\/\/admin.industriall-union.org\/fr\/wp-json\/wp\/v2\/article"}],"about":[{"href":"https:\/\/admin.industriall-union.org\/fr\/wp-json\/wp\/v2\/types\/article"}],"wp:attachment":[{"href":"https:\/\/admin.industriall-union.org\/fr\/wp-json\/wp\/v2\/media?parent=174284"}],"wp:term":[{"taxonomy":"issues","embeddable":true,"href":"https:\/\/admin.industriall-union.org\/fr\/wp-json\/wp\/v2\/issues?post=174284"},{"taxonomy":"companies","embeddable":true,"href":"https:\/\/admin.industriall-union.org\/fr\/wp-json\/wp\/v2\/companies?post=174284"},{"taxonomy":"regions","embeddable":true,"href":"https:\/\/admin.industriall-union.org\/fr\/wp-json\/wp\/v2\/regions?post=174284"},{"taxonomy":"sectors","embeddable":true,"href":"https:\/\/admin.industriall-union.org\/fr\/wp-json\/wp\/v2\/sectors?post=174284"},{"taxonomy":"article_tags","embeddable":true,"href":"https:\/\/admin.industriall-union.org\/fr\/wp-json\/wp\/v2\/article_tags?post=174284"}],"curies":[{"name":"wp","href":"https:\/\/api.w.org\/{rel}","templated":true}]}}