{"id":174269,"date":"2013-04-02T22:00:00","date_gmt":"2013-04-02T22:00:00","guid":{"rendered":"https:\/\/admin.industriall-union.org\/disparition-de-travailleurs-chez-anglo-american-au-bresil\/"},"modified":"2025-02-08T13:09:11","modified_gmt":"2025-02-08T13:09:11","slug":"disparition-de-travailleurs-chez-anglo-american-au-bresil","status":"publish","type":"article","link":"https:\/\/admin.industriall-union.org\/fr\/disparition-de-travailleurs-chez-anglo-american-au-bresil\/","title":{"rendered":"Disparition de travailleurs chez Anglo American au Br\u00e9sil"},"content":{"rendered":"<p>Six salari\u00e9s de l&rsquo;entreprise mini\u00e8re, trois employ\u00e9s directement et trois autres en sous-traitance, ont disparu apr\u00e8s que le ponton eut sombr\u00e9 dans l&rsquo;Amazone. Les corps de trois des six disparus ont \u00e9t\u00e9 retrouv\u00e9s par les sauveteurs.<\/p><p>Deux corps ont \u00e9t\u00e9 d\u00e9couverts \u00e0 environ six kilom\u00e8tres de Satana, un port sur l&rsquo;Amazone dans l&rsquo;\u00c9tat br\u00e9silien de Amapa o\u00f9 se trouvait l&rsquo;infrastructure flottante, et un autre pr\u00e8s du lieu de l&rsquo;accident, selon les services r\u00e9gionaux de secours.<\/p><p>L&rsquo;entreprise a d\u00e9clar\u00e9 qu&rsquo;une partie de la rive sur laquelle le ponton \u00e9tait amarr\u00e9 s&rsquo;est effondr\u00e9e et a amen\u00e9 toute la structure \u00e0 sombrer, y compris les camions, les conteneurs, les grues, les cabines et l&rsquo;\u00e9quipement portuaire.<\/p><p>Le naufrage a \u00e9t\u00e9 initialement attribu\u00e9 \u00e0 une grosse vague qui aurait balay\u00e9 le fleuve. Cependant, les autorit\u00e9s ont d\u00e9clar\u00e9 qu&rsquo;elles enqu\u00eataient encore sur les causes et qu&rsquo;il apparaissait que la vague avait elle-m\u00eame \u00e9t\u00e9 caus\u00e9e par le naufrage du ponton.<\/p><p>IndustriALL demande une enqu\u00eate rigoureuse sur les causes de l&rsquo;accident et une indemnisation juste pour les familles des travailleurs disparus qui ne tienne pas compte de leurs conditions d&rsquo;emploi direct ou en sous-traitance.<\/p>","protected":false},"featured_media":0,"template":"","issues":[402],"companies":[8],"regions":[261],"sectors":[495],"article_tags":[],"class_list":["post-174269","article","type-article","status-publish","hentry","issues-health-and-safety","companies-angloamerican","regions-brazil","sectors-mining"],"acf":[],"yoast_head":"<!-- This site is optimized with the Yoast SEO Premium plugin v27.1 (Yoast SEO v27.1) - https:\/\/yoast.com\/product\/yoast-seo-premium-wordpress\/ -->\n<title>Disparition de travailleurs chez Anglo American au Br\u00e9sil - industriall-union<\/title>\n<meta name=\"description\" content=\"Six salari\u00e9s de l&rsquo;entreprise mini\u00e8re, trois employ\u00e9s directement et trois autres en sous-traitance, ont disparu apr\u00e8s que le ponton eut sombr\u00e9 dans\" \/>\n<meta name=\"robots\" content=\"index, follow, max-snippet:-1, max-image-preview:large, max-video-preview:-1\" \/>\n<link rel=\"canonical\" href=\"https:\/\/admin.industriall-union.org\/fr\/disparition-de-travailleurs-chez-anglo-american-au-bresil\/\" \/>\n<meta property=\"og:locale\" content=\"fr_FR\" \/>\n<meta property=\"og:type\" content=\"article\" \/>\n<meta property=\"og:title\" content=\"Disparition de travailleurs chez Anglo American au Br\u00e9sil\" \/>\n<meta property=\"og:description\" content=\"Six salari\u00e9s de l&rsquo;entreprise mini\u00e8re, trois employ\u00e9s directement et trois autres en sous-traitance, ont disparu apr\u00e8s que le ponton eut sombr\u00e9 dans\" \/>\n<meta property=\"og:url\" content=\"https:\/\/admin.industriall-union.org\/fr\/disparition-de-travailleurs-chez-anglo-american-au-bresil\/\" \/>\n<meta property=\"og:site_name\" content=\"industriall-union\" \/>\n<meta property=\"article:modified_time\" content=\"2025-02-08T13:09:11+00:00\" \/>\n<meta name=\"twitter:card\" content=\"summary_large_image\" \/>\n<meta name=\"twitter:label1\" content=\"Est. reading time\" \/>\n\t<meta name=\"twitter:data1\" content=\"1 minute\" \/>\n<script type=\"application\/ld+json\" class=\"yoast-schema-graph\">{\"@context\":\"https:\/\/schema.org\",\"@graph\":[{\"@type\":\"WebPage\",\"@id\":\"https:\/\/admin.industriall-union.org\/fr\/disparition-de-travailleurs-chez-anglo-american-au-bresil\/\",\"url\":\"https:\/\/admin.industriall-union.org\/fr\/disparition-de-travailleurs-chez-anglo-american-au-bresil\/\",\"name\":\"Disparition de travailleurs chez Anglo American au Br\u00e9sil - industriall-union\",\"isPartOf\":{\"@id\":\"https:\/\/admin.industriall-union.org\/#website\"},\"datePublished\":\"2013-04-02T22:00:00+00:00\",\"dateModified\":\"2025-02-08T13:09:11+00:00\",\"description\":\"Six salari\u00e9s de l&rsquo;entreprise mini\u00e8re, trois employ\u00e9s directement et trois autres en sous-traitance, ont disparu apr\u00e8s que le ponton eut sombr\u00e9 dans\",\"breadcrumb\":{\"@id\":\"https:\/\/admin.industriall-union.org\/fr\/disparition-de-travailleurs-chez-anglo-american-au-bresil\/#breadcrumb\"},\"inLanguage\":\"fr-FR\",\"potentialAction\":[{\"@type\":\"ReadAction\",\"target\":[\"https:\/\/admin.industriall-union.org\/fr\/disparition-de-travailleurs-chez-anglo-american-au-bresil\/\"]}]},{\"@type\":\"BreadcrumbList\",\"@id\":\"https:\/\/admin.industriall-union.org\/fr\/disparition-de-travailleurs-chez-anglo-american-au-bresil\/#breadcrumb\",\"itemListElement\":[{\"@type\":\"ListItem\",\"position\":1,\"name\":\"Home\",\"item\":\"https:\/\/admin.industriall-union.org\/\"},{\"@type\":\"ListItem\",\"position\":2,\"name\":\"Articles\",\"item\":\"https:\/\/admin.industriall-union.org\/article\/\"},{\"@type\":\"ListItem\",\"position\":3,\"name\":\"Disparition de travailleurs chez Anglo American au Br\u00e9sil\"}]},{\"@type\":\"WebSite\",\"@id\":\"https:\/\/admin.industriall-union.org\/#website\",\"url\":\"https:\/\/admin.industriall-union.org\/\",\"name\":\"industriall-union\",\"description\":\"\",\"potentialAction\":[{\"@type\":\"SearchAction\",\"target\":{\"@type\":\"EntryPoint\",\"urlTemplate\":\"https:\/\/admin.industriall-union.org\/?s={search_term_string}\"},\"query-input\":{\"@type\":\"PropertyValueSpecification\",\"valueRequired\":true,\"valueName\":\"search_term_string\"}}],\"inLanguage\":\"fr-FR\"}]}<\/script>\n<!-- \/ Yoast SEO Premium plugin. -->","yoast_head_json":{"title":"Disparition de travailleurs chez Anglo American au Br\u00e9sil - industriall-union","description":"Six salari\u00e9s de l&rsquo;entreprise mini\u00e8re, trois employ\u00e9s directement et trois autres en sous-traitance, ont disparu apr\u00e8s que le ponton eut sombr\u00e9 dans","robots":{"index":"index","follow":"follow","max-snippet":"max-snippet:-1","max-image-preview":"max-image-preview:large","max-video-preview":"max-video-preview:-1"},"canonical":"https:\/\/admin.industriall-union.org\/fr\/disparition-de-travailleurs-chez-anglo-american-au-bresil\/","og_locale":"fr_FR","og_type":"article","og_title":"Disparition de travailleurs chez Anglo American au Br\u00e9sil","og_description":"Six salari\u00e9s de l&rsquo;entreprise mini\u00e8re, trois employ\u00e9s directement et trois autres en sous-traitance, ont disparu apr\u00e8s que le ponton eut sombr\u00e9 dans","og_url":"https:\/\/admin.industriall-union.org\/fr\/disparition-de-travailleurs-chez-anglo-american-au-bresil\/","og_site_name":"industriall-union","article_modified_time":"2025-02-08T13:09:11+00:00","twitter_card":"summary_large_image","twitter_misc":{"Est. reading time":"1 minute"},"schema":{"@context":"https:\/\/schema.org","@graph":[{"@type":"WebPage","@id":"https:\/\/admin.industriall-union.org\/fr\/disparition-de-travailleurs-chez-anglo-american-au-bresil\/","url":"https:\/\/admin.industriall-union.org\/fr\/disparition-de-travailleurs-chez-anglo-american-au-bresil\/","name":"Disparition de travailleurs chez Anglo American au Br\u00e9sil - industriall-union","isPartOf":{"@id":"https:\/\/admin.industriall-union.org\/#website"},"datePublished":"2013-04-02T22:00:00+00:00","dateModified":"2025-02-08T13:09:11+00:00","description":"Six salari\u00e9s de l&rsquo;entreprise mini\u00e8re, trois employ\u00e9s directement et trois autres en sous-traitance, ont disparu apr\u00e8s que le ponton eut sombr\u00e9 dans","breadcrumb":{"@id":"https:\/\/admin.industriall-union.org\/fr\/disparition-de-travailleurs-chez-anglo-american-au-bresil\/#breadcrumb"},"inLanguage":"fr-FR","potentialAction":[{"@type":"ReadAction","target":["https:\/\/admin.industriall-union.org\/fr\/disparition-de-travailleurs-chez-anglo-american-au-bresil\/"]}]},{"@type":"BreadcrumbList","@id":"https:\/\/admin.industriall-union.org\/fr\/disparition-de-travailleurs-chez-anglo-american-au-bresil\/#breadcrumb","itemListElement":[{"@type":"ListItem","position":1,"name":"Home","item":"https:\/\/admin.industriall-union.org\/"},{"@type":"ListItem","position":2,"name":"Articles","item":"https:\/\/admin.industriall-union.org\/article\/"},{"@type":"ListItem","position":3,"name":"Disparition de travailleurs chez Anglo American au Br\u00e9sil"}]},{"@type":"WebSite","@id":"https:\/\/admin.industriall-union.org\/#website","url":"https:\/\/admin.industriall-union.org\/","name":"industriall-union","description":"","potentialAction":[{"@type":"SearchAction","target":{"@type":"EntryPoint","urlTemplate":"https:\/\/admin.industriall-union.org\/?s={search_term_string}"},"query-input":{"@type":"PropertyValueSpecification","valueRequired":true,"valueName":"search_term_string"}}],"inLanguage":"fr-FR"}]}},"_links":{"self":[{"href":"https:\/\/admin.industriall-union.org\/fr\/wp-json\/wp\/v2\/article\/174269","targetHints":{"allow":["GET"]}}],"collection":[{"href":"https:\/\/admin.industriall-union.org\/fr\/wp-json\/wp\/v2\/article"}],"about":[{"href":"https:\/\/admin.industriall-union.org\/fr\/wp-json\/wp\/v2\/types\/article"}],"wp:attachment":[{"href":"https:\/\/admin.industriall-union.org\/fr\/wp-json\/wp\/v2\/media?parent=174269"}],"wp:term":[{"taxonomy":"issues","embeddable":true,"href":"https:\/\/admin.industriall-union.org\/fr\/wp-json\/wp\/v2\/issues?post=174269"},{"taxonomy":"companies","embeddable":true,"href":"https:\/\/admin.industriall-union.org\/fr\/wp-json\/wp\/v2\/companies?post=174269"},{"taxonomy":"regions","embeddable":true,"href":"https:\/\/admin.industriall-union.org\/fr\/wp-json\/wp\/v2\/regions?post=174269"},{"taxonomy":"sectors","embeddable":true,"href":"https:\/\/admin.industriall-union.org\/fr\/wp-json\/wp\/v2\/sectors?post=174269"},{"taxonomy":"article_tags","embeddable":true,"href":"https:\/\/admin.industriall-union.org\/fr\/wp-json\/wp\/v2\/article_tags?post=174269"}],"curies":[{"name":"wp","href":"https:\/\/api.w.org\/{rel}","templated":true}]}}