{"id":174255,"date":"2013-04-04T15:12:57","date_gmt":"2013-04-04T15:12:57","guid":{"rendered":"https:\/\/admin.industriall-union.org\/le-conflit-s-aggrave-chez-les-travailleurs-chiliens-du-cuivre\/"},"modified":"2025-02-08T13:02:48","modified_gmt":"2025-02-08T13:02:48","slug":"le-conflit-s-aggrave-chez-les-travailleurs-chiliens-du-cuivre","status":"publish","type":"article","link":"https:\/\/admin.industriall-union.org\/fr\/le-conflit-s-aggrave-chez-les-travailleurs-chiliens-du-cuivre\/","title":{"rendered":"Le conflit s\u2019aggrave chez les travailleurs chiliens du cuivre"},"content":{"rendered":"<p>Apr\u00e8s le d\u00e9c\u00e8s de Nelson Barr\u00eda, le syndicat a convoqu\u00e9 une r\u00e9union qui a vot\u00e9 en faveur d&rsquo;une gr\u00e8ve pour protester contre la mort de leur coll\u00e8gue. Le syndicat a demand\u00e9 la d\u00e9mission du directeur g\u00e9n\u00e9ral de la division Radomiro Tomic. La f\u00e9d\u00e9ration des travailleurs du cuivre (FTC), affili\u00e9e \u00e0 IndustriALL, a accord\u00e9 son soutien total au syndicat de la division Radomiro Tomic.<\/p><p>Le samedi 30 mars, l&rsquo;entreprise a ferm\u00e9 l&rsquo;usine qui \u00e9tait paralys\u00e9e. Cependant, le lendemain, Thomas Keller, directeur g\u00e9n\u00e9ral de CODELCO a accept\u00e9 la d\u00e9mission de Francisco Carvajal, directeur g\u00e9n\u00e9ral de la division Radomiro Tomic.<\/p><p>La FTC a d\u00e9clar\u00e9 demander la d\u00e9mission de Carvajal car la direction n&rsquo;a pas agi de mani\u00e8re responsable apr\u00e8s une s\u00e9rie d&rsquo;avertissements sur la s\u00e9curit\u00e9 avant l&rsquo;accident.<\/p><p>Le pr\u00e9sident de la FTC, Raimundo Espinoza, a expliqu\u00e9 qu&rsquo;apr\u00e8s la d\u00e9mission du directeur, la main-d&rsquo;\u0153uvre avait d\u00e9cid\u00e9 de reprendre le travail avec la premi\u00e8re \u00e9quipe post\u00e9e du 1<sup>er<\/sup> avril. Il a dit que le personnel ne voulait plus accepter l&rsquo;attitude arrogante et autoritaire des cadres de la direction de CODELCO en ajoutant &ldquo;que nous avons malheureusement d\u00e9plor\u00e9 quatre accidents mortels chez CODELCO au cours des quatre derniers mois&rdquo;.<\/p><p>&ldquo;Nous ne sommes pas heureux de faire gr\u00e8ve, mais ces gens ne comprennent rien d&rsquo;autre. Les cadres de la direction n&rsquo;\u00e9coutent pas, c&rsquo;est comme parler \u00e0 un mur en briques. Certains cadres dans cette entreprise ignorent les conditions dans lesquelles les salari\u00e9s travaillent, et le r\u00e9sultat, c&rsquo;est ce genre d&rsquo;accident&rdquo;, a dit Espinoza.<\/p><p>En ce qui concerne la <a href=\"http:\/\/www.industriall-union.org\/fr\/les-travailleurs-chiliens-du-cuivre-annoncent-une-greve-nationale\">gr\u00e8ve nationale pr\u00e9vue<\/a>,&nbsp;Espinoza a expliqu\u00e9 que &ldquo;comme en 2011, nous continuerons \u00e0 nous pr\u00e9parer \u00e0 faire gr\u00e8ve car les cadres de la direction ne veulent rien entendre&rdquo;, en ajoutant que &ldquo;toutes les divisions&rdquo; discutent d&rsquo;une date pour la gr\u00e8ve.<\/p><p>Enfin, il a demand\u00e9 \u00e0 la direction de CODELCO &ldquo;d&rsquo;apprendre \u00e0 \u00e9couter pour \u00e9viter tous ces probl\u00e8mes. Le directeur g\u00e9n\u00e9ral a dit que les gr\u00e8ves ne r\u00e9solvent rien, mais certains comprennent seulement quand on engage une action, et je veux que cela serve d&rsquo;exemple&rdquo;.<\/p>","protected":false},"featured_media":0,"template":"","issues":[402,425],"companies":[],"regions":[263],"sectors":[495],"article_tags":[529],"class_list":["post-174255","article","type-article","status-publish","hentry","issues-health-and-safety","issues-workers-rights","regions-chile","sectors-mining","article_tags-strike"],"acf":[],"yoast_head":"<!-- This site is optimized with the Yoast SEO Premium plugin v27.1 (Yoast SEO v27.1) - https:\/\/yoast.com\/product\/yoast-seo-premium-wordpress\/ -->\n<title>Le conflit s\u2019aggrave chez les travailleurs chiliens du cuivre - industriall-union<\/title>\n<meta name=\"description\" content=\"Apr\u00e8s le d\u00e9c\u00e8s de Nelson Barr\u00eda, le syndicat a convoqu\u00e9 une r\u00e9union qui a vot\u00e9 en faveur d&rsquo;une gr\u00e8ve pour protester contre la mort de leur coll\u00e8gue.\" \/>\n<meta name=\"robots\" content=\"index, follow, max-snippet:-1, max-image-preview:large, max-video-preview:-1\" \/>\n<link rel=\"canonical\" href=\"https:\/\/admin.industriall-union.org\/fr\/le-conflit-s-aggrave-chez-les-travailleurs-chiliens-du-cuivre\/\" \/>\n<meta property=\"og:locale\" content=\"fr_FR\" \/>\n<meta property=\"og:type\" content=\"article\" \/>\n<meta property=\"og:title\" content=\"Le conflit s\u2019aggrave chez les travailleurs chiliens du cuivre\" \/>\n<meta property=\"og:description\" content=\"Apr\u00e8s le d\u00e9c\u00e8s de Nelson Barr\u00eda, le syndicat a convoqu\u00e9 une r\u00e9union qui a vot\u00e9 en faveur d&rsquo;une gr\u00e8ve pour protester contre la mort de leur coll\u00e8gue.\" \/>\n<meta property=\"og:url\" content=\"https:\/\/admin.industriall-union.org\/fr\/le-conflit-s-aggrave-chez-les-travailleurs-chiliens-du-cuivre\/\" \/>\n<meta property=\"og:site_name\" content=\"industriall-union\" \/>\n<meta property=\"article:modified_time\" content=\"2025-02-08T13:02:48+00:00\" \/>\n<meta name=\"twitter:card\" content=\"summary_large_image\" \/>\n<meta name=\"twitter:label1\" content=\"Est. reading time\" \/>\n\t<meta name=\"twitter:data1\" content=\"2 minutes\" \/>\n<script type=\"application\/ld+json\" class=\"yoast-schema-graph\">{\"@context\":\"https:\/\/schema.org\",\"@graph\":[{\"@type\":\"WebPage\",\"@id\":\"https:\/\/admin.industriall-union.org\/fr\/le-conflit-s-aggrave-chez-les-travailleurs-chiliens-du-cuivre\/\",\"url\":\"https:\/\/admin.industriall-union.org\/fr\/le-conflit-s-aggrave-chez-les-travailleurs-chiliens-du-cuivre\/\",\"name\":\"Le conflit s\u2019aggrave chez les travailleurs chiliens du cuivre - industriall-union\",\"isPartOf\":{\"@id\":\"https:\/\/admin.industriall-union.org\/#website\"},\"datePublished\":\"2013-04-04T15:12:57+00:00\",\"dateModified\":\"2025-02-08T13:02:48+00:00\",\"description\":\"Apr\u00e8s le d\u00e9c\u00e8s de Nelson Barr\u00eda, le syndicat a convoqu\u00e9 une r\u00e9union qui a vot\u00e9 en faveur d&rsquo;une gr\u00e8ve pour protester contre la mort de leur coll\u00e8gue.\",\"breadcrumb\":{\"@id\":\"https:\/\/admin.industriall-union.org\/fr\/le-conflit-s-aggrave-chez-les-travailleurs-chiliens-du-cuivre\/#breadcrumb\"},\"inLanguage\":\"fr-FR\",\"potentialAction\":[{\"@type\":\"ReadAction\",\"target\":[\"https:\/\/admin.industriall-union.org\/fr\/le-conflit-s-aggrave-chez-les-travailleurs-chiliens-du-cuivre\/\"]}]},{\"@type\":\"BreadcrumbList\",\"@id\":\"https:\/\/admin.industriall-union.org\/fr\/le-conflit-s-aggrave-chez-les-travailleurs-chiliens-du-cuivre\/#breadcrumb\",\"itemListElement\":[{\"@type\":\"ListItem\",\"position\":1,\"name\":\"Home\",\"item\":\"https:\/\/admin.industriall-union.org\/\"},{\"@type\":\"ListItem\",\"position\":2,\"name\":\"Articles\",\"item\":\"https:\/\/admin.industriall-union.org\/article\/\"},{\"@type\":\"ListItem\",\"position\":3,\"name\":\"Le conflit s\u2019aggrave chez les travailleurs chiliens du cuivre\"}]},{\"@type\":\"WebSite\",\"@id\":\"https:\/\/admin.industriall-union.org\/#website\",\"url\":\"https:\/\/admin.industriall-union.org\/\",\"name\":\"industriall-union\",\"description\":\"\",\"potentialAction\":[{\"@type\":\"SearchAction\",\"target\":{\"@type\":\"EntryPoint\",\"urlTemplate\":\"https:\/\/admin.industriall-union.org\/?s={search_term_string}\"},\"query-input\":{\"@type\":\"PropertyValueSpecification\",\"valueRequired\":true,\"valueName\":\"search_term_string\"}}],\"inLanguage\":\"fr-FR\"}]}<\/script>\n<!-- \/ Yoast SEO Premium plugin. -->","yoast_head_json":{"title":"Le conflit s\u2019aggrave chez les travailleurs chiliens du cuivre - industriall-union","description":"Apr\u00e8s le d\u00e9c\u00e8s de Nelson Barr\u00eda, le syndicat a convoqu\u00e9 une r\u00e9union qui a vot\u00e9 en faveur d&rsquo;une gr\u00e8ve pour protester contre la mort de leur coll\u00e8gue.","robots":{"index":"index","follow":"follow","max-snippet":"max-snippet:-1","max-image-preview":"max-image-preview:large","max-video-preview":"max-video-preview:-1"},"canonical":"https:\/\/admin.industriall-union.org\/fr\/le-conflit-s-aggrave-chez-les-travailleurs-chiliens-du-cuivre\/","og_locale":"fr_FR","og_type":"article","og_title":"Le conflit s\u2019aggrave chez les travailleurs chiliens du cuivre","og_description":"Apr\u00e8s le d\u00e9c\u00e8s de Nelson Barr\u00eda, le syndicat a convoqu\u00e9 une r\u00e9union qui a vot\u00e9 en faveur d&rsquo;une gr\u00e8ve pour protester contre la mort de leur coll\u00e8gue.","og_url":"https:\/\/admin.industriall-union.org\/fr\/le-conflit-s-aggrave-chez-les-travailleurs-chiliens-du-cuivre\/","og_site_name":"industriall-union","article_modified_time":"2025-02-08T13:02:48+00:00","twitter_card":"summary_large_image","twitter_misc":{"Est. reading time":"2 minutes"},"schema":{"@context":"https:\/\/schema.org","@graph":[{"@type":"WebPage","@id":"https:\/\/admin.industriall-union.org\/fr\/le-conflit-s-aggrave-chez-les-travailleurs-chiliens-du-cuivre\/","url":"https:\/\/admin.industriall-union.org\/fr\/le-conflit-s-aggrave-chez-les-travailleurs-chiliens-du-cuivre\/","name":"Le conflit s\u2019aggrave chez les travailleurs chiliens du cuivre - industriall-union","isPartOf":{"@id":"https:\/\/admin.industriall-union.org\/#website"},"datePublished":"2013-04-04T15:12:57+00:00","dateModified":"2025-02-08T13:02:48+00:00","description":"Apr\u00e8s le d\u00e9c\u00e8s de Nelson Barr\u00eda, le syndicat a convoqu\u00e9 une r\u00e9union qui a vot\u00e9 en faveur d&rsquo;une gr\u00e8ve pour protester contre la mort de leur coll\u00e8gue.","breadcrumb":{"@id":"https:\/\/admin.industriall-union.org\/fr\/le-conflit-s-aggrave-chez-les-travailleurs-chiliens-du-cuivre\/#breadcrumb"},"inLanguage":"fr-FR","potentialAction":[{"@type":"ReadAction","target":["https:\/\/admin.industriall-union.org\/fr\/le-conflit-s-aggrave-chez-les-travailleurs-chiliens-du-cuivre\/"]}]},{"@type":"BreadcrumbList","@id":"https:\/\/admin.industriall-union.org\/fr\/le-conflit-s-aggrave-chez-les-travailleurs-chiliens-du-cuivre\/#breadcrumb","itemListElement":[{"@type":"ListItem","position":1,"name":"Home","item":"https:\/\/admin.industriall-union.org\/"},{"@type":"ListItem","position":2,"name":"Articles","item":"https:\/\/admin.industriall-union.org\/article\/"},{"@type":"ListItem","position":3,"name":"Le conflit s\u2019aggrave chez les travailleurs chiliens du cuivre"}]},{"@type":"WebSite","@id":"https:\/\/admin.industriall-union.org\/#website","url":"https:\/\/admin.industriall-union.org\/","name":"industriall-union","description":"","potentialAction":[{"@type":"SearchAction","target":{"@type":"EntryPoint","urlTemplate":"https:\/\/admin.industriall-union.org\/?s={search_term_string}"},"query-input":{"@type":"PropertyValueSpecification","valueRequired":true,"valueName":"search_term_string"}}],"inLanguage":"fr-FR"}]}},"_links":{"self":[{"href":"https:\/\/admin.industriall-union.org\/fr\/wp-json\/wp\/v2\/article\/174255","targetHints":{"allow":["GET"]}}],"collection":[{"href":"https:\/\/admin.industriall-union.org\/fr\/wp-json\/wp\/v2\/article"}],"about":[{"href":"https:\/\/admin.industriall-union.org\/fr\/wp-json\/wp\/v2\/types\/article"}],"wp:attachment":[{"href":"https:\/\/admin.industriall-union.org\/fr\/wp-json\/wp\/v2\/media?parent=174255"}],"wp:term":[{"taxonomy":"issues","embeddable":true,"href":"https:\/\/admin.industriall-union.org\/fr\/wp-json\/wp\/v2\/issues?post=174255"},{"taxonomy":"companies","embeddable":true,"href":"https:\/\/admin.industriall-union.org\/fr\/wp-json\/wp\/v2\/companies?post=174255"},{"taxonomy":"regions","embeddable":true,"href":"https:\/\/admin.industriall-union.org\/fr\/wp-json\/wp\/v2\/regions?post=174255"},{"taxonomy":"sectors","embeddable":true,"href":"https:\/\/admin.industriall-union.org\/fr\/wp-json\/wp\/v2\/sectors?post=174255"},{"taxonomy":"article_tags","embeddable":true,"href":"https:\/\/admin.industriall-union.org\/fr\/wp-json\/wp\/v2\/article_tags?post=174255"}],"curies":[{"name":"wp","href":"https:\/\/api.w.org\/{rel}","templated":true}]}}