{"id":174236,"date":"2013-04-11T12:54:25","date_gmt":"2013-04-11T12:54:25","guid":{"rendered":"https:\/\/admin.industriall-union.org\/un-travailleur-de-honda-tue-au-mexique\/"},"modified":"2025-02-08T12:59:56","modified_gmt":"2025-02-08T12:59:56","slug":"un-travailleur-de-honda-tue-au-mexique","status":"publish","type":"article","link":"https:\/\/admin.industriall-union.org\/fr\/un-travailleur-de-honda-tue-au-mexique\/","title":{"rendered":"Un travailleur de Honda tu\u00e9 au Mexique"},"content":{"rendered":"<p>IndustriALL a demand\u00e9 que l&#039;entreprise entreprenne imm\u00e9diatement une enqu\u00eate approfondie pour d\u00e9terminer les causes de l&#039;accident mortel et accorde \u00e0 la famille du travailleur une indemnisation financi\u00e8re.<\/p><p>Jose Luis Solorio, secr\u00e9taire g\u00e9n\u00e9ral du syndicat des travailleurs de Honda Mexico, STUHM, a annonc\u00e9 le 25 mars le d\u00e9c\u00e8s de Armando Arana. Il est mort alors qu&#039;il peignait une rampe de chargement, \u00e9cras\u00e9 par un porte-conteneur. Il travaillait depuis 14 ans dans l&#039;entreprise et s&#039;\u00e9tait plaint \u00e0 plusieurs reprises du manque de s\u00e9curit\u00e9 dans les conditions de travail. L&#039;entreprise avait r\u00e9pondu par un harc\u00e8lement et en le faisant travailler par punition loin de sa zone habituelle, la zone de pressage. Le dirigeant du STUHM a expliqu\u00e9 que:<\/p><blockquote><p>Il a re\u00e7u l&#039;ordre avec d&#039;autres coll\u00e8gues de peindre en jaune des rampes de d\u00e9chargement dans l&#039;usine de moto. On leur a dit de d\u00e9placer des conteneurs et de travailler dans un espace d&rsquo;environ 1 m\u00e8tre. Les travailleurs ont demand\u00e9 \u00e0 l&#039;entreprise de placer des panneaux d&#039;avertissement du fait qui leur \u00e9tait demand\u00e9 de travailler dans une zone de chargement et de d\u00e9chargement de conteneurs. La direction a r\u00e9pondu que ce n&#039;\u00e9tait pas n\u00e9cessaire en ajoutant qu&#039;ils perdraient leur travail s&#039;ils ne faisaient pas ce qui leur \u00e9tait demand\u00e9, ce qui a fait que les travailleurs n&#039;ont pas protest\u00e9.&nbsp;<\/p><\/blockquote><p>&ldquo;\u00c0 environ 14h30, sur l&#039;ordre de la direction, un conducteur a enclench\u00e9 la marche arri\u00e8re dans la zone pour attacher un conteneur. Alors qu&#039;il r\u00e9alisait cette man\u0153uvre, le conteneur \u00e0 \u00e9cras\u00e9 Armando Arana qui peignait la rampe&ldquo;. Jose Luis Solorio a dit que le coll\u00e8gue \u00e9tait une &ldquo;victime de la n\u00e9gligence de Honda Mexico qui n&#039;a pas pris les mesures de s\u00e9curit\u00e9 n\u00e9cessaires&rdquo; en ajoutant que &ldquo;ce crime ne doit pas rester impuni&rdquo;.<\/p><p>Le STUHM a demand\u00e9 \u00e0 Honda d&rsquo;expliquer pourquoi les dirigeants de l&#039;entreprise harcelaient Armando Arana, et pourquoi ils ont refus\u00e9 de prendre un minimum de mesures de s\u00e9curit\u00e9 qui auraient pu \u00e9viter cette trag\u00e9die. Mais plus de deux semaines apr\u00e8s la mort du travailleur, l&#039;entreprise continue de maintenir un silence criminel.<\/p><p>La presse a largement rendu compte des protestations des syndicats et des organisations de la soci\u00e9t\u00e9 civile. Le syndicat national des mineurs et des m\u00e9tallurgistes (SNTMMSRM), le syndicat des \u00e9lectriciens (SME) et le centre de recherche syndicale, CILAS, ont \u00e9crit \u00e0 l&#039;entreprise en condamnant son attitude. Ils ont \u00e9galement \u00e9crit aux services de la main-d&#039;\u0153uvre au niveau f\u00e9d\u00e9ral et \u00e0 celui de l&#039;\u00c9tat, en demandant &ldquo;au ministre du travail et aux services de la main-d&#039;\u0153uvre aux niveaux f\u00e9d\u00e9ral et local d&#039;identifier les responsables de cette affaire d&#039;homicide industriel, de r\u00e9aliser une inspection d\u00e9taill\u00e9e de la zone de travail et d&#039;insister pour que Honda Mexico prenne des mesures visant \u00e0 prot\u00e9ger la vie des travailleurs dans les zones \u00e0 haut risque et \u00e0 emp\u00eacher d&#039;autres actes de n\u00e9gligence&rdquo;. <a href=\"http:\/\/www.lajornadajalisco.com.mx\/2013\/04\/08\/el-correo-ilustrado-255\/\">Voir l&rsquo;article<\/a>.<\/p><p>Les syndicats japonais affili\u00e9s \u00e0 IndustriALL ont exprim\u00e9 leur horreur et leur tristesse. Ils ont contact\u00e9 le si\u00e8ge de Honda pour exiger une enqu\u00eate d\u00e9taill\u00e9e sur cette affaire. IndustriALL demande \u00e0 l&#039;entreprise et aux autorit\u00e9s mexicaines d&#039;entreprendre une action, et soutient le syndicat qui exige que ce crime ne reste pas impuni. Enfin, l&#039;Internationale demande \u00e0 tous les syndicats affili\u00e9s d&#039;exiger que l&#039;entreprise m\u00e8ne une enqu\u00eate \u00e9quitable et responsable sur la mort de notre coll\u00e8gue mexicain.&nbsp;<\/p>","protected":false},"featured_media":0,"template":"","issues":[402],"companies":[69],"regions":[275],"sectors":[482],"article_tags":[],"class_list":["post-174236","article","type-article","status-publish","hentry","issues-health-and-safety","companies-honda","regions-mexico","sectors-automotive"],"acf":[],"yoast_head":"<!-- This site is optimized with the Yoast SEO Premium plugin v27.1 (Yoast SEO v27.1) - https:\/\/yoast.com\/product\/yoast-seo-premium-wordpress\/ -->\n<title>Un travailleur de Honda tu\u00e9 au Mexique - industriall-union<\/title>\n<meta name=\"description\" content=\"IndustriALL a demand\u00e9 que l&#039;entreprise entreprenne imm\u00e9diatement une enqu\u00eate approfondie pour d\u00e9terminer les causes de l&#039;accident mortel et\" \/>\n<meta name=\"robots\" content=\"index, follow, max-snippet:-1, max-image-preview:large, max-video-preview:-1\" \/>\n<link rel=\"canonical\" href=\"https:\/\/admin.industriall-union.org\/fr\/un-travailleur-de-honda-tue-au-mexique\/\" \/>\n<meta property=\"og:locale\" content=\"fr_FR\" \/>\n<meta property=\"og:type\" content=\"article\" \/>\n<meta property=\"og:title\" content=\"Un travailleur de Honda tu\u00e9 au Mexique\" \/>\n<meta property=\"og:description\" content=\"IndustriALL a demand\u00e9 que l&#039;entreprise entreprenne imm\u00e9diatement une enqu\u00eate approfondie pour d\u00e9terminer les causes de l&#039;accident mortel et\" \/>\n<meta property=\"og:url\" content=\"https:\/\/admin.industriall-union.org\/fr\/un-travailleur-de-honda-tue-au-mexique\/\" \/>\n<meta property=\"og:site_name\" content=\"industriall-union\" \/>\n<meta property=\"article:modified_time\" content=\"2025-02-08T12:59:56+00:00\" \/>\n<meta name=\"twitter:card\" content=\"summary_large_image\" \/>\n<meta name=\"twitter:label1\" content=\"Est. reading time\" \/>\n\t<meta name=\"twitter:data1\" content=\"3 minutes\" \/>\n<script type=\"application\/ld+json\" class=\"yoast-schema-graph\">{\"@context\":\"https:\/\/schema.org\",\"@graph\":[{\"@type\":\"WebPage\",\"@id\":\"https:\/\/admin.industriall-union.org\/fr\/un-travailleur-de-honda-tue-au-mexique\/\",\"url\":\"https:\/\/admin.industriall-union.org\/fr\/un-travailleur-de-honda-tue-au-mexique\/\",\"name\":\"Un travailleur de Honda tu\u00e9 au Mexique - industriall-union\",\"isPartOf\":{\"@id\":\"https:\/\/admin.industriall-union.org\/#website\"},\"datePublished\":\"2013-04-11T12:54:25+00:00\",\"dateModified\":\"2025-02-08T12:59:56+00:00\",\"description\":\"IndustriALL a demand\u00e9 que l&#039;entreprise entreprenne imm\u00e9diatement une enqu\u00eate approfondie pour d\u00e9terminer les causes de l&#039;accident mortel et\",\"breadcrumb\":{\"@id\":\"https:\/\/admin.industriall-union.org\/fr\/un-travailleur-de-honda-tue-au-mexique\/#breadcrumb\"},\"inLanguage\":\"fr-FR\",\"potentialAction\":[{\"@type\":\"ReadAction\",\"target\":[\"https:\/\/admin.industriall-union.org\/fr\/un-travailleur-de-honda-tue-au-mexique\/\"]}]},{\"@type\":\"BreadcrumbList\",\"@id\":\"https:\/\/admin.industriall-union.org\/fr\/un-travailleur-de-honda-tue-au-mexique\/#breadcrumb\",\"itemListElement\":[{\"@type\":\"ListItem\",\"position\":1,\"name\":\"Home\",\"item\":\"https:\/\/admin.industriall-union.org\/\"},{\"@type\":\"ListItem\",\"position\":2,\"name\":\"Articles\",\"item\":\"https:\/\/admin.industriall-union.org\/article\/\"},{\"@type\":\"ListItem\",\"position\":3,\"name\":\"Un travailleur de Honda tu\u00e9 au Mexique\"}]},{\"@type\":\"WebSite\",\"@id\":\"https:\/\/admin.industriall-union.org\/#website\",\"url\":\"https:\/\/admin.industriall-union.org\/\",\"name\":\"industriall-union\",\"description\":\"\",\"potentialAction\":[{\"@type\":\"SearchAction\",\"target\":{\"@type\":\"EntryPoint\",\"urlTemplate\":\"https:\/\/admin.industriall-union.org\/?s={search_term_string}\"},\"query-input\":{\"@type\":\"PropertyValueSpecification\",\"valueRequired\":true,\"valueName\":\"search_term_string\"}}],\"inLanguage\":\"fr-FR\"}]}<\/script>\n<!-- \/ Yoast SEO Premium plugin. -->","yoast_head_json":{"title":"Un travailleur de Honda tu\u00e9 au Mexique - industriall-union","description":"IndustriALL a demand\u00e9 que l&#039;entreprise entreprenne imm\u00e9diatement une enqu\u00eate approfondie pour d\u00e9terminer les causes de l&#039;accident mortel et","robots":{"index":"index","follow":"follow","max-snippet":"max-snippet:-1","max-image-preview":"max-image-preview:large","max-video-preview":"max-video-preview:-1"},"canonical":"https:\/\/admin.industriall-union.org\/fr\/un-travailleur-de-honda-tue-au-mexique\/","og_locale":"fr_FR","og_type":"article","og_title":"Un travailleur de Honda tu\u00e9 au Mexique","og_description":"IndustriALL a demand\u00e9 que l&#039;entreprise entreprenne imm\u00e9diatement une enqu\u00eate approfondie pour d\u00e9terminer les causes de l&#039;accident mortel et","og_url":"https:\/\/admin.industriall-union.org\/fr\/un-travailleur-de-honda-tue-au-mexique\/","og_site_name":"industriall-union","article_modified_time":"2025-02-08T12:59:56+00:00","twitter_card":"summary_large_image","twitter_misc":{"Est. reading time":"3 minutes"},"schema":{"@context":"https:\/\/schema.org","@graph":[{"@type":"WebPage","@id":"https:\/\/admin.industriall-union.org\/fr\/un-travailleur-de-honda-tue-au-mexique\/","url":"https:\/\/admin.industriall-union.org\/fr\/un-travailleur-de-honda-tue-au-mexique\/","name":"Un travailleur de Honda tu\u00e9 au Mexique - industriall-union","isPartOf":{"@id":"https:\/\/admin.industriall-union.org\/#website"},"datePublished":"2013-04-11T12:54:25+00:00","dateModified":"2025-02-08T12:59:56+00:00","description":"IndustriALL a demand\u00e9 que l&#039;entreprise entreprenne imm\u00e9diatement une enqu\u00eate approfondie pour d\u00e9terminer les causes de l&#039;accident mortel et","breadcrumb":{"@id":"https:\/\/admin.industriall-union.org\/fr\/un-travailleur-de-honda-tue-au-mexique\/#breadcrumb"},"inLanguage":"fr-FR","potentialAction":[{"@type":"ReadAction","target":["https:\/\/admin.industriall-union.org\/fr\/un-travailleur-de-honda-tue-au-mexique\/"]}]},{"@type":"BreadcrumbList","@id":"https:\/\/admin.industriall-union.org\/fr\/un-travailleur-de-honda-tue-au-mexique\/#breadcrumb","itemListElement":[{"@type":"ListItem","position":1,"name":"Home","item":"https:\/\/admin.industriall-union.org\/"},{"@type":"ListItem","position":2,"name":"Articles","item":"https:\/\/admin.industriall-union.org\/article\/"},{"@type":"ListItem","position":3,"name":"Un travailleur de Honda tu\u00e9 au Mexique"}]},{"@type":"WebSite","@id":"https:\/\/admin.industriall-union.org\/#website","url":"https:\/\/admin.industriall-union.org\/","name":"industriall-union","description":"","potentialAction":[{"@type":"SearchAction","target":{"@type":"EntryPoint","urlTemplate":"https:\/\/admin.industriall-union.org\/?s={search_term_string}"},"query-input":{"@type":"PropertyValueSpecification","valueRequired":true,"valueName":"search_term_string"}}],"inLanguage":"fr-FR"}]}},"_links":{"self":[{"href":"https:\/\/admin.industriall-union.org\/fr\/wp-json\/wp\/v2\/article\/174236","targetHints":{"allow":["GET"]}}],"collection":[{"href":"https:\/\/admin.industriall-union.org\/fr\/wp-json\/wp\/v2\/article"}],"about":[{"href":"https:\/\/admin.industriall-union.org\/fr\/wp-json\/wp\/v2\/types\/article"}],"wp:attachment":[{"href":"https:\/\/admin.industriall-union.org\/fr\/wp-json\/wp\/v2\/media?parent=174236"}],"wp:term":[{"taxonomy":"issues","embeddable":true,"href":"https:\/\/admin.industriall-union.org\/fr\/wp-json\/wp\/v2\/issues?post=174236"},{"taxonomy":"companies","embeddable":true,"href":"https:\/\/admin.industriall-union.org\/fr\/wp-json\/wp\/v2\/companies?post=174236"},{"taxonomy":"regions","embeddable":true,"href":"https:\/\/admin.industriall-union.org\/fr\/wp-json\/wp\/v2\/regions?post=174236"},{"taxonomy":"sectors","embeddable":true,"href":"https:\/\/admin.industriall-union.org\/fr\/wp-json\/wp\/v2\/sectors?post=174236"},{"taxonomy":"article_tags","embeddable":true,"href":"https:\/\/admin.industriall-union.org\/fr\/wp-json\/wp\/v2\/article_tags?post=174236"}],"curies":[{"name":"wp","href":"https:\/\/api.w.org\/{rel}","templated":true}]}}