{"id":174226,"date":"2013-04-11T13:44:42","date_gmt":"2013-04-11T13:44:42","guid":{"rendered":"https:\/\/admin.industriall-union.org\/rapport-sur-l-offensive-du-printemps-de-jcm-concernant-le-statut-du-travail\/"},"modified":"2025-02-08T12:55:49","modified_gmt":"2025-02-08T12:55:49","slug":"rapport-sur-l-offensive-du-printemps-de-jcm-concernant-le-statut-du-travail","status":"publish","type":"article","link":"https:\/\/admin.industriall-union.org\/fr\/rapport-sur-l-offensive-du-printemps-de-jcm-concernant-le-statut-du-travail\/","title":{"rendered":"Rapport sur l\u2019offensive du printemps de JCM concernant le statut du travail"},"content":{"rendered":"<p>JCM a re\u00e7u une s\u00e9rie de r\u00e9ponses \u00e0 la mi-mars et a rendu compte des r\u00e9sultats sur les mesures prises par 55 syndicats affili\u00e9s \u00e0 JCM, regroupant des travailleurs et travailleuses employ\u00e9s dans de grandes entreprises des industries de l&#039;automobile, de l&#039;\u00e9lectricit\u00e9 et de l&#039;\u00e9lectronique, des machineries, de l&#039;acier, de la construction navale, des m\u00e9taux non ferreux et des c\u00e2bles \u00e9lectriques.<\/p><p>Tous les syndicats ont obtenu des augmentations salariales p\u00e9riodiques dans le cadre de la structure salariale, ce qui implique le maintien du syst\u00e8me salarial portant sur des augmentations annuelles individuelles qui ne soient pas inf\u00e9rieures aux normes salariales de l&#039;ann\u00e9e pr\u00e9c\u00e9dente pour chaque groupe d&rsquo;\u00e2ge. Pour assurer une augmentation p\u00e9riodique des salaires, il est n\u00e9cessaire d&#039;augmenter les salaires individuels d&rsquo;environ 2 pour cent.<\/p><p>En ce qui concerne les primes et le salaire minimum, JCM est parvenu \u00e0 obtenir une prime \u00e9quivalant \u00e0 4,77 mois, soit un accroissement de 0,17 mois sur la norme de 4,60 mois de l&#039;ann\u00e9e pr\u00e9c\u00e9dente. Pour les salaires minimums intra-entreprise, 1es syndicats ont r\u00e9ussi \u00e0 obtenir des hausses de 500 yen.<\/p><p>En ce qui concerne la d\u00e9cision du gouvernement de r\u00e9former la r\u00e9glementation du travail, JCM a d\u00e9clar\u00e9:<\/p><blockquote><p>L&rsquo;organe consultatif du gouvernement examine les changements apport\u00e9s aux conditions de travail qui d\u00e9savantageraient des travailleurs et travailleuses. Les r\u00e9formes permettraient aux employeurs de supprimer plus facilement des postes de travail. JCM s&rsquo;oppose fermement \u00e0 ces sortes de r\u00e9forme. Le gouvernement devrait maintenant r\u00e9duire l&#039;augmentation du nombre de travailleurs et travailleuses n&rsquo;ayant pas d&#039;emploi fixe qui sont sujets \u00e0 une instabilit\u00e9 de l&#039;emploi et dont les revenus sont bas, am\u00e9liorer l&#039;environnement pour obtenir un traitement \u00e9gal et \u00e9quilibr\u00e9 \u00e0 celui des salari\u00e9s ayant un emploi r\u00e9gulier, et augmenter d&#039;une fa\u00e7on g\u00e9n\u00e9rale les normes salariales pour en faire profiter le personnel non r\u00e9gulier en augmentant le salaire minimum.<\/p><\/blockquote>","protected":false},"featured_media":0,"template":"","issues":[],"companies":[],"regions":[168],"sectors":[482,481,490,475,472],"article_tags":[505],"class_list":["post-174226","article","type-article","status-publish","hentry","regions-japan","sectors-automotive","sectors-base-metals","sectors-ict-electrical-and-electronics","sectors-mechanical-engineering","sectors-shipbuilding","article_tags-collective-bargaining"],"acf":[],"yoast_head":"<!-- This site is optimized with the Yoast SEO Premium plugin v27.1 (Yoast SEO v27.1) - https:\/\/yoast.com\/product\/yoast-seo-premium-wordpress\/ -->\n<title>Rapport sur l\u2019offensive du printemps de JCM concernant le statut du travail - industriall-union<\/title>\n<meta name=\"description\" content=\"JCM a re\u00e7u une s\u00e9rie de r\u00e9ponses \u00e0 la mi-mars et a rendu compte des r\u00e9sultats sur les mesures prises par 55 syndicats affili\u00e9s \u00e0 JCM, regroupant des\" \/>\n<meta name=\"robots\" content=\"index, follow, max-snippet:-1, max-image-preview:large, max-video-preview:-1\" \/>\n<link rel=\"canonical\" href=\"https:\/\/admin.industriall-union.org\/fr\/rapport-sur-l-offensive-du-printemps-de-jcm-concernant-le-statut-du-travail\/\" \/>\n<meta property=\"og:locale\" content=\"fr_FR\" \/>\n<meta property=\"og:type\" content=\"article\" \/>\n<meta property=\"og:title\" content=\"Rapport sur l\u2019offensive du printemps de JCM concernant le statut du travail\" \/>\n<meta property=\"og:description\" content=\"JCM a re\u00e7u une s\u00e9rie de r\u00e9ponses \u00e0 la mi-mars et a rendu compte des r\u00e9sultats sur les mesures prises par 55 syndicats affili\u00e9s \u00e0 JCM, regroupant des\" \/>\n<meta property=\"og:url\" content=\"https:\/\/admin.industriall-union.org\/fr\/rapport-sur-l-offensive-du-printemps-de-jcm-concernant-le-statut-du-travail\/\" \/>\n<meta property=\"og:site_name\" content=\"industriall-union\" \/>\n<meta property=\"article:modified_time\" content=\"2025-02-08T12:55:49+00:00\" \/>\n<meta name=\"twitter:card\" content=\"summary_large_image\" \/>\n<meta name=\"twitter:label1\" content=\"Est. reading time\" \/>\n\t<meta name=\"twitter:data1\" content=\"2 minutes\" \/>\n<script type=\"application\/ld+json\" class=\"yoast-schema-graph\">{\"@context\":\"https:\/\/schema.org\",\"@graph\":[{\"@type\":\"WebPage\",\"@id\":\"https:\/\/admin.industriall-union.org\/fr\/rapport-sur-l-offensive-du-printemps-de-jcm-concernant-le-statut-du-travail\/\",\"url\":\"https:\/\/admin.industriall-union.org\/fr\/rapport-sur-l-offensive-du-printemps-de-jcm-concernant-le-statut-du-travail\/\",\"name\":\"Rapport sur l\u2019offensive du printemps de JCM concernant le statut du travail - industriall-union\",\"isPartOf\":{\"@id\":\"https:\/\/admin.industriall-union.org\/#website\"},\"datePublished\":\"2013-04-11T13:44:42+00:00\",\"dateModified\":\"2025-02-08T12:55:49+00:00\",\"description\":\"JCM a re\u00e7u une s\u00e9rie de r\u00e9ponses \u00e0 la mi-mars et a rendu compte des r\u00e9sultats sur les mesures prises par 55 syndicats affili\u00e9s \u00e0 JCM, regroupant des\",\"breadcrumb\":{\"@id\":\"https:\/\/admin.industriall-union.org\/fr\/rapport-sur-l-offensive-du-printemps-de-jcm-concernant-le-statut-du-travail\/#breadcrumb\"},\"inLanguage\":\"fr-FR\",\"potentialAction\":[{\"@type\":\"ReadAction\",\"target\":[\"https:\/\/admin.industriall-union.org\/fr\/rapport-sur-l-offensive-du-printemps-de-jcm-concernant-le-statut-du-travail\/\"]}]},{\"@type\":\"BreadcrumbList\",\"@id\":\"https:\/\/admin.industriall-union.org\/fr\/rapport-sur-l-offensive-du-printemps-de-jcm-concernant-le-statut-du-travail\/#breadcrumb\",\"itemListElement\":[{\"@type\":\"ListItem\",\"position\":1,\"name\":\"Home\",\"item\":\"https:\/\/admin.industriall-union.org\/\"},{\"@type\":\"ListItem\",\"position\":2,\"name\":\"Articles\",\"item\":\"https:\/\/admin.industriall-union.org\/article\/\"},{\"@type\":\"ListItem\",\"position\":3,\"name\":\"Rapport sur l\u2019offensive du printemps de JCM concernant le statut du travail\"}]},{\"@type\":\"WebSite\",\"@id\":\"https:\/\/admin.industriall-union.org\/#website\",\"url\":\"https:\/\/admin.industriall-union.org\/\",\"name\":\"industriall-union\",\"description\":\"\",\"potentialAction\":[{\"@type\":\"SearchAction\",\"target\":{\"@type\":\"EntryPoint\",\"urlTemplate\":\"https:\/\/admin.industriall-union.org\/?s={search_term_string}\"},\"query-input\":{\"@type\":\"PropertyValueSpecification\",\"valueRequired\":true,\"valueName\":\"search_term_string\"}}],\"inLanguage\":\"fr-FR\"}]}<\/script>\n<!-- \/ Yoast SEO Premium plugin. -->","yoast_head_json":{"title":"Rapport sur l\u2019offensive du printemps de JCM concernant le statut du travail - industriall-union","description":"JCM a re\u00e7u une s\u00e9rie de r\u00e9ponses \u00e0 la mi-mars et a rendu compte des r\u00e9sultats sur les mesures prises par 55 syndicats affili\u00e9s \u00e0 JCM, regroupant des","robots":{"index":"index","follow":"follow","max-snippet":"max-snippet:-1","max-image-preview":"max-image-preview:large","max-video-preview":"max-video-preview:-1"},"canonical":"https:\/\/admin.industriall-union.org\/fr\/rapport-sur-l-offensive-du-printemps-de-jcm-concernant-le-statut-du-travail\/","og_locale":"fr_FR","og_type":"article","og_title":"Rapport sur l\u2019offensive du printemps de JCM concernant le statut du travail","og_description":"JCM a re\u00e7u une s\u00e9rie de r\u00e9ponses \u00e0 la mi-mars et a rendu compte des r\u00e9sultats sur les mesures prises par 55 syndicats affili\u00e9s \u00e0 JCM, regroupant des","og_url":"https:\/\/admin.industriall-union.org\/fr\/rapport-sur-l-offensive-du-printemps-de-jcm-concernant-le-statut-du-travail\/","og_site_name":"industriall-union","article_modified_time":"2025-02-08T12:55:49+00:00","twitter_card":"summary_large_image","twitter_misc":{"Est. reading time":"2 minutes"},"schema":{"@context":"https:\/\/schema.org","@graph":[{"@type":"WebPage","@id":"https:\/\/admin.industriall-union.org\/fr\/rapport-sur-l-offensive-du-printemps-de-jcm-concernant-le-statut-du-travail\/","url":"https:\/\/admin.industriall-union.org\/fr\/rapport-sur-l-offensive-du-printemps-de-jcm-concernant-le-statut-du-travail\/","name":"Rapport sur l\u2019offensive du printemps de JCM concernant le statut du travail - industriall-union","isPartOf":{"@id":"https:\/\/admin.industriall-union.org\/#website"},"datePublished":"2013-04-11T13:44:42+00:00","dateModified":"2025-02-08T12:55:49+00:00","description":"JCM a re\u00e7u une s\u00e9rie de r\u00e9ponses \u00e0 la mi-mars et a rendu compte des r\u00e9sultats sur les mesures prises par 55 syndicats affili\u00e9s \u00e0 JCM, regroupant des","breadcrumb":{"@id":"https:\/\/admin.industriall-union.org\/fr\/rapport-sur-l-offensive-du-printemps-de-jcm-concernant-le-statut-du-travail\/#breadcrumb"},"inLanguage":"fr-FR","potentialAction":[{"@type":"ReadAction","target":["https:\/\/admin.industriall-union.org\/fr\/rapport-sur-l-offensive-du-printemps-de-jcm-concernant-le-statut-du-travail\/"]}]},{"@type":"BreadcrumbList","@id":"https:\/\/admin.industriall-union.org\/fr\/rapport-sur-l-offensive-du-printemps-de-jcm-concernant-le-statut-du-travail\/#breadcrumb","itemListElement":[{"@type":"ListItem","position":1,"name":"Home","item":"https:\/\/admin.industriall-union.org\/"},{"@type":"ListItem","position":2,"name":"Articles","item":"https:\/\/admin.industriall-union.org\/article\/"},{"@type":"ListItem","position":3,"name":"Rapport sur l\u2019offensive du printemps de JCM concernant le statut du travail"}]},{"@type":"WebSite","@id":"https:\/\/admin.industriall-union.org\/#website","url":"https:\/\/admin.industriall-union.org\/","name":"industriall-union","description":"","potentialAction":[{"@type":"SearchAction","target":{"@type":"EntryPoint","urlTemplate":"https:\/\/admin.industriall-union.org\/?s={search_term_string}"},"query-input":{"@type":"PropertyValueSpecification","valueRequired":true,"valueName":"search_term_string"}}],"inLanguage":"fr-FR"}]}},"_links":{"self":[{"href":"https:\/\/admin.industriall-union.org\/fr\/wp-json\/wp\/v2\/article\/174226","targetHints":{"allow":["GET"]}}],"collection":[{"href":"https:\/\/admin.industriall-union.org\/fr\/wp-json\/wp\/v2\/article"}],"about":[{"href":"https:\/\/admin.industriall-union.org\/fr\/wp-json\/wp\/v2\/types\/article"}],"wp:attachment":[{"href":"https:\/\/admin.industriall-union.org\/fr\/wp-json\/wp\/v2\/media?parent=174226"}],"wp:term":[{"taxonomy":"issues","embeddable":true,"href":"https:\/\/admin.industriall-union.org\/fr\/wp-json\/wp\/v2\/issues?post=174226"},{"taxonomy":"companies","embeddable":true,"href":"https:\/\/admin.industriall-union.org\/fr\/wp-json\/wp\/v2\/companies?post=174226"},{"taxonomy":"regions","embeddable":true,"href":"https:\/\/admin.industriall-union.org\/fr\/wp-json\/wp\/v2\/regions?post=174226"},{"taxonomy":"sectors","embeddable":true,"href":"https:\/\/admin.industriall-union.org\/fr\/wp-json\/wp\/v2\/sectors?post=174226"},{"taxonomy":"article_tags","embeddable":true,"href":"https:\/\/admin.industriall-union.org\/fr\/wp-json\/wp\/v2\/article_tags?post=174226"}],"curies":[{"name":"wp","href":"https:\/\/api.w.org\/{rel}","templated":true}]}}