{"id":174224,"date":"2013-04-11T14:24:09","date_gmt":"2013-04-11T14:24:09","guid":{"rendered":"https:\/\/admin.industriall-union.org\/soutien-de-syndicats-du-mena-au-dirigeant-d-un-syndicat-irakien-du-petrole\/"},"modified":"2025-02-08T12:54:43","modified_gmt":"2025-02-08T12:54:43","slug":"soutien-de-syndicats-du-mena-au-dirigeant-d-un-syndicat-irakien-du-petrole","status":"publish","type":"article","link":"https:\/\/admin.industriall-union.org\/fr\/soutien-de-syndicats-du-mena-au-dirigeant-d-un-syndicat-irakien-du-petrole\/","title":{"rendered":"Soutien de syndicats du MENA au dirigeant d\u2019un syndicat irakien du p\u00e9trole"},"content":{"rendered":"<p>La conf\u00e9rence r\u00e9gionale de IndustriALL Global Union pour le Moyen-Orient et l&rsquo;Afrique du Nord s&#039;est d\u00e9roul\u00e9e les 4-5 avril 2013 \u00e0 Beyrouth, Liban. Cinquante d\u00e9l\u00e9gu\u00e9(e)s du Maroc, de Tunisie, d&#039;\u00c9gypte, de Palestine, du Liban, de Jordanie, de Bahrein, du Kowe\u00eft, du Y\u00e9men et d&#039;Irak ont \u00e9t\u00e9 rejoints par des repr\u00e9sentant(e)s d&rsquo;organisations associ\u00e9es de France, de Turquie et d&#039;Australie.<\/p><p>La majorit\u00e9 des d\u00e9l\u00e9gu\u00e9(e)s a mis en \u00e9vidence les probl\u00e8mes concernant les droits syndicaux dans leur pays. Hassan Juma&rsquo;a Awad, qui dirige la f\u00e9d\u00e9ration irakienne des syndicats du p\u00e9trole (IFOU) affili\u00e9e \u00e0 IndustriALL, a inform\u00e9 la conf\u00e9rence de son proc\u00e8s qui va bient\u00f4t s&rsquo;ouvrir, o\u00f9 il est <a href=\"http:\/\/www.industriall-union.org\/fr\/le-pouvoir-judiciaire-iraquien-persecute-un-syndicat\">accus\u00e9 d&#039;avoir organis\u00e9 une gr\u00e8ve et une manifestation en f\u00e9vrier<\/a>. Les travailleurs et travailleuses de l&#039;entreprise South Oil Company (SOC) avaient organis\u00e9 une action apr\u00e8s le rejet par la direction d&#039;appels \u00e0 la n\u00e9gociation sur les salaires et les prestations impay\u00e9s, sur l&#039;emploi pr\u00e9caire et sur la fin de la corruption.<\/p><p>Les dirigeants syndicaux du MENA ont exprim\u00e9 leur soutien total \u00e0 Hassan Juma&rsquo;a et ont engag\u00e9 les autorit\u00e9s irakiennes \u00e0 mettre fin de toute urgence au harc\u00e8lement \u00e0 l&rsquo;encontre de Juma&rsquo;a et d&#039;autres syndicalistes. Une action de solidarit\u00e9 internationale est en cours de r\u00e9alisation avant la session judiciaire qui a \u00e9t\u00e9 repouss\u00e9e au 15 avril.<\/p><p>Une conf\u00e9rence r\u00e9gionale a soutenu la d\u00e9cision de IndustriALL de revitaliser la campagne de r\u00e9forme de la l\u00e9gislation irakienne du travail qui date de l&#039;\u00e9poque de Saddam Hussein. Les lois interdisent les syndicats dans le secteur public et enfreignent le droit de se syndiquer, de n\u00e9gocier collectivement et de faire gr\u00e8ve.<\/p><p>Des pr\u00e9occupations ont \u00e9t\u00e9 exprim\u00e9es sur l&#039;\u00e9volution de la situation en \u00c9gypte. Outre une <a href=\"http:\/\/www.industriall-union.org\/fr\/recul-des-droits-des-travailleurs-en-egypte\">nouvelle constitution qui traite les syndicalistes comme des criminels<\/a>, le pr\u00e9sident Morsi a sign\u00e9, en novembre 2012, un d\u00e9cret qui permet au ministre du Travail d&#039;assurer lui-m\u00eame le remplacement de tous les dirigeants syndicaux \u00e2g\u00e9s de plus de 60 ans. Il r\u00e9sulte de cette d\u00e9cision qu&rsquo;au moins deux dirigeants sur quatre chez les affili\u00e9s de IndustriALL en \u00c9gypte doivent \u00eatre remplac\u00e9s.<\/p><p>Cette intervention a donn\u00e9 lieu \u00e0 un vif d\u00e9bat sur le besoin d&#039;une ind\u00e9pendance vis-\u00e0-vis de l&#039;employeur et de l&#039;influence du gouvernement sur les statuts de IndustriALL. Des explications ont \u00e9t\u00e9 demand\u00e9es aux syndicats avec documents \u00e0 l&#039;appui, avant de porter cette question devant le comit\u00e9 ex\u00e9cutif mondial de IndustriALL \u00e0 la fin du mois de mai.<\/p><p>Dans le m\u00eame temps, IndustriALL ex\u00e9cutera une localisation et un programme de formation d&#039;activistes avec les nouveaux syndicats ind\u00e9pendants en \u00c9gypte.<\/p><p>Une \u00e9volution positive a \u00e9t\u00e9 signal\u00e9e en Tunisie par Tahar Berberi, dirigeant du syndicat des m\u00e9tallurgistes et membre du comit\u00e9 ex\u00e9cutif de IndustriALL. Le <a href=\"http:\/\/www.industriall-union.org\/fr\/industriall-soutient-le-processus-democratique-en-tunisie\">pacte tripartite social<\/a> sign\u00e9 en janvier montre la volont\u00e9 du gouvernement, des syndicats et des employeurs de contribuer \u00e0 l&#039;\u00e9tablissement d&#039;une soci\u00e9t\u00e9 d\u00e9mocratique par un dialogue social constructif.<\/p><p>Des invit\u00e9(e)s de Turquie, de France et d&#039;Australie ont pr\u00e9sent\u00e9 des contributions sur les techniques de syndicalisation, les accords-cadres mondiaux et les r\u00e9seaux syndicaux dans les entreprises multinationales (EMN). Plusieurs EMN m\u00e8nent d\u00e9j\u00e0 des activit\u00e9s dans la r\u00e9gion, notamment dans les pays du Maghreb, o\u00f9 IndustriALL soutiendra une mise en r\u00e9seau avec ses affili\u00e9s europ\u00e9ens.<\/p>","protected":false},"featured_media":0,"template":"","issues":[422,424,425],"companies":[],"regions":[288],"sectors":[],"article_tags":[],"class_list":["post-174224","article","type-article","status-publish","hentry","issues-human-trade-union-rights","issues-violation","issues-workers-rights","regions-middle-east-and-north-africa"],"acf":[],"yoast_head":"<!-- This site is optimized with the Yoast SEO Premium plugin v27.1 (Yoast SEO v27.1) - https:\/\/yoast.com\/product\/yoast-seo-premium-wordpress\/ -->\n<title>Soutien de syndicats du MENA au dirigeant d\u2019un syndicat irakien du p\u00e9trole - industriall-union<\/title>\n<meta name=\"description\" content=\"La conf\u00e9rence r\u00e9gionale de IndustriALL Global Union pour le Moyen-Orient et l&rsquo;Afrique du Nord s&#039;est d\u00e9roul\u00e9e les 4-5 avril 2013 \u00e0 Beyrouth,\" \/>\n<meta name=\"robots\" content=\"index, follow, max-snippet:-1, max-image-preview:large, max-video-preview:-1\" \/>\n<link rel=\"canonical\" href=\"https:\/\/admin.industriall-union.org\/fr\/soutien-de-syndicats-du-mena-au-dirigeant-d-un-syndicat-irakien-du-petrole\/\" \/>\n<meta property=\"og:locale\" content=\"fr_FR\" \/>\n<meta property=\"og:type\" content=\"article\" \/>\n<meta property=\"og:title\" content=\"Soutien de syndicats du MENA au dirigeant d\u2019un syndicat irakien du p\u00e9trole\" \/>\n<meta property=\"og:description\" content=\"La conf\u00e9rence r\u00e9gionale de IndustriALL Global Union pour le Moyen-Orient et l&rsquo;Afrique du Nord s&#039;est d\u00e9roul\u00e9e les 4-5 avril 2013 \u00e0 Beyrouth,\" \/>\n<meta property=\"og:url\" content=\"https:\/\/admin.industriall-union.org\/fr\/soutien-de-syndicats-du-mena-au-dirigeant-d-un-syndicat-irakien-du-petrole\/\" \/>\n<meta property=\"og:site_name\" content=\"industriall-union\" \/>\n<meta property=\"article:modified_time\" content=\"2025-02-08T12:54:43+00:00\" \/>\n<meta name=\"twitter:card\" content=\"summary_large_image\" \/>\n<meta name=\"twitter:label1\" content=\"Est. reading time\" \/>\n\t<meta name=\"twitter:data1\" content=\"3 minutes\" \/>\n<script type=\"application\/ld+json\" class=\"yoast-schema-graph\">{\"@context\":\"https:\/\/schema.org\",\"@graph\":[{\"@type\":\"WebPage\",\"@id\":\"https:\/\/admin.industriall-union.org\/fr\/soutien-de-syndicats-du-mena-au-dirigeant-d-un-syndicat-irakien-du-petrole\/\",\"url\":\"https:\/\/admin.industriall-union.org\/fr\/soutien-de-syndicats-du-mena-au-dirigeant-d-un-syndicat-irakien-du-petrole\/\",\"name\":\"Soutien de syndicats du MENA au dirigeant d\u2019un syndicat irakien du p\u00e9trole - industriall-union\",\"isPartOf\":{\"@id\":\"https:\/\/admin.industriall-union.org\/#website\"},\"datePublished\":\"2013-04-11T14:24:09+00:00\",\"dateModified\":\"2025-02-08T12:54:43+00:00\",\"description\":\"La conf\u00e9rence r\u00e9gionale de IndustriALL Global Union pour le Moyen-Orient et l&rsquo;Afrique du Nord s&#039;est d\u00e9roul\u00e9e les 4-5 avril 2013 \u00e0 Beyrouth,\",\"breadcrumb\":{\"@id\":\"https:\/\/admin.industriall-union.org\/fr\/soutien-de-syndicats-du-mena-au-dirigeant-d-un-syndicat-irakien-du-petrole\/#breadcrumb\"},\"inLanguage\":\"fr-FR\",\"potentialAction\":[{\"@type\":\"ReadAction\",\"target\":[\"https:\/\/admin.industriall-union.org\/fr\/soutien-de-syndicats-du-mena-au-dirigeant-d-un-syndicat-irakien-du-petrole\/\"]}]},{\"@type\":\"BreadcrumbList\",\"@id\":\"https:\/\/admin.industriall-union.org\/fr\/soutien-de-syndicats-du-mena-au-dirigeant-d-un-syndicat-irakien-du-petrole\/#breadcrumb\",\"itemListElement\":[{\"@type\":\"ListItem\",\"position\":1,\"name\":\"Home\",\"item\":\"https:\/\/admin.industriall-union.org\/\"},{\"@type\":\"ListItem\",\"position\":2,\"name\":\"Articles\",\"item\":\"https:\/\/admin.industriall-union.org\/article\/\"},{\"@type\":\"ListItem\",\"position\":3,\"name\":\"Soutien de syndicats du MENA au dirigeant d\u2019un syndicat irakien du p\u00e9trole\"}]},{\"@type\":\"WebSite\",\"@id\":\"https:\/\/admin.industriall-union.org\/#website\",\"url\":\"https:\/\/admin.industriall-union.org\/\",\"name\":\"industriall-union\",\"description\":\"\",\"potentialAction\":[{\"@type\":\"SearchAction\",\"target\":{\"@type\":\"EntryPoint\",\"urlTemplate\":\"https:\/\/admin.industriall-union.org\/?s={search_term_string}\"},\"query-input\":{\"@type\":\"PropertyValueSpecification\",\"valueRequired\":true,\"valueName\":\"search_term_string\"}}],\"inLanguage\":\"fr-FR\"}]}<\/script>\n<!-- \/ Yoast SEO Premium plugin. -->","yoast_head_json":{"title":"Soutien de syndicats du MENA au dirigeant d\u2019un syndicat irakien du p\u00e9trole - industriall-union","description":"La conf\u00e9rence r\u00e9gionale de IndustriALL Global Union pour le Moyen-Orient et l&rsquo;Afrique du Nord s&#039;est d\u00e9roul\u00e9e les 4-5 avril 2013 \u00e0 Beyrouth,","robots":{"index":"index","follow":"follow","max-snippet":"max-snippet:-1","max-image-preview":"max-image-preview:large","max-video-preview":"max-video-preview:-1"},"canonical":"https:\/\/admin.industriall-union.org\/fr\/soutien-de-syndicats-du-mena-au-dirigeant-d-un-syndicat-irakien-du-petrole\/","og_locale":"fr_FR","og_type":"article","og_title":"Soutien de syndicats du MENA au dirigeant d\u2019un syndicat irakien du p\u00e9trole","og_description":"La conf\u00e9rence r\u00e9gionale de IndustriALL Global Union pour le Moyen-Orient et l&rsquo;Afrique du Nord s&#039;est d\u00e9roul\u00e9e les 4-5 avril 2013 \u00e0 Beyrouth,","og_url":"https:\/\/admin.industriall-union.org\/fr\/soutien-de-syndicats-du-mena-au-dirigeant-d-un-syndicat-irakien-du-petrole\/","og_site_name":"industriall-union","article_modified_time":"2025-02-08T12:54:43+00:00","twitter_card":"summary_large_image","twitter_misc":{"Est. reading time":"3 minutes"},"schema":{"@context":"https:\/\/schema.org","@graph":[{"@type":"WebPage","@id":"https:\/\/admin.industriall-union.org\/fr\/soutien-de-syndicats-du-mena-au-dirigeant-d-un-syndicat-irakien-du-petrole\/","url":"https:\/\/admin.industriall-union.org\/fr\/soutien-de-syndicats-du-mena-au-dirigeant-d-un-syndicat-irakien-du-petrole\/","name":"Soutien de syndicats du MENA au dirigeant d\u2019un syndicat irakien du p\u00e9trole - industriall-union","isPartOf":{"@id":"https:\/\/admin.industriall-union.org\/#website"},"datePublished":"2013-04-11T14:24:09+00:00","dateModified":"2025-02-08T12:54:43+00:00","description":"La conf\u00e9rence r\u00e9gionale de IndustriALL Global Union pour le Moyen-Orient et l&rsquo;Afrique du Nord s&#039;est d\u00e9roul\u00e9e les 4-5 avril 2013 \u00e0 Beyrouth,","breadcrumb":{"@id":"https:\/\/admin.industriall-union.org\/fr\/soutien-de-syndicats-du-mena-au-dirigeant-d-un-syndicat-irakien-du-petrole\/#breadcrumb"},"inLanguage":"fr-FR","potentialAction":[{"@type":"ReadAction","target":["https:\/\/admin.industriall-union.org\/fr\/soutien-de-syndicats-du-mena-au-dirigeant-d-un-syndicat-irakien-du-petrole\/"]}]},{"@type":"BreadcrumbList","@id":"https:\/\/admin.industriall-union.org\/fr\/soutien-de-syndicats-du-mena-au-dirigeant-d-un-syndicat-irakien-du-petrole\/#breadcrumb","itemListElement":[{"@type":"ListItem","position":1,"name":"Home","item":"https:\/\/admin.industriall-union.org\/"},{"@type":"ListItem","position":2,"name":"Articles","item":"https:\/\/admin.industriall-union.org\/article\/"},{"@type":"ListItem","position":3,"name":"Soutien de syndicats du MENA au dirigeant d\u2019un syndicat irakien du p\u00e9trole"}]},{"@type":"WebSite","@id":"https:\/\/admin.industriall-union.org\/#website","url":"https:\/\/admin.industriall-union.org\/","name":"industriall-union","description":"","potentialAction":[{"@type":"SearchAction","target":{"@type":"EntryPoint","urlTemplate":"https:\/\/admin.industriall-union.org\/?s={search_term_string}"},"query-input":{"@type":"PropertyValueSpecification","valueRequired":true,"valueName":"search_term_string"}}],"inLanguage":"fr-FR"}]}},"_links":{"self":[{"href":"https:\/\/admin.industriall-union.org\/fr\/wp-json\/wp\/v2\/article\/174224","targetHints":{"allow":["GET"]}}],"collection":[{"href":"https:\/\/admin.industriall-union.org\/fr\/wp-json\/wp\/v2\/article"}],"about":[{"href":"https:\/\/admin.industriall-union.org\/fr\/wp-json\/wp\/v2\/types\/article"}],"wp:attachment":[{"href":"https:\/\/admin.industriall-union.org\/fr\/wp-json\/wp\/v2\/media?parent=174224"}],"wp:term":[{"taxonomy":"issues","embeddable":true,"href":"https:\/\/admin.industriall-union.org\/fr\/wp-json\/wp\/v2\/issues?post=174224"},{"taxonomy":"companies","embeddable":true,"href":"https:\/\/admin.industriall-union.org\/fr\/wp-json\/wp\/v2\/companies?post=174224"},{"taxonomy":"regions","embeddable":true,"href":"https:\/\/admin.industriall-union.org\/fr\/wp-json\/wp\/v2\/regions?post=174224"},{"taxonomy":"sectors","embeddable":true,"href":"https:\/\/admin.industriall-union.org\/fr\/wp-json\/wp\/v2\/sectors?post=174224"},{"taxonomy":"article_tags","embeddable":true,"href":"https:\/\/admin.industriall-union.org\/fr\/wp-json\/wp\/v2\/article_tags?post=174224"}],"curies":[{"name":"wp","href":"https:\/\/api.w.org\/{rel}","templated":true}]}}