{"id":174218,"date":"2013-04-11T16:32:50","date_gmt":"2013-04-11T16:32:50","guid":{"rendered":"https:\/\/admin.industriall-union.org\/victoire-napoleon-gomez-raye-de-la-liste-rouge-d-interpol\/"},"modified":"2025-02-08T12:53:21","modified_gmt":"2025-02-08T12:53:21","slug":"victoire-napoleon-gomez-raye-de-la-liste-rouge-d-interpol","status":"publish","type":"article","link":"https:\/\/admin.industriall-union.org\/fr\/victoire-napoleon-gomez-raye-de-la-liste-rouge-d-interpol\/","title":{"rendered":"Victoire! Napoleon Gomez ray\u00e9 de la liste rouge d\u2019Interpol"},"content":{"rendered":"<p>Depuis 2006 et la forte condamnation de Napoleon lors de l&rsquo;homicide industriel \u00e0 Pasta de Conchos, le dirigeant des mineurs a \u00e9t\u00e9 harcel\u00e9 par l&rsquo;alliance entreprise-gouvernement et forc\u00e9 d&rsquo;assurer la direction du syndicat depuis son exil \u00e0 Vancouver, Canada. IndustriALL Global Union c\u00e9l\u00e8bre cette d\u00e9cision positive longuement attendue d&rsquo;Interpol, qui permettra maintenant \u00e0 Napoleon de voyager et d&#039;occuper son si\u00e8ge au comit\u00e9 ex\u00e9cutif international de IndustriALL.<\/p><p>Une longue proc\u00e9dure administrative interne \u00e0 Interpol qui a comport\u00e9 de nombreuses \u00e9tapes a \u00e9t\u00e9 n\u00e9cessaire pour examiner la plainte d\u00e9pos\u00e9e contre Napoleon par le gouvernement pr\u00e9c\u00e9dent de droite du parti PAN au Mexique.<\/p><p>Dans une affaire men\u00e9e parall\u00e8lement dont il a \u00e9t\u00e9 rendu compte, les magistrats du premier tribunal coll\u00e9gial itin\u00e9rant des affaires criminelles, Juan Jos\u00e9 Olvera Lopez, Luis Perez de la Fuente et Jose Luis Villa Jimenez, ont ordonn\u00e9 \u00e0 l&#039;unanimit\u00e9 \u00e0 Interpol Mexico d&rsquo;engager une action aupr\u00e8s d&rsquo;Interpol pour annuler la notice qui avait \u00e9t\u00e9 plac\u00e9e sur la liste rouge.<\/p><p>La d\u00e9cision de l&rsquo;autorit\u00e9 internationale d&rsquo;Interpol rejette la d\u00e9cision de la branche mexicaine et confirme la demande \u00e9tablie de longue date par Los Mineros, \u00e0 savoir que les deux gouvernements pr\u00e9c\u00e9dents de Vicente Fox et de Felipe Calderon ont proc\u00e9d\u00e9 \u00e0 un abus de pouvoir sur la branche mexicaine d&rsquo;Interpol pour obtenir une d\u00e9cision judiciaire qui \u00e9tait une mascarade contre Napoleon pour le discr\u00e9diter et le maintenir ill\u00e9galement en exil.<\/p><p>Napoleon a d\u00e9clar\u00e9: &quot;C&#039;est une chose terrible de savoir qu&rsquo;Interpol international a trouv\u00e9 n\u00e9cessaire de faire la clart\u00e9 sur le fait que ces autorit\u00e9s mexicaines s&rsquo;\u00e9taient servies abusivement de l&rsquo;instrument international de la liste rouge \u00e0 des fins politiques et contraires \u00e0 l&rsquo;\u00e9thique pour servir les int\u00e9r\u00eats d&rsquo;une entreprise&rdquo;.<\/p><p>Un nouvel ouvrage \u00e9crit par Napoleon Gomez a pour titre &lsquo;Collapse of Dignity&rsquo; (Effondrement de la dignit\u00e9) et sera publi\u00e9 internationalement le 17 avril. Cette publication enthousiasme IndustriALL Global Union qui soutient totalement le lancement du livre.<\/p><p>Dans &lsquo;Collapse of Dignity&rsquo;, Napoleon rend compte avec force du combat men\u00e9 par le syndicat face aux tra\u00eetres, \u00e0 l&#039;agression arm\u00e9e, aux menaces de mort et \u00e0 une alliance politique remontant jusqu&#039;au niveau du pr\u00e9sident.<\/p><p>Le r\u00e9cit de Gomez parle d&rsquo;affront, mais \u00e9galement d&#039;espoir. On trouve dans &lsquo;Collapse of Dignity&rsquo; une injustice \u00e9c\u0153urante et une agression inexcusable contre la classe ouvri\u00e8re mexicaine. C&rsquo;est fondamentalement un fervent appel pour un mouvement mondial des travailleurs et travailleuses, capable de repr\u00e9senter les droits fondamentaux de chaque personne qui travaille pour gagner sa vie.<\/p><p>Se rendre sur le <a href=\"http:\/\/www.collapseofdignity.com\/\">site internet de Collapse of Dignity<\/a> pour commander en ligne un exemplaire du livre.<\/p>","protected":false},"featured_media":0,"template":"","issues":[420],"companies":[],"regions":[275],"sectors":[495],"article_tags":[],"class_list":["post-174218","article","type-article","status-publish","hentry","issues-solidarity","regions-mexico","sectors-mining"],"acf":[],"yoast_head":"<!-- This site is optimized with the Yoast SEO Premium plugin v27.1 (Yoast SEO v27.1) - https:\/\/yoast.com\/product\/yoast-seo-premium-wordpress\/ -->\n<title>Victoire! Napoleon Gomez ray\u00e9 de la liste rouge d\u2019Interpol - industriall-union<\/title>\n<meta name=\"description\" content=\"Depuis 2006 et la forte condamnation de Napoleon lors de l&rsquo;homicide industriel \u00e0 Pasta de Conchos, le dirigeant des mineurs a \u00e9t\u00e9 harcel\u00e9 par\" \/>\n<meta name=\"robots\" content=\"index, follow, max-snippet:-1, max-image-preview:large, max-video-preview:-1\" \/>\n<link rel=\"canonical\" href=\"https:\/\/admin.industriall-union.org\/fr\/victoire-napoleon-gomez-raye-de-la-liste-rouge-d-interpol\/\" \/>\n<meta property=\"og:locale\" content=\"fr_FR\" \/>\n<meta property=\"og:type\" content=\"article\" \/>\n<meta property=\"og:title\" content=\"Victoire! Napoleon Gomez ray\u00e9 de la liste rouge d\u2019Interpol\" \/>\n<meta property=\"og:description\" content=\"Depuis 2006 et la forte condamnation de Napoleon lors de l&rsquo;homicide industriel \u00e0 Pasta de Conchos, le dirigeant des mineurs a \u00e9t\u00e9 harcel\u00e9 par\" \/>\n<meta property=\"og:url\" content=\"https:\/\/admin.industriall-union.org\/fr\/victoire-napoleon-gomez-raye-de-la-liste-rouge-d-interpol\/\" \/>\n<meta property=\"og:site_name\" content=\"industriall-union\" \/>\n<meta property=\"article:modified_time\" content=\"2025-02-08T12:53:21+00:00\" \/>\n<meta name=\"twitter:card\" content=\"summary_large_image\" \/>\n<meta name=\"twitter:label1\" content=\"Est. reading time\" \/>\n\t<meta name=\"twitter:data1\" content=\"2 minutes\" \/>\n<script type=\"application\/ld+json\" class=\"yoast-schema-graph\">{\"@context\":\"https:\/\/schema.org\",\"@graph\":[{\"@type\":\"WebPage\",\"@id\":\"https:\/\/admin.industriall-union.org\/fr\/victoire-napoleon-gomez-raye-de-la-liste-rouge-d-interpol\/\",\"url\":\"https:\/\/admin.industriall-union.org\/fr\/victoire-napoleon-gomez-raye-de-la-liste-rouge-d-interpol\/\",\"name\":\"Victoire! Napoleon Gomez ray\u00e9 de la liste rouge d\u2019Interpol - industriall-union\",\"isPartOf\":{\"@id\":\"https:\/\/admin.industriall-union.org\/#website\"},\"datePublished\":\"2013-04-11T16:32:50+00:00\",\"dateModified\":\"2025-02-08T12:53:21+00:00\",\"description\":\"Depuis 2006 et la forte condamnation de Napoleon lors de l&rsquo;homicide industriel \u00e0 Pasta de Conchos, le dirigeant des mineurs a \u00e9t\u00e9 harcel\u00e9 par\",\"breadcrumb\":{\"@id\":\"https:\/\/admin.industriall-union.org\/fr\/victoire-napoleon-gomez-raye-de-la-liste-rouge-d-interpol\/#breadcrumb\"},\"inLanguage\":\"fr-FR\",\"potentialAction\":[{\"@type\":\"ReadAction\",\"target\":[\"https:\/\/admin.industriall-union.org\/fr\/victoire-napoleon-gomez-raye-de-la-liste-rouge-d-interpol\/\"]}]},{\"@type\":\"BreadcrumbList\",\"@id\":\"https:\/\/admin.industriall-union.org\/fr\/victoire-napoleon-gomez-raye-de-la-liste-rouge-d-interpol\/#breadcrumb\",\"itemListElement\":[{\"@type\":\"ListItem\",\"position\":1,\"name\":\"Home\",\"item\":\"https:\/\/admin.industriall-union.org\/\"},{\"@type\":\"ListItem\",\"position\":2,\"name\":\"Articles\",\"item\":\"https:\/\/admin.industriall-union.org\/article\/\"},{\"@type\":\"ListItem\",\"position\":3,\"name\":\"Victoire! Napoleon Gomez ray\u00e9 de la liste rouge d\u2019Interpol\"}]},{\"@type\":\"WebSite\",\"@id\":\"https:\/\/admin.industriall-union.org\/#website\",\"url\":\"https:\/\/admin.industriall-union.org\/\",\"name\":\"industriall-union\",\"description\":\"\",\"potentialAction\":[{\"@type\":\"SearchAction\",\"target\":{\"@type\":\"EntryPoint\",\"urlTemplate\":\"https:\/\/admin.industriall-union.org\/?s={search_term_string}\"},\"query-input\":{\"@type\":\"PropertyValueSpecification\",\"valueRequired\":true,\"valueName\":\"search_term_string\"}}],\"inLanguage\":\"fr-FR\"}]}<\/script>\n<!-- \/ Yoast SEO Premium plugin. -->","yoast_head_json":{"title":"Victoire! Napoleon Gomez ray\u00e9 de la liste rouge d\u2019Interpol - industriall-union","description":"Depuis 2006 et la forte condamnation de Napoleon lors de l&rsquo;homicide industriel \u00e0 Pasta de Conchos, le dirigeant des mineurs a \u00e9t\u00e9 harcel\u00e9 par","robots":{"index":"index","follow":"follow","max-snippet":"max-snippet:-1","max-image-preview":"max-image-preview:large","max-video-preview":"max-video-preview:-1"},"canonical":"https:\/\/admin.industriall-union.org\/fr\/victoire-napoleon-gomez-raye-de-la-liste-rouge-d-interpol\/","og_locale":"fr_FR","og_type":"article","og_title":"Victoire! Napoleon Gomez ray\u00e9 de la liste rouge d\u2019Interpol","og_description":"Depuis 2006 et la forte condamnation de Napoleon lors de l&rsquo;homicide industriel \u00e0 Pasta de Conchos, le dirigeant des mineurs a \u00e9t\u00e9 harcel\u00e9 par","og_url":"https:\/\/admin.industriall-union.org\/fr\/victoire-napoleon-gomez-raye-de-la-liste-rouge-d-interpol\/","og_site_name":"industriall-union","article_modified_time":"2025-02-08T12:53:21+00:00","twitter_card":"summary_large_image","twitter_misc":{"Est. reading time":"2 minutes"},"schema":{"@context":"https:\/\/schema.org","@graph":[{"@type":"WebPage","@id":"https:\/\/admin.industriall-union.org\/fr\/victoire-napoleon-gomez-raye-de-la-liste-rouge-d-interpol\/","url":"https:\/\/admin.industriall-union.org\/fr\/victoire-napoleon-gomez-raye-de-la-liste-rouge-d-interpol\/","name":"Victoire! Napoleon Gomez ray\u00e9 de la liste rouge d\u2019Interpol - industriall-union","isPartOf":{"@id":"https:\/\/admin.industriall-union.org\/#website"},"datePublished":"2013-04-11T16:32:50+00:00","dateModified":"2025-02-08T12:53:21+00:00","description":"Depuis 2006 et la forte condamnation de Napoleon lors de l&rsquo;homicide industriel \u00e0 Pasta de Conchos, le dirigeant des mineurs a \u00e9t\u00e9 harcel\u00e9 par","breadcrumb":{"@id":"https:\/\/admin.industriall-union.org\/fr\/victoire-napoleon-gomez-raye-de-la-liste-rouge-d-interpol\/#breadcrumb"},"inLanguage":"fr-FR","potentialAction":[{"@type":"ReadAction","target":["https:\/\/admin.industriall-union.org\/fr\/victoire-napoleon-gomez-raye-de-la-liste-rouge-d-interpol\/"]}]},{"@type":"BreadcrumbList","@id":"https:\/\/admin.industriall-union.org\/fr\/victoire-napoleon-gomez-raye-de-la-liste-rouge-d-interpol\/#breadcrumb","itemListElement":[{"@type":"ListItem","position":1,"name":"Home","item":"https:\/\/admin.industriall-union.org\/"},{"@type":"ListItem","position":2,"name":"Articles","item":"https:\/\/admin.industriall-union.org\/article\/"},{"@type":"ListItem","position":3,"name":"Victoire! Napoleon Gomez ray\u00e9 de la liste rouge d\u2019Interpol"}]},{"@type":"WebSite","@id":"https:\/\/admin.industriall-union.org\/#website","url":"https:\/\/admin.industriall-union.org\/","name":"industriall-union","description":"","potentialAction":[{"@type":"SearchAction","target":{"@type":"EntryPoint","urlTemplate":"https:\/\/admin.industriall-union.org\/?s={search_term_string}"},"query-input":{"@type":"PropertyValueSpecification","valueRequired":true,"valueName":"search_term_string"}}],"inLanguage":"fr-FR"}]}},"_links":{"self":[{"href":"https:\/\/admin.industriall-union.org\/fr\/wp-json\/wp\/v2\/article\/174218","targetHints":{"allow":["GET"]}}],"collection":[{"href":"https:\/\/admin.industriall-union.org\/fr\/wp-json\/wp\/v2\/article"}],"about":[{"href":"https:\/\/admin.industriall-union.org\/fr\/wp-json\/wp\/v2\/types\/article"}],"wp:attachment":[{"href":"https:\/\/admin.industriall-union.org\/fr\/wp-json\/wp\/v2\/media?parent=174218"}],"wp:term":[{"taxonomy":"issues","embeddable":true,"href":"https:\/\/admin.industriall-union.org\/fr\/wp-json\/wp\/v2\/issues?post=174218"},{"taxonomy":"companies","embeddable":true,"href":"https:\/\/admin.industriall-union.org\/fr\/wp-json\/wp\/v2\/companies?post=174218"},{"taxonomy":"regions","embeddable":true,"href":"https:\/\/admin.industriall-union.org\/fr\/wp-json\/wp\/v2\/regions?post=174218"},{"taxonomy":"sectors","embeddable":true,"href":"https:\/\/admin.industriall-union.org\/fr\/wp-json\/wp\/v2\/sectors?post=174218"},{"taxonomy":"article_tags","embeddable":true,"href":"https:\/\/admin.industriall-union.org\/fr\/wp-json\/wp\/v2\/article_tags?post=174218"}],"curies":[{"name":"wp","href":"https:\/\/api.w.org\/{rel}","templated":true}]}}