{"id":174168,"date":"2013-04-23T07:34:17","date_gmt":"2013-04-23T07:34:17","guid":{"rendered":"https:\/\/admin.industriall-union.org\/pour-une-politique-industrielle-viable\/"},"modified":"2025-02-08T12:42:22","modified_gmt":"2025-02-08T12:42:22","slug":"pour-une-politique-industrielle-viable","status":"publish","type":"article","link":"https:\/\/admin.industriall-union.org\/fr\/pour-une-politique-industrielle-viable\/","title":{"rendered":"Pour une politique industrielle viable"},"content":{"rendered":"<p>L&rsquo;une des principales motivations pour l&rsquo;\u00e9tablissement de IndustriALL Global Union \u00e9tait de combiner les forces syndicales dans les industries des mati\u00e8res premi\u00e8res, de la fabrication et de la transformation, pour obtenir la reconnaissance de l&rsquo;importance de ces industries dans les \u00e9conomies nationales et pour offrir des emplois de bonne qualit\u00e9.<\/p><p>Le plan d&rsquo;action dans lequel IndustriALL s&rsquo;engage pour promouvoir sa politique industrielle refl\u00e8te cette ambition. Il reconna\u00eet \u00e9galement l&rsquo;impact de ces industries sur la viabilit\u00e9, et les possibilit\u00e9s qu&rsquo;elles offrent pour promouvoir cette viabilit\u00e9.<\/p><p>Nous d\u00e9veloppons maintenant un programme pour engager les affili\u00e9s dans tous les secteurs et toutes les r\u00e9gions \u00e0 rechercher la mani\u00e8re dont les syndicats peuvent influencer les gouvernements, l&rsquo;industrie et les institutions charg\u00e9es de la direction des affaires mondiales pour assurer la promotion des objectifs du plan d&rsquo;action. Le programme s&rsquo;appelle &lsquo;Une politique industrielle viable&rsquo;.<\/p><p>La viabilit\u00e9 se d\u00e9finit comme la possibilit\u00e9 d&rsquo;assurer les besoins du pr\u00e9sent sans compromettre la capacit\u00e9 des g\u00e9n\u00e9rations futures \u00e0 assurer les leurs. Cela implique un environnement sain, une \u00e9conomie saine et une soci\u00e9t\u00e9 saine reposant sur des fondations solides, maintenues en place dans le cadre d&rsquo;une bonne direction des affaires mondiales.<\/p><p>La politique industrielle repose sur un projet destin\u00e9 \u00e0 encourager des tendances r\u00e9pondant au d\u00e9veloppement industriel et \u00e0 la croissance. Elle doit cibler strat\u00e9giquement des entreprises et des secteurs pr\u00e9cis, tout en tenant compte des besoins, au sens le plus large, d&rsquo;une infrastructure pour les transports et les communications, l&#039;\u00e9ducation et la formation des comp\u00e9tences, la recherche et l&#039;\u00e9nergie.<\/p><p>Une politique industrielle viable ne vise pas \u00e0 cr\u00e9er des conditions permettant aux entreprises de se d\u00e9velopper aux d\u00e9pens des travailleurs et travailleuses, de la soci\u00e9t\u00e9 et de l&#039;environnement. Elle vise \u00e0 cr\u00e9er des conditions qui permettent aux entreprises de fonctionner et d&rsquo;apporter une contribution durable \u00e0 la soci\u00e9t\u00e9. &nbsp;<\/p><p>De telles politiques encouragent le d\u00e9veloppement de technologies r\u00e9pondant mieux aux crit\u00e8res de l&#039;environnement, en s&rsquo;attaquant \u00e0 certains probl\u00e8mes tels que le changement climatique, tout en cr\u00e9ant un grand nombre d&#039;emplois d\u00e9cents. Elles impliquent l&#039;application effective des normes de travail, ce qui inclut la promotion de la n\u00e9gociation collective et une l\u00e9gislation du travail qui restreint l&#039;emploi pr\u00e9caire. Et elles sont soutenues par des politiques de protection sociale qui s&rsquo;attaquent au ch\u00f4mage, et veillent aux questions concernant les retraites et les soins de sant\u00e9, pour lesquelles l&rsquo;industrie est tenue d&rsquo;apporter sa contribution.<\/p><p>Nous allons pr\u00e9senter en mai un document de travail <em>Pour une politique industrielle viable<\/em> dans le but de lancer l&rsquo;initiative et de stimuler le d\u00e9bat parmi nos affili\u00e9s.<\/p><p>Nous organiserons cette ann\u00e9e des ateliers th\u00e9matiques r\u00e9gionaux en Afrique sub-saharienne, en Asie du Sud, en Asie du Sud-Est\/Pacifique et en Am\u00e9rique latine pour d\u00e9velopper davantage les questions d&rsquo;actualit\u00e9 dans ces r\u00e9gions. Nous voulons renforcer la capacit\u00e9 des syndicats \u00e0 soutenir une politique industrielle viable et contribuer \u00e0 une bonne compr\u00e9hension commune de ces questions au sein de IndustriALL.<\/p><p>Au cours des deux prochaines ann\u00e9es, la politique industrielle viable fera l&rsquo;objet de discussions dans toutes les r\u00e9unions de IndustriALL aux niveaux global, r\u00e9gional, industriel et local dans l&rsquo;entreprise. Les affili\u00e9s seront encourag\u00e9s \u00e0 participer au d\u00e9bat et \u00e0 exposer leur vision sur la fa\u00e7on dont les syndicats peuvent contribuer \u00e0 la r\u00e9ussite des objectifs de viabilit\u00e9.<\/p><p>Un \u00e9l\u00e9ment majeur concerne le renforcement du r\u00f4le des gouvernements. Il est n\u00e9cessaire de r\u00e9\u00e9quilibrer le pouvoir d&#039;imposer les termes du d\u00e9veloppement industriel, loin des entreprises multinationales, pour revenir aux organes \u00e9lus d\u00e9mocratiquement. La politique industrielle a besoin de retrouver sa place, afin de corriger les d\u00e9faillances du march\u00e9, par une intervention de l&#039;\u00c9tat.<\/p><p>Les syndicats doivent participer \u00e0 la formulation de la politique industrielle et si\u00e9ger sur un pied d&#039;\u00e9galit\u00e9 avec l&#039;industrie. La transformation de l&#039;industrie ne peut pas se faire sans une participation active des travailleurs et travailleuses.<\/p><p>Jyrki Raina<\/p><p>Secr\u00e9taire g\u00e9n\u00e9ral<\/p>","protected":false},"featured_media":0,"template":"","issues":[],"companies":[],"regions":[],"sectors":[],"article_tags":[510],"class_list":["post-174168","article","type-article","status-publish","hentry","article_tags-gs-corner"],"acf":[],"yoast_head":"<!-- This site is optimized with the Yoast SEO Premium plugin v27.1 (Yoast SEO v27.1) - https:\/\/yoast.com\/product\/yoast-seo-premium-wordpress\/ -->\n<title>Pour une politique industrielle viable - industriall-union<\/title>\n<meta name=\"description\" content=\"L&rsquo;une des principales motivations pour l&rsquo;\u00e9tablissement de IndustriALL Global Union \u00e9tait de combiner les forces syndicales dans les industries\" \/>\n<meta name=\"robots\" content=\"index, follow, max-snippet:-1, max-image-preview:large, max-video-preview:-1\" \/>\n<link rel=\"canonical\" href=\"https:\/\/admin.industriall-union.org\/fr\/pour-une-politique-industrielle-viable\/\" \/>\n<meta property=\"og:locale\" content=\"fr_FR\" \/>\n<meta property=\"og:type\" content=\"article\" \/>\n<meta property=\"og:title\" content=\"Pour une politique industrielle viable\" \/>\n<meta property=\"og:description\" content=\"L&rsquo;une des principales motivations pour l&rsquo;\u00e9tablissement de IndustriALL Global Union \u00e9tait de combiner les forces syndicales dans les industries\" \/>\n<meta property=\"og:url\" content=\"https:\/\/admin.industriall-union.org\/fr\/pour-une-politique-industrielle-viable\/\" \/>\n<meta property=\"og:site_name\" content=\"industriall-union\" \/>\n<meta property=\"article:modified_time\" content=\"2025-02-08T12:42:22+00:00\" \/>\n<meta name=\"twitter:card\" content=\"summary_large_image\" \/>\n<meta name=\"twitter:label1\" content=\"Est. reading time\" \/>\n\t<meta name=\"twitter:data1\" content=\"4 minutes\" \/>\n<script type=\"application\/ld+json\" class=\"yoast-schema-graph\">{\"@context\":\"https:\/\/schema.org\",\"@graph\":[{\"@type\":\"WebPage\",\"@id\":\"https:\/\/admin.industriall-union.org\/fr\/pour-une-politique-industrielle-viable\/\",\"url\":\"https:\/\/admin.industriall-union.org\/fr\/pour-une-politique-industrielle-viable\/\",\"name\":\"Pour une politique industrielle viable - industriall-union\",\"isPartOf\":{\"@id\":\"https:\/\/admin.industriall-union.org\/#website\"},\"datePublished\":\"2013-04-23T07:34:17+00:00\",\"dateModified\":\"2025-02-08T12:42:22+00:00\",\"description\":\"L&rsquo;une des principales motivations pour l&rsquo;\u00e9tablissement de IndustriALL Global Union \u00e9tait de combiner les forces syndicales dans les industries\",\"breadcrumb\":{\"@id\":\"https:\/\/admin.industriall-union.org\/fr\/pour-une-politique-industrielle-viable\/#breadcrumb\"},\"inLanguage\":\"fr-FR\",\"potentialAction\":[{\"@type\":\"ReadAction\",\"target\":[\"https:\/\/admin.industriall-union.org\/fr\/pour-une-politique-industrielle-viable\/\"]}]},{\"@type\":\"BreadcrumbList\",\"@id\":\"https:\/\/admin.industriall-union.org\/fr\/pour-une-politique-industrielle-viable\/#breadcrumb\",\"itemListElement\":[{\"@type\":\"ListItem\",\"position\":1,\"name\":\"Home\",\"item\":\"https:\/\/admin.industriall-union.org\/\"},{\"@type\":\"ListItem\",\"position\":2,\"name\":\"Articles\",\"item\":\"https:\/\/admin.industriall-union.org\/article\/\"},{\"@type\":\"ListItem\",\"position\":3,\"name\":\"Pour une politique industrielle viable\"}]},{\"@type\":\"WebSite\",\"@id\":\"https:\/\/admin.industriall-union.org\/#website\",\"url\":\"https:\/\/admin.industriall-union.org\/\",\"name\":\"industriall-union\",\"description\":\"\",\"potentialAction\":[{\"@type\":\"SearchAction\",\"target\":{\"@type\":\"EntryPoint\",\"urlTemplate\":\"https:\/\/admin.industriall-union.org\/?s={search_term_string}\"},\"query-input\":{\"@type\":\"PropertyValueSpecification\",\"valueRequired\":true,\"valueName\":\"search_term_string\"}}],\"inLanguage\":\"fr-FR\"}]}<\/script>\n<!-- \/ Yoast SEO Premium plugin. -->","yoast_head_json":{"title":"Pour une politique industrielle viable - industriall-union","description":"L&rsquo;une des principales motivations pour l&rsquo;\u00e9tablissement de IndustriALL Global Union \u00e9tait de combiner les forces syndicales dans les industries","robots":{"index":"index","follow":"follow","max-snippet":"max-snippet:-1","max-image-preview":"max-image-preview:large","max-video-preview":"max-video-preview:-1"},"canonical":"https:\/\/admin.industriall-union.org\/fr\/pour-une-politique-industrielle-viable\/","og_locale":"fr_FR","og_type":"article","og_title":"Pour une politique industrielle viable","og_description":"L&rsquo;une des principales motivations pour l&rsquo;\u00e9tablissement de IndustriALL Global Union \u00e9tait de combiner les forces syndicales dans les industries","og_url":"https:\/\/admin.industriall-union.org\/fr\/pour-une-politique-industrielle-viable\/","og_site_name":"industriall-union","article_modified_time":"2025-02-08T12:42:22+00:00","twitter_card":"summary_large_image","twitter_misc":{"Est. reading time":"4 minutes"},"schema":{"@context":"https:\/\/schema.org","@graph":[{"@type":"WebPage","@id":"https:\/\/admin.industriall-union.org\/fr\/pour-une-politique-industrielle-viable\/","url":"https:\/\/admin.industriall-union.org\/fr\/pour-une-politique-industrielle-viable\/","name":"Pour une politique industrielle viable - industriall-union","isPartOf":{"@id":"https:\/\/admin.industriall-union.org\/#website"},"datePublished":"2013-04-23T07:34:17+00:00","dateModified":"2025-02-08T12:42:22+00:00","description":"L&rsquo;une des principales motivations pour l&rsquo;\u00e9tablissement de IndustriALL Global Union \u00e9tait de combiner les forces syndicales dans les industries","breadcrumb":{"@id":"https:\/\/admin.industriall-union.org\/fr\/pour-une-politique-industrielle-viable\/#breadcrumb"},"inLanguage":"fr-FR","potentialAction":[{"@type":"ReadAction","target":["https:\/\/admin.industriall-union.org\/fr\/pour-une-politique-industrielle-viable\/"]}]},{"@type":"BreadcrumbList","@id":"https:\/\/admin.industriall-union.org\/fr\/pour-une-politique-industrielle-viable\/#breadcrumb","itemListElement":[{"@type":"ListItem","position":1,"name":"Home","item":"https:\/\/admin.industriall-union.org\/"},{"@type":"ListItem","position":2,"name":"Articles","item":"https:\/\/admin.industriall-union.org\/article\/"},{"@type":"ListItem","position":3,"name":"Pour une politique industrielle viable"}]},{"@type":"WebSite","@id":"https:\/\/admin.industriall-union.org\/#website","url":"https:\/\/admin.industriall-union.org\/","name":"industriall-union","description":"","potentialAction":[{"@type":"SearchAction","target":{"@type":"EntryPoint","urlTemplate":"https:\/\/admin.industriall-union.org\/?s={search_term_string}"},"query-input":{"@type":"PropertyValueSpecification","valueRequired":true,"valueName":"search_term_string"}}],"inLanguage":"fr-FR"}]}},"_links":{"self":[{"href":"https:\/\/admin.industriall-union.org\/fr\/wp-json\/wp\/v2\/article\/174168","targetHints":{"allow":["GET"]}}],"collection":[{"href":"https:\/\/admin.industriall-union.org\/fr\/wp-json\/wp\/v2\/article"}],"about":[{"href":"https:\/\/admin.industriall-union.org\/fr\/wp-json\/wp\/v2\/types\/article"}],"wp:attachment":[{"href":"https:\/\/admin.industriall-union.org\/fr\/wp-json\/wp\/v2\/media?parent=174168"}],"wp:term":[{"taxonomy":"issues","embeddable":true,"href":"https:\/\/admin.industriall-union.org\/fr\/wp-json\/wp\/v2\/issues?post=174168"},{"taxonomy":"companies","embeddable":true,"href":"https:\/\/admin.industriall-union.org\/fr\/wp-json\/wp\/v2\/companies?post=174168"},{"taxonomy":"regions","embeddable":true,"href":"https:\/\/admin.industriall-union.org\/fr\/wp-json\/wp\/v2\/regions?post=174168"},{"taxonomy":"sectors","embeddable":true,"href":"https:\/\/admin.industriall-union.org\/fr\/wp-json\/wp\/v2\/sectors?post=174168"},{"taxonomy":"article_tags","embeddable":true,"href":"https:\/\/admin.industriall-union.org\/fr\/wp-json\/wp\/v2\/article_tags?post=174168"}],"curies":[{"name":"wp","href":"https:\/\/api.w.org\/{rel}","templated":true}]}}