{"id":174020,"date":"2013-05-16T11:44:00","date_gmt":"2013-05-16T11:44:00","guid":{"rendered":"https:\/\/admin.industriall-union.org\/l-usw-lance-une-campagne-contre-l-emploi-precaire-au-canada\/"},"modified":"2025-02-08T12:00:51","modified_gmt":"2025-02-08T12:00:51","slug":"l-usw-lance-une-campagne-contre-l-emploi-precaire-au-canada","status":"publish","type":"article","link":"https:\/\/admin.industriall-union.org\/fr\/l-usw-lance-une-campagne-contre-l-emploi-precaire-au-canada\/","title":{"rendered":"L\u2019USW lance une campagne contre l\u2019emploi pr\u00e9caire au Canada"},"content":{"rendered":"<p><em>&quot;Comme un syndicat repr\u00e9sente 225.000 travailleurs et travailleuses et leurs familles, nous avons une double responsabilit\u00e9 pour assurer que les salaires canadiens et les conditions de travail ne soient pas&nbsp; compromis par une classe permanente de travailleurs et travailleuses extr\u00eamement exploit\u00e9e avec des salaires tr\u00e8s faibles&quot;, a d\u00e9clar\u00e9 Ken Neumann, directeur national de l&rsquo;USW.&nbsp;&quot;Nous demandons \u00e9galement que les travailleurs et travailleuses venant dans notre pays soient trait\u00e9s avec dignit\u00e9 et respect&quot;. <\/em><\/p><p>Un objectif central de la campagne consiste \u00e0 chercher \u00e0 obtenir les protections indispensables aux travailleurs et travailleuses temporaires au Canada. \u00c0 savoir:<\/p><ul><li style=\"margin-left: 3.75pt\">le trac\u00e9 d&rsquo;une voie claire et s\u00fbre pour obtenir une r\u00e9sidence permanente et une citoyennet\u00e9, notamment pour la main-d&rsquo;\u0153uvre peu qualifi\u00e9e;<\/li><li style=\"margin-left: 3.75pt\">l&rsquo;assurance que la main-d&rsquo;\u0153uvre temporaire a les m\u00eames droits que les autres citoyen(ne)s;<\/li><li style=\"margin-left: 3.75pt\">des peines s\u00e9v\u00e8res inflig\u00e9es aux employeurs qui enfreignent les dispositions s&rsquo;appliquant \u00e0 la main-d&rsquo;\u0153uvre temporaire.<\/li><\/ul><p>Depuis 2008, le nombre de travailleurs et travailleuses temporaires de l&rsquo;\u00e9tranger s&rsquo;est accru de 24.000 ou 60% \u00e0 Toronto, de 18.000 ou 70% au Qu\u00e9bec, et de 5.000 ou 80% dans les provinces de l&rsquo;Atlantique. Le PTET qui a \u00e9t\u00e9 \u00e9tabli en 1973, permet aux employeurs d&rsquo;engager du personnel venu d&rsquo;autres pays \u00e0 des emplois temporaires quand des Canadiens ou des r\u00e9sidents permanents ne sont pas imm\u00e9diatement disponibles ou quand l&rsquo;entr\u00e9e de main-d&rsquo;\u0153uvre \u00e9trang\u00e8re permet vraisemblablement d&rsquo;avoir un effet positif sur le march\u00e9 canadien du travail. Cependant, les entreprises et les employeurs ont profit\u00e9 abusivement du programme. Rien qu&rsquo;en 2012, on estime \u00e0 pr\u00e8s de 340.000 le nombre de travailleurs et travailleuses temporaires venus dans le cadre de ce programme.<\/p><p>Le PTET donne \u00e0 la main-d&rsquo;\u0153uvre \u00e9trang\u00e8re le droit de rester et de travailler au Canada, mais li\u00e9 \u00e0 un seul employeur, ce qui rend ces personnes particuli\u00e8rement vuln\u00e9rables. Les abus perp\u00e9tr\u00e9s contre cette main-d&rsquo;\u0153uvre \u00e9trang\u00e8re sont nombreux et la presse en a beaucoup fait \u00e9tat.<\/p><p>Une information sur la campagne se trouve sur <a href=\"http:\/\/www.everyoneschance.ca\">www.everyoneschance.ca<\/a><\/p>","protected":false},"featured_media":0,"template":"","issues":[415],"companies":[],"regions":[309],"sectors":[],"article_tags":[535],"class_list":["post-174020","article","type-article","status-publish","hentry","issues-stop-precarious-work","regions-canada","article_tags-world-day-for-decent-work-wddw"],"acf":[],"yoast_head":"<!-- This site is optimized with the Yoast SEO Premium plugin v27.1 (Yoast SEO v27.1) - https:\/\/yoast.com\/product\/yoast-seo-premium-wordpress\/ -->\n<title>L\u2019USW lance une campagne contre l\u2019emploi pr\u00e9caire au Canada - industriall-union<\/title>\n<meta name=\"description\" content=\"&quot;Comme un syndicat repr\u00e9sente 225.000 travailleurs et travailleuses et leurs familles, nous avons une double responsabilit\u00e9 pour assurer que les\" \/>\n<meta name=\"robots\" content=\"index, follow, max-snippet:-1, max-image-preview:large, max-video-preview:-1\" \/>\n<link rel=\"canonical\" href=\"https:\/\/admin.industriall-union.org\/fr\/l-usw-lance-une-campagne-contre-l-emploi-precaire-au-canada\/\" \/>\n<meta property=\"og:locale\" content=\"fr_FR\" \/>\n<meta property=\"og:type\" content=\"article\" \/>\n<meta property=\"og:title\" content=\"L\u2019USW lance une campagne contre l\u2019emploi pr\u00e9caire au Canada\" \/>\n<meta property=\"og:description\" content=\"&quot;Comme un syndicat repr\u00e9sente 225.000 travailleurs et travailleuses et leurs familles, nous avons une double responsabilit\u00e9 pour assurer que les\" \/>\n<meta property=\"og:url\" content=\"https:\/\/admin.industriall-union.org\/fr\/l-usw-lance-une-campagne-contre-l-emploi-precaire-au-canada\/\" \/>\n<meta property=\"og:site_name\" content=\"industriall-union\" \/>\n<meta property=\"article:modified_time\" content=\"2025-02-08T12:00:51+00:00\" \/>\n<meta name=\"twitter:card\" content=\"summary_large_image\" \/>\n<meta name=\"twitter:label1\" content=\"Est. reading time\" \/>\n\t<meta name=\"twitter:data1\" content=\"2 minutes\" \/>\n<script type=\"application\/ld+json\" class=\"yoast-schema-graph\">{\"@context\":\"https:\/\/schema.org\",\"@graph\":[{\"@type\":\"WebPage\",\"@id\":\"https:\/\/admin.industriall-union.org\/fr\/l-usw-lance-une-campagne-contre-l-emploi-precaire-au-canada\/\",\"url\":\"https:\/\/admin.industriall-union.org\/fr\/l-usw-lance-une-campagne-contre-l-emploi-precaire-au-canada\/\",\"name\":\"L\u2019USW lance une campagne contre l\u2019emploi pr\u00e9caire au Canada - industriall-union\",\"isPartOf\":{\"@id\":\"https:\/\/admin.industriall-union.org\/#website\"},\"datePublished\":\"2013-05-16T11:44:00+00:00\",\"dateModified\":\"2025-02-08T12:00:51+00:00\",\"description\":\"&quot;Comme un syndicat repr\u00e9sente 225.000 travailleurs et travailleuses et leurs familles, nous avons une double responsabilit\u00e9 pour assurer que les\",\"breadcrumb\":{\"@id\":\"https:\/\/admin.industriall-union.org\/fr\/l-usw-lance-une-campagne-contre-l-emploi-precaire-au-canada\/#breadcrumb\"},\"inLanguage\":\"fr-FR\",\"potentialAction\":[{\"@type\":\"ReadAction\",\"target\":[\"https:\/\/admin.industriall-union.org\/fr\/l-usw-lance-une-campagne-contre-l-emploi-precaire-au-canada\/\"]}]},{\"@type\":\"BreadcrumbList\",\"@id\":\"https:\/\/admin.industriall-union.org\/fr\/l-usw-lance-une-campagne-contre-l-emploi-precaire-au-canada\/#breadcrumb\",\"itemListElement\":[{\"@type\":\"ListItem\",\"position\":1,\"name\":\"Home\",\"item\":\"https:\/\/admin.industriall-union.org\/\"},{\"@type\":\"ListItem\",\"position\":2,\"name\":\"Articles\",\"item\":\"https:\/\/admin.industriall-union.org\/article\/\"},{\"@type\":\"ListItem\",\"position\":3,\"name\":\"L\u2019USW lance une campagne contre l\u2019emploi pr\u00e9caire au Canada\"}]},{\"@type\":\"WebSite\",\"@id\":\"https:\/\/admin.industriall-union.org\/#website\",\"url\":\"https:\/\/admin.industriall-union.org\/\",\"name\":\"industriall-union\",\"description\":\"\",\"potentialAction\":[{\"@type\":\"SearchAction\",\"target\":{\"@type\":\"EntryPoint\",\"urlTemplate\":\"https:\/\/admin.industriall-union.org\/?s={search_term_string}\"},\"query-input\":{\"@type\":\"PropertyValueSpecification\",\"valueRequired\":true,\"valueName\":\"search_term_string\"}}],\"inLanguage\":\"fr-FR\"}]}<\/script>\n<!-- \/ Yoast SEO Premium plugin. -->","yoast_head_json":{"title":"L\u2019USW lance une campagne contre l\u2019emploi pr\u00e9caire au Canada - industriall-union","description":"&quot;Comme un syndicat repr\u00e9sente 225.000 travailleurs et travailleuses et leurs familles, nous avons une double responsabilit\u00e9 pour assurer que les","robots":{"index":"index","follow":"follow","max-snippet":"max-snippet:-1","max-image-preview":"max-image-preview:large","max-video-preview":"max-video-preview:-1"},"canonical":"https:\/\/admin.industriall-union.org\/fr\/l-usw-lance-une-campagne-contre-l-emploi-precaire-au-canada\/","og_locale":"fr_FR","og_type":"article","og_title":"L\u2019USW lance une campagne contre l\u2019emploi pr\u00e9caire au Canada","og_description":"&quot;Comme un syndicat repr\u00e9sente 225.000 travailleurs et travailleuses et leurs familles, nous avons une double responsabilit\u00e9 pour assurer que les","og_url":"https:\/\/admin.industriall-union.org\/fr\/l-usw-lance-une-campagne-contre-l-emploi-precaire-au-canada\/","og_site_name":"industriall-union","article_modified_time":"2025-02-08T12:00:51+00:00","twitter_card":"summary_large_image","twitter_misc":{"Est. reading time":"2 minutes"},"schema":{"@context":"https:\/\/schema.org","@graph":[{"@type":"WebPage","@id":"https:\/\/admin.industriall-union.org\/fr\/l-usw-lance-une-campagne-contre-l-emploi-precaire-au-canada\/","url":"https:\/\/admin.industriall-union.org\/fr\/l-usw-lance-une-campagne-contre-l-emploi-precaire-au-canada\/","name":"L\u2019USW lance une campagne contre l\u2019emploi pr\u00e9caire au Canada - industriall-union","isPartOf":{"@id":"https:\/\/admin.industriall-union.org\/#website"},"datePublished":"2013-05-16T11:44:00+00:00","dateModified":"2025-02-08T12:00:51+00:00","description":"&quot;Comme un syndicat repr\u00e9sente 225.000 travailleurs et travailleuses et leurs familles, nous avons une double responsabilit\u00e9 pour assurer que les","breadcrumb":{"@id":"https:\/\/admin.industriall-union.org\/fr\/l-usw-lance-une-campagne-contre-l-emploi-precaire-au-canada\/#breadcrumb"},"inLanguage":"fr-FR","potentialAction":[{"@type":"ReadAction","target":["https:\/\/admin.industriall-union.org\/fr\/l-usw-lance-une-campagne-contre-l-emploi-precaire-au-canada\/"]}]},{"@type":"BreadcrumbList","@id":"https:\/\/admin.industriall-union.org\/fr\/l-usw-lance-une-campagne-contre-l-emploi-precaire-au-canada\/#breadcrumb","itemListElement":[{"@type":"ListItem","position":1,"name":"Home","item":"https:\/\/admin.industriall-union.org\/"},{"@type":"ListItem","position":2,"name":"Articles","item":"https:\/\/admin.industriall-union.org\/article\/"},{"@type":"ListItem","position":3,"name":"L\u2019USW lance une campagne contre l\u2019emploi pr\u00e9caire au Canada"}]},{"@type":"WebSite","@id":"https:\/\/admin.industriall-union.org\/#website","url":"https:\/\/admin.industriall-union.org\/","name":"industriall-union","description":"","potentialAction":[{"@type":"SearchAction","target":{"@type":"EntryPoint","urlTemplate":"https:\/\/admin.industriall-union.org\/?s={search_term_string}"},"query-input":{"@type":"PropertyValueSpecification","valueRequired":true,"valueName":"search_term_string"}}],"inLanguage":"fr-FR"}]}},"_links":{"self":[{"href":"https:\/\/admin.industriall-union.org\/fr\/wp-json\/wp\/v2\/article\/174020","targetHints":{"allow":["GET"]}}],"collection":[{"href":"https:\/\/admin.industriall-union.org\/fr\/wp-json\/wp\/v2\/article"}],"about":[{"href":"https:\/\/admin.industriall-union.org\/fr\/wp-json\/wp\/v2\/types\/article"}],"wp:attachment":[{"href":"https:\/\/admin.industriall-union.org\/fr\/wp-json\/wp\/v2\/media?parent=174020"}],"wp:term":[{"taxonomy":"issues","embeddable":true,"href":"https:\/\/admin.industriall-union.org\/fr\/wp-json\/wp\/v2\/issues?post=174020"},{"taxonomy":"companies","embeddable":true,"href":"https:\/\/admin.industriall-union.org\/fr\/wp-json\/wp\/v2\/companies?post=174020"},{"taxonomy":"regions","embeddable":true,"href":"https:\/\/admin.industriall-union.org\/fr\/wp-json\/wp\/v2\/regions?post=174020"},{"taxonomy":"sectors","embeddable":true,"href":"https:\/\/admin.industriall-union.org\/fr\/wp-json\/wp\/v2\/sectors?post=174020"},{"taxonomy":"article_tags","embeddable":true,"href":"https:\/\/admin.industriall-union.org\/fr\/wp-json\/wp\/v2\/article_tags?post=174020"}],"curies":[{"name":"wp","href":"https:\/\/api.w.org\/{rel}","templated":true}]}}