{"id":173963,"date":"2013-05-22T13:25:47","date_gmt":"2013-05-22T13:25:47","guid":{"rendered":"https:\/\/admin.industriall-union.org\/le-num-soumet-ses-revendications-salariales-a-la-chambre-des-mines\/"},"modified":"2025-02-08T11:46:09","modified_gmt":"2025-02-08T11:46:09","slug":"le-num-soumet-ses-revendications-salariales-a-la-chambre-des-mines","status":"publish","type":"article","link":"https:\/\/admin.industriall-union.org\/fr\/le-num-soumet-ses-revendications-salariales-a-la-chambre-des-mines\/","title":{"rendered":"Le NUM soumet ses revendications salariales \u00e0 la Chambre des Mines"},"content":{"rendered":"<p>Le syndicat demande que les travailleurs de surface re\u00e7oivent un montant minimum de 7000 rands et que pour les travailleurs de fond et \u00e0 ciel ouvert, le minimum soit fix\u00e9 \u00e0 8000 rands par mois. Pour toutes les autres cat\u00e9gories, le NUM a pr\u00e9sent\u00e9 une hausse de 15%. En outre, le syndicat demande que les cat\u00e9gories d&rsquo;op\u00e9rateurs de foreuses au rocher soient rattach\u00e9es \u00e0 la cat\u00e9gorie 8, tandis que les autres cat\u00e9gories&nbsp;d&rsquo;op\u00e9rateurs sont rattach\u00e9es \u00e0 la&nbsp; cat\u00e9gorie 7.<\/p><blockquote><p>Ces revendications sont pr\u00e9sent\u00e9es par de nombreuses \u00e9tudes qui ont r\u00e9v\u00e9l\u00e9 que les r\u00e8glements salariaux re\u00e7us dans le temps ont augment\u00e9, mais que le salaire&nbsp; disponible a \u00e9t\u00e9 mis \u00e0 rude \u00e9preuve en raison des effets de l&rsquo;inflation et d&rsquo;autres d\u00e9penses encourues pour maintenir le mode de vie modique d&rsquo;un travailleur<\/p><\/blockquote><p>dit Frans Baleni, secr\u00e9taire g\u00e9n\u00e9ral du NUM.<\/p><p>Il faut ajouter \u00e0 cela que le syndicat a pr\u00e9sent\u00e9 plusieurs autres revendications concernant l&rsquo;allocation de logement, l&rsquo;indemnit\u00e9 de march\u00e9, l&rsquo;aide au transport quotidien, la prime de risque et l&rsquo;allocation de subsistance. Ces revendications s&rsquo;adressent aux employeurs des mines d&rsquo;or et de charbon affili\u00e9s \u00e0 la Chambre des Mines.<\/p><p>NUM attendra la r\u00e9ponse de la Chambre des Mines pour savoir quand les n\u00e9gociations pourront commencer.<\/p>","protected":false},"featured_media":0,"template":"","issues":[],"companies":[],"regions":[350],"sectors":[494],"article_tags":[505],"class_list":["post-173963","article","type-article","status-publish","hentry","regions-south-africa","sectors-mining-and-dgojp","article_tags-collective-bargaining"],"acf":[],"yoast_head":"<!-- This site is optimized with the Yoast SEO Premium plugin v27.1 (Yoast SEO v27.1) - https:\/\/yoast.com\/product\/yoast-seo-premium-wordpress\/ -->\n<title>Le NUM soumet ses revendications salariales \u00e0 la Chambre des Mines - industriall-union<\/title>\n<meta name=\"description\" content=\"Le syndicat demande que les travailleurs de surface re\u00e7oivent un montant minimum de 7000 rands et que pour les travailleurs de fond et \u00e0 ciel ouvert, le\" \/>\n<meta name=\"robots\" content=\"index, follow, max-snippet:-1, max-image-preview:large, max-video-preview:-1\" \/>\n<link rel=\"canonical\" href=\"https:\/\/admin.industriall-union.org\/fr\/le-num-soumet-ses-revendications-salariales-a-la-chambre-des-mines\/\" \/>\n<meta property=\"og:locale\" content=\"fr_FR\" \/>\n<meta property=\"og:type\" content=\"article\" \/>\n<meta property=\"og:title\" content=\"Le NUM soumet ses revendications salariales \u00e0 la Chambre des Mines\" \/>\n<meta property=\"og:description\" content=\"Le syndicat demande que les travailleurs de surface re\u00e7oivent un montant minimum de 7000 rands et que pour les travailleurs de fond et \u00e0 ciel ouvert, le\" \/>\n<meta property=\"og:url\" content=\"https:\/\/admin.industriall-union.org\/fr\/le-num-soumet-ses-revendications-salariales-a-la-chambre-des-mines\/\" \/>\n<meta property=\"og:site_name\" content=\"industriall-union\" \/>\n<meta property=\"article:modified_time\" content=\"2025-02-08T11:46:09+00:00\" \/>\n<meta name=\"twitter:card\" content=\"summary_large_image\" \/>\n<meta name=\"twitter:label1\" content=\"Est. reading time\" \/>\n\t<meta name=\"twitter:data1\" content=\"1 minute\" \/>\n<script type=\"application\/ld+json\" class=\"yoast-schema-graph\">{\"@context\":\"https:\/\/schema.org\",\"@graph\":[{\"@type\":\"WebPage\",\"@id\":\"https:\/\/admin.industriall-union.org\/fr\/le-num-soumet-ses-revendications-salariales-a-la-chambre-des-mines\/\",\"url\":\"https:\/\/admin.industriall-union.org\/fr\/le-num-soumet-ses-revendications-salariales-a-la-chambre-des-mines\/\",\"name\":\"Le NUM soumet ses revendications salariales \u00e0 la Chambre des Mines - industriall-union\",\"isPartOf\":{\"@id\":\"https:\/\/admin.industriall-union.org\/#website\"},\"datePublished\":\"2013-05-22T13:25:47+00:00\",\"dateModified\":\"2025-02-08T11:46:09+00:00\",\"description\":\"Le syndicat demande que les travailleurs de surface re\u00e7oivent un montant minimum de 7000 rands et que pour les travailleurs de fond et \u00e0 ciel ouvert, le\",\"breadcrumb\":{\"@id\":\"https:\/\/admin.industriall-union.org\/fr\/le-num-soumet-ses-revendications-salariales-a-la-chambre-des-mines\/#breadcrumb\"},\"inLanguage\":\"fr-FR\",\"potentialAction\":[{\"@type\":\"ReadAction\",\"target\":[\"https:\/\/admin.industriall-union.org\/fr\/le-num-soumet-ses-revendications-salariales-a-la-chambre-des-mines\/\"]}]},{\"@type\":\"BreadcrumbList\",\"@id\":\"https:\/\/admin.industriall-union.org\/fr\/le-num-soumet-ses-revendications-salariales-a-la-chambre-des-mines\/#breadcrumb\",\"itemListElement\":[{\"@type\":\"ListItem\",\"position\":1,\"name\":\"Home\",\"item\":\"https:\/\/admin.industriall-union.org\/\"},{\"@type\":\"ListItem\",\"position\":2,\"name\":\"Articles\",\"item\":\"https:\/\/admin.industriall-union.org\/article\/\"},{\"@type\":\"ListItem\",\"position\":3,\"name\":\"Le NUM soumet ses revendications salariales \u00e0 la Chambre des Mines\"}]},{\"@type\":\"WebSite\",\"@id\":\"https:\/\/admin.industriall-union.org\/#website\",\"url\":\"https:\/\/admin.industriall-union.org\/\",\"name\":\"industriall-union\",\"description\":\"\",\"potentialAction\":[{\"@type\":\"SearchAction\",\"target\":{\"@type\":\"EntryPoint\",\"urlTemplate\":\"https:\/\/admin.industriall-union.org\/?s={search_term_string}\"},\"query-input\":{\"@type\":\"PropertyValueSpecification\",\"valueRequired\":true,\"valueName\":\"search_term_string\"}}],\"inLanguage\":\"fr-FR\"}]}<\/script>\n<!-- \/ Yoast SEO Premium plugin. -->","yoast_head_json":{"title":"Le NUM soumet ses revendications salariales \u00e0 la Chambre des Mines - industriall-union","description":"Le syndicat demande que les travailleurs de surface re\u00e7oivent un montant minimum de 7000 rands et que pour les travailleurs de fond et \u00e0 ciel ouvert, le","robots":{"index":"index","follow":"follow","max-snippet":"max-snippet:-1","max-image-preview":"max-image-preview:large","max-video-preview":"max-video-preview:-1"},"canonical":"https:\/\/admin.industriall-union.org\/fr\/le-num-soumet-ses-revendications-salariales-a-la-chambre-des-mines\/","og_locale":"fr_FR","og_type":"article","og_title":"Le NUM soumet ses revendications salariales \u00e0 la Chambre des Mines","og_description":"Le syndicat demande que les travailleurs de surface re\u00e7oivent un montant minimum de 7000 rands et que pour les travailleurs de fond et \u00e0 ciel ouvert, le","og_url":"https:\/\/admin.industriall-union.org\/fr\/le-num-soumet-ses-revendications-salariales-a-la-chambre-des-mines\/","og_site_name":"industriall-union","article_modified_time":"2025-02-08T11:46:09+00:00","twitter_card":"summary_large_image","twitter_misc":{"Est. reading time":"1 minute"},"schema":{"@context":"https:\/\/schema.org","@graph":[{"@type":"WebPage","@id":"https:\/\/admin.industriall-union.org\/fr\/le-num-soumet-ses-revendications-salariales-a-la-chambre-des-mines\/","url":"https:\/\/admin.industriall-union.org\/fr\/le-num-soumet-ses-revendications-salariales-a-la-chambre-des-mines\/","name":"Le NUM soumet ses revendications salariales \u00e0 la Chambre des Mines - industriall-union","isPartOf":{"@id":"https:\/\/admin.industriall-union.org\/#website"},"datePublished":"2013-05-22T13:25:47+00:00","dateModified":"2025-02-08T11:46:09+00:00","description":"Le syndicat demande que les travailleurs de surface re\u00e7oivent un montant minimum de 7000 rands et que pour les travailleurs de fond et \u00e0 ciel ouvert, le","breadcrumb":{"@id":"https:\/\/admin.industriall-union.org\/fr\/le-num-soumet-ses-revendications-salariales-a-la-chambre-des-mines\/#breadcrumb"},"inLanguage":"fr-FR","potentialAction":[{"@type":"ReadAction","target":["https:\/\/admin.industriall-union.org\/fr\/le-num-soumet-ses-revendications-salariales-a-la-chambre-des-mines\/"]}]},{"@type":"BreadcrumbList","@id":"https:\/\/admin.industriall-union.org\/fr\/le-num-soumet-ses-revendications-salariales-a-la-chambre-des-mines\/#breadcrumb","itemListElement":[{"@type":"ListItem","position":1,"name":"Home","item":"https:\/\/admin.industriall-union.org\/"},{"@type":"ListItem","position":2,"name":"Articles","item":"https:\/\/admin.industriall-union.org\/article\/"},{"@type":"ListItem","position":3,"name":"Le NUM soumet ses revendications salariales \u00e0 la Chambre des Mines"}]},{"@type":"WebSite","@id":"https:\/\/admin.industriall-union.org\/#website","url":"https:\/\/admin.industriall-union.org\/","name":"industriall-union","description":"","potentialAction":[{"@type":"SearchAction","target":{"@type":"EntryPoint","urlTemplate":"https:\/\/admin.industriall-union.org\/?s={search_term_string}"},"query-input":{"@type":"PropertyValueSpecification","valueRequired":true,"valueName":"search_term_string"}}],"inLanguage":"fr-FR"}]}},"_links":{"self":[{"href":"https:\/\/admin.industriall-union.org\/fr\/wp-json\/wp\/v2\/article\/173963","targetHints":{"allow":["GET"]}}],"collection":[{"href":"https:\/\/admin.industriall-union.org\/fr\/wp-json\/wp\/v2\/article"}],"about":[{"href":"https:\/\/admin.industriall-union.org\/fr\/wp-json\/wp\/v2\/types\/article"}],"wp:attachment":[{"href":"https:\/\/admin.industriall-union.org\/fr\/wp-json\/wp\/v2\/media?parent=173963"}],"wp:term":[{"taxonomy":"issues","embeddable":true,"href":"https:\/\/admin.industriall-union.org\/fr\/wp-json\/wp\/v2\/issues?post=173963"},{"taxonomy":"companies","embeddable":true,"href":"https:\/\/admin.industriall-union.org\/fr\/wp-json\/wp\/v2\/companies?post=173963"},{"taxonomy":"regions","embeddable":true,"href":"https:\/\/admin.industriall-union.org\/fr\/wp-json\/wp\/v2\/regions?post=173963"},{"taxonomy":"sectors","embeddable":true,"href":"https:\/\/admin.industriall-union.org\/fr\/wp-json\/wp\/v2\/sectors?post=173963"},{"taxonomy":"article_tags","embeddable":true,"href":"https:\/\/admin.industriall-union.org\/fr\/wp-json\/wp\/v2\/article_tags?post=173963"}],"curies":[{"name":"wp","href":"https:\/\/api.w.org\/{rel}","templated":true}]}}