{"id":173883,"date":"2013-05-29T09:21:57","date_gmt":"2013-05-29T09:21:57","guid":{"rendered":"https:\/\/admin.industriall-union.org\/le-comite-executif-de-industriall-rend-hommage-a-marcello-malentacchi\/"},"modified":"2025-02-08T11:35:12","modified_gmt":"2025-02-08T11:35:12","slug":"le-comite-executif-de-industriall-rend-hommage-a-marcello-malentacchi","status":"publish","type":"article","link":"https:\/\/admin.industriall-union.org\/fr\/le-comite-executif-de-industriall-rend-hommage-a-marcello-malentacchi\/","title":{"rendered":"Le Comit\u00e9 ex\u00e9cutif de IndustriALL rend hommage \u00e0 Marcello Malentacchi"},"content":{"rendered":"<p>\u00c0 l&rsquo;ouverture de la r\u00e9union du Comit\u00e9 ex\u00e9cutif au si\u00e8ge de IG Metall \u00e0 Francfort, Allemagne, le pr\u00e9sident de IndustriALL, Berthold Huber, a rendu hommage \u00e0 Marcello Malentacchi pour les services \u00e9m\u00e9rites rendus par celui qui a servi comme Secr\u00e9taire g\u00e9n\u00e9ral de la F\u00e9d\u00e9ration internationale des organisations de travailleurs de la m\u00e9tallurgie de 1989 \u00e0 2009. Marcello \u00e9tait un grand syndicaliste, d\u00e9vou\u00e9 \u00e0 la cause syndicale et combatif qui nous a quitt\u00e9 le 24 mai 2013 \u00e0 l&rsquo;\u00e2ge de 66 ans.<\/p><p>Les d\u00e9l\u00e9gu\u00e9(e)s ont \u00e9galement pleur\u00e9 les 1.127 travailleuses et travailleurs de la confection au Bangladesh qui ont perdu la vie dans l&rsquo;homicide industriel du Rana Plaza. En ce jour, le secr\u00e9taire g\u00e9n\u00e9ral Jyrki Raina a rappel\u00e9 aux d\u00e9l\u00e9gu\u00e9(e)s la complaisance stup\u00e9fiante des marques mondiales de v\u00eatements, qui ont seulement chang\u00e9 d&rsquo;attitude quand davantage de corps \u00e9taient extraits des d\u00e9combres jour apr\u00e8s jour, et que l&rsquo;indignation exprim\u00e9e dans la presse mondiale \u00e9tait si forte que IndustriALL et l&rsquo;UNI ont r\u00e9ussi \u00e0 forcer les marques \u00e0 prendre place \u00e0 la table des n\u00e9gociations. L&rsquo;Accord juridiquement contraignant sur les mesures de s\u00e9curit\u00e9 qui ont trait aux incendies et aux b\u00e2timents au Bangladesh a d\u00e9j\u00e0 \u00e9t\u00e9 sign\u00e9 par plus de 40 grandes marques et distributeurs. IndustriALL s&rsquo;est affirm\u00e9 comme \u00e9tant un puissant homologue au niveau mondial.<\/p><p>Le Comit\u00e9 ex\u00e9cutif de IndustriALL s&rsquo;est engag\u00e9 dans un plan d&rsquo;action en quatre points pour le Bangladesh:<\/p><ul><li>Mise en \u0153uvre de l&rsquo;Accord sur l&rsquo;incendie et la s\u00e9curit\u00e9 des b\u00e2timents<\/li><li>R\u00e9forme de la l\u00e9gislation du travail garantissant la libert\u00e9 syndicale<\/li><li>Augmentation du salaire minimum de 38 USD par mois \u00e0 un salaire vital d&rsquo;ici 2015<\/li><li>Lancement d&rsquo;un projet de syndicalisation massive pour assurer une pr\u00e9sence syndicale dans 5.000 fabriques et ateliers de la confection<\/li><\/ul><p>Le secr\u00e9taire g\u00e9n\u00e9ral Jyrki Raina a fait le point \u00e0 l&rsquo;intention des d\u00e9l\u00e9gu\u00e9(e)s sur les n\u00e9gociations autour de l&rsquo;Accord au Bangladesh et sur d&rsquo;autres sujets.<\/p><p>Le secr\u00e9taire g\u00e9n\u00e9ral adjoint Kemal Ozkan, a donn\u00e9 une mise \u00e4 jour au Comit\u00e9 ex\u00e9cutif sur le travail men\u00e9 par IndustriALL au Moyen-Orient, concernant trois pays prioritaires pour une action, \u00e0 savoir l&rsquo;\u00c9gypte, l&rsquo;Irak et la Tunisie. Le Comit\u00e9 s&rsquo;est engag\u00e9 \u00e0 apporter son soutien&nbsp; \u00e0 Hassan Juma&rsquo;a, dirigeant du syndicat des travailleurs du p\u00e9trole, victime de harc\u00e8lements en Irak, ainsi qu&rsquo;\u00e0 un programme de formation pour les syndicats ind\u00e9pendants en \u00c9gypte. La tenue de la prochaine r\u00e9union du Comit\u00e9 ex\u00e9cutif est pr\u00e9vue \u00e0 Tunis.<\/p><p>Le secr\u00e9taire g\u00e9n\u00e9ral adjoint Fernando Lopes a pr\u00e9sent\u00e9 le programme de IndustriALL sur la syndicalisation et l&rsquo;organisation de campagnes, notamment pour l&rsquo;am\u00e9lioration des comp\u00e9tences pour le personnel et chez les affili\u00e9s, et la poursuite de l&rsquo;action visant \u00e0 mettre fin \u00e0 l&rsquo;emploi pr\u00e9caire, une campagne contre l&rsquo;entreprise mini\u00e8re g\u00e9ante Rio Tinto, et une action pour garantir le respect des droits de la personne et des droits syndicaux \u00e0 Fidji.<\/p><p>Les principaux d\u00e9fis auxquels les affili\u00e9s de IndustriALL font face dans le monde ont \u00e9t\u00e9 examin\u00e9s, tant en Europe, en Russie, en Afrique du Sud, en Colombie, au Moyen-Orient et en Afrique du Nord, que dans d&rsquo;autres r\u00e9gions.<\/p><p>Les victoires remport\u00e9es par les syndicats indon\u00e9siens dans les domaines du salaire minimum, de l&rsquo;emploi pr\u00e9caire, de la s\u00e9curit\u00e9 sociale et des retraites ont \u00e9t\u00e9 comment\u00e9es par le pr\u00e9sident Huber comme \u00e9tant des exemples \u00e0 suivre. Huber a f\u00e9licit\u00e9 le dirigeant du FSPMI, Said Iqbal, qui s&rsquo;est vu d\u00e9cern\u00e9 le prix n\u00e9erlandais Elizabeth Febe, et a \u00e9galement promis un soutien continu aux syndicats indon\u00e9siens.<\/p><p>Napoleon Gomez du syndicat Los Mineros au Mexique, membre titulaire du Comit\u00e9 ex\u00e9cutif de IndustriALL Global Union, s&rsquo;est trouv\u00e9 emp\u00each\u00e9 une nouvelle fois de voyager pour occuper son si\u00e8ge en raison d&rsquo;une nouvelle affaire judiciaire parmi tant d&rsquo;autres fausses accusations lanc\u00e9es contre lui par les autorit\u00e9s mexicaines. Les d\u00e9l\u00e9gu\u00e9(e)s se sont engag\u00e9s \u00e0 poursuivre la longue campagne visant \u00e0 \u00e9tablir des syndicats puissants, libres et d\u00e9mocratiques au Mexique.<\/p>","protected":false},"featured_media":0,"template":"","issues":[414,421,415,425],"companies":[113],"regions":[155,159,264,291,202,164,167,293,254,275,288,308,242,350,311],"sectors":[],"article_tags":[511],"class_list":["post-173883","article","type-article","status-publish","hentry","issues-action-on-bangladesh","issues-mexico-campaign","issues-stop-precarious-work","issues-workers-rights","companies-rio-tinto","regions-asia-pacific","regions-bangladesh","regions-colombia","regions-egypt","regions-europe","regions-fiji","regions-indonesia","regions-iraq","regions-latin-america-and-the-caribbean","regions-mexico","regions-middle-east-and-north-africa","regions-north-america","regions-russia","regions-south-africa","regions-sub-saharan-africa","article_tags-industriall"],"acf":[],"yoast_head":"<!-- This site is optimized with the Yoast SEO Premium plugin v27.1 (Yoast SEO v27.1) - https:\/\/yoast.com\/product\/yoast-seo-premium-wordpress\/ -->\n<title>Le Comit\u00e9 ex\u00e9cutif de IndustriALL rend hommage \u00e0 Marcello Malentacchi - industriall-union<\/title>\n<meta name=\"description\" content=\"\u00c0 l&rsquo;ouverture de la r\u00e9union du Comit\u00e9 ex\u00e9cutif au si\u00e8ge de IG Metall \u00e0 Francfort, Allemagne, le pr\u00e9sident de IndustriALL, Berthold Huber, a rendu\" \/>\n<meta name=\"robots\" content=\"index, follow, max-snippet:-1, max-image-preview:large, max-video-preview:-1\" \/>\n<link rel=\"canonical\" href=\"https:\/\/admin.industriall-union.org\/fr\/le-comite-executif-de-industriall-rend-hommage-a-marcello-malentacchi\/\" \/>\n<meta property=\"og:locale\" content=\"fr_FR\" \/>\n<meta property=\"og:type\" content=\"article\" \/>\n<meta property=\"og:title\" content=\"Le Comit\u00e9 ex\u00e9cutif de IndustriALL rend hommage \u00e0 Marcello Malentacchi\" \/>\n<meta property=\"og:description\" content=\"\u00c0 l&rsquo;ouverture de la r\u00e9union du Comit\u00e9 ex\u00e9cutif au si\u00e8ge de IG Metall \u00e0 Francfort, Allemagne, le pr\u00e9sident de IndustriALL, Berthold Huber, a rendu\" \/>\n<meta property=\"og:url\" content=\"https:\/\/admin.industriall-union.org\/fr\/le-comite-executif-de-industriall-rend-hommage-a-marcello-malentacchi\/\" \/>\n<meta property=\"og:site_name\" content=\"industriall-union\" \/>\n<meta property=\"article:modified_time\" content=\"2025-02-08T11:35:12+00:00\" \/>\n<meta name=\"twitter:card\" content=\"summary_large_image\" \/>\n<meta name=\"twitter:label1\" content=\"Est. reading time\" \/>\n\t<meta name=\"twitter:data1\" content=\"4 minutes\" \/>\n<script type=\"application\/ld+json\" class=\"yoast-schema-graph\">{\"@context\":\"https:\/\/schema.org\",\"@graph\":[{\"@type\":\"WebPage\",\"@id\":\"https:\/\/admin.industriall-union.org\/fr\/le-comite-executif-de-industriall-rend-hommage-a-marcello-malentacchi\/\",\"url\":\"https:\/\/admin.industriall-union.org\/fr\/le-comite-executif-de-industriall-rend-hommage-a-marcello-malentacchi\/\",\"name\":\"Le Comit\u00e9 ex\u00e9cutif de IndustriALL rend hommage \u00e0 Marcello Malentacchi - industriall-union\",\"isPartOf\":{\"@id\":\"https:\/\/admin.industriall-union.org\/#website\"},\"datePublished\":\"2013-05-29T09:21:57+00:00\",\"dateModified\":\"2025-02-08T11:35:12+00:00\",\"description\":\"\u00c0 l&rsquo;ouverture de la r\u00e9union du Comit\u00e9 ex\u00e9cutif au si\u00e8ge de IG Metall \u00e0 Francfort, Allemagne, le pr\u00e9sident de IndustriALL, Berthold Huber, a rendu\",\"breadcrumb\":{\"@id\":\"https:\/\/admin.industriall-union.org\/fr\/le-comite-executif-de-industriall-rend-hommage-a-marcello-malentacchi\/#breadcrumb\"},\"inLanguage\":\"fr-FR\",\"potentialAction\":[{\"@type\":\"ReadAction\",\"target\":[\"https:\/\/admin.industriall-union.org\/fr\/le-comite-executif-de-industriall-rend-hommage-a-marcello-malentacchi\/\"]}]},{\"@type\":\"BreadcrumbList\",\"@id\":\"https:\/\/admin.industriall-union.org\/fr\/le-comite-executif-de-industriall-rend-hommage-a-marcello-malentacchi\/#breadcrumb\",\"itemListElement\":[{\"@type\":\"ListItem\",\"position\":1,\"name\":\"Home\",\"item\":\"https:\/\/admin.industriall-union.org\/\"},{\"@type\":\"ListItem\",\"position\":2,\"name\":\"Articles\",\"item\":\"https:\/\/admin.industriall-union.org\/article\/\"},{\"@type\":\"ListItem\",\"position\":3,\"name\":\"Le Comit\u00e9 ex\u00e9cutif de IndustriALL rend hommage \u00e0 Marcello Malentacchi\"}]},{\"@type\":\"WebSite\",\"@id\":\"https:\/\/admin.industriall-union.org\/#website\",\"url\":\"https:\/\/admin.industriall-union.org\/\",\"name\":\"industriall-union\",\"description\":\"\",\"potentialAction\":[{\"@type\":\"SearchAction\",\"target\":{\"@type\":\"EntryPoint\",\"urlTemplate\":\"https:\/\/admin.industriall-union.org\/?s={search_term_string}\"},\"query-input\":{\"@type\":\"PropertyValueSpecification\",\"valueRequired\":true,\"valueName\":\"search_term_string\"}}],\"inLanguage\":\"fr-FR\"}]}<\/script>\n<!-- \/ Yoast SEO Premium plugin. -->","yoast_head_json":{"title":"Le Comit\u00e9 ex\u00e9cutif de IndustriALL rend hommage \u00e0 Marcello Malentacchi - industriall-union","description":"\u00c0 l&rsquo;ouverture de la r\u00e9union du Comit\u00e9 ex\u00e9cutif au si\u00e8ge de IG Metall \u00e0 Francfort, Allemagne, le pr\u00e9sident de IndustriALL, Berthold Huber, a rendu","robots":{"index":"index","follow":"follow","max-snippet":"max-snippet:-1","max-image-preview":"max-image-preview:large","max-video-preview":"max-video-preview:-1"},"canonical":"https:\/\/admin.industriall-union.org\/fr\/le-comite-executif-de-industriall-rend-hommage-a-marcello-malentacchi\/","og_locale":"fr_FR","og_type":"article","og_title":"Le Comit\u00e9 ex\u00e9cutif de IndustriALL rend hommage \u00e0 Marcello Malentacchi","og_description":"\u00c0 l&rsquo;ouverture de la r\u00e9union du Comit\u00e9 ex\u00e9cutif au si\u00e8ge de IG Metall \u00e0 Francfort, Allemagne, le pr\u00e9sident de IndustriALL, Berthold Huber, a rendu","og_url":"https:\/\/admin.industriall-union.org\/fr\/le-comite-executif-de-industriall-rend-hommage-a-marcello-malentacchi\/","og_site_name":"industriall-union","article_modified_time":"2025-02-08T11:35:12+00:00","twitter_card":"summary_large_image","twitter_misc":{"Est. reading time":"4 minutes"},"schema":{"@context":"https:\/\/schema.org","@graph":[{"@type":"WebPage","@id":"https:\/\/admin.industriall-union.org\/fr\/le-comite-executif-de-industriall-rend-hommage-a-marcello-malentacchi\/","url":"https:\/\/admin.industriall-union.org\/fr\/le-comite-executif-de-industriall-rend-hommage-a-marcello-malentacchi\/","name":"Le Comit\u00e9 ex\u00e9cutif de IndustriALL rend hommage \u00e0 Marcello Malentacchi - industriall-union","isPartOf":{"@id":"https:\/\/admin.industriall-union.org\/#website"},"datePublished":"2013-05-29T09:21:57+00:00","dateModified":"2025-02-08T11:35:12+00:00","description":"\u00c0 l&rsquo;ouverture de la r\u00e9union du Comit\u00e9 ex\u00e9cutif au si\u00e8ge de IG Metall \u00e0 Francfort, Allemagne, le pr\u00e9sident de IndustriALL, Berthold Huber, a rendu","breadcrumb":{"@id":"https:\/\/admin.industriall-union.org\/fr\/le-comite-executif-de-industriall-rend-hommage-a-marcello-malentacchi\/#breadcrumb"},"inLanguage":"fr-FR","potentialAction":[{"@type":"ReadAction","target":["https:\/\/admin.industriall-union.org\/fr\/le-comite-executif-de-industriall-rend-hommage-a-marcello-malentacchi\/"]}]},{"@type":"BreadcrumbList","@id":"https:\/\/admin.industriall-union.org\/fr\/le-comite-executif-de-industriall-rend-hommage-a-marcello-malentacchi\/#breadcrumb","itemListElement":[{"@type":"ListItem","position":1,"name":"Home","item":"https:\/\/admin.industriall-union.org\/"},{"@type":"ListItem","position":2,"name":"Articles","item":"https:\/\/admin.industriall-union.org\/article\/"},{"@type":"ListItem","position":3,"name":"Le Comit\u00e9 ex\u00e9cutif de IndustriALL rend hommage \u00e0 Marcello Malentacchi"}]},{"@type":"WebSite","@id":"https:\/\/admin.industriall-union.org\/#website","url":"https:\/\/admin.industriall-union.org\/","name":"industriall-union","description":"","potentialAction":[{"@type":"SearchAction","target":{"@type":"EntryPoint","urlTemplate":"https:\/\/admin.industriall-union.org\/?s={search_term_string}"},"query-input":{"@type":"PropertyValueSpecification","valueRequired":true,"valueName":"search_term_string"}}],"inLanguage":"fr-FR"}]}},"_links":{"self":[{"href":"https:\/\/admin.industriall-union.org\/fr\/wp-json\/wp\/v2\/article\/173883","targetHints":{"allow":["GET"]}}],"collection":[{"href":"https:\/\/admin.industriall-union.org\/fr\/wp-json\/wp\/v2\/article"}],"about":[{"href":"https:\/\/admin.industriall-union.org\/fr\/wp-json\/wp\/v2\/types\/article"}],"wp:attachment":[{"href":"https:\/\/admin.industriall-union.org\/fr\/wp-json\/wp\/v2\/media?parent=173883"}],"wp:term":[{"taxonomy":"issues","embeddable":true,"href":"https:\/\/admin.industriall-union.org\/fr\/wp-json\/wp\/v2\/issues?post=173883"},{"taxonomy":"companies","embeddable":true,"href":"https:\/\/admin.industriall-union.org\/fr\/wp-json\/wp\/v2\/companies?post=173883"},{"taxonomy":"regions","embeddable":true,"href":"https:\/\/admin.industriall-union.org\/fr\/wp-json\/wp\/v2\/regions?post=173883"},{"taxonomy":"sectors","embeddable":true,"href":"https:\/\/admin.industriall-union.org\/fr\/wp-json\/wp\/v2\/sectors?post=173883"},{"taxonomy":"article_tags","embeddable":true,"href":"https:\/\/admin.industriall-union.org\/fr\/wp-json\/wp\/v2\/article_tags?post=173883"}],"curies":[{"name":"wp","href":"https:\/\/api.w.org\/{rel}","templated":true}]}}