{"id":173778,"date":"2013-06-13T16:01:06","date_gmt":"2013-06-13T16:01:06","guid":{"rendered":"https:\/\/admin.industriall-union.org\/randonnee-en-velo-des-syndicalistes-du-monde-en-faveur-des-droits-des-travailleurs\/"},"modified":"2025-02-08T11:06:47","modified_gmt":"2025-02-08T11:06:47","slug":"randonnee-en-velo-des-syndicalistes-du-monde-en-faveur-des-droits-des-travailleurs","status":"publish","type":"article","link":"https:\/\/admin.industriall-union.org\/fr\/randonnee-en-velo-des-syndicalistes-du-monde-en-faveur-des-droits-des-travailleurs\/","title":{"rendered":"Randonn\u00e9e en v\u00e9lo des syndicalistes du monde en faveur des droits des travailleurs"},"content":{"rendered":"<p>L&rsquo;\u00e9v\u00e8nement \u00e9tait organis\u00e9 et men\u00e9 par des membres de l&rsquo;Internationale des services publics (ISP). Des repr\u00e9sentant(e)s de IndustriALL se sont joints \u00e0 la randonn\u00e9e.<\/p><p>La &lsquo;Route of Shame&rsquo; avait \u00e9t\u00e9 planifi\u00e9e conjointement \u00e0 la 102<sup>\u00e8me<\/sup> Conf\u00e9rence internationale du Travail \u00e0 Gen\u00e8ve. La Conf\u00e9rence du Travail annuelle avait pour objectif principal de d\u00e9terminer les pays qui s&rsquo;acquittent de l&rsquo;obligation de respecter les droits des travailleurs et travailleuses, inscrits dans les conventions de l&rsquo;Organisation internationale du Travail. Les d\u00e9l\u00e9gu\u00e9(e)s qui participaient aux sessions de la Conf\u00e9rence ont \u00e9galement \u00e9t\u00e9 invit\u00e9s \u00e0 se joindre \u00e0 la randonn\u00e9e, et les organisateurs ont fourni des v\u00e9los aux personnes qui n&rsquo;en avaient pas.<\/p><p>La randonn\u00e9e a mis en lumi\u00e8re les infractions qui ont lieu en Bi\u00e9lorussie, en Russie, en Turquie, en Gr\u00e8ce, au Canada, au Nigeria, en Iran, au Paraguay, en Tunisie, au Pakistan, en \u00c9thiopie, en Mauritanie, au Cameroun, au Honduras, en R\u00e9publique dominicaine et en Cor\u00e9e du Sud.<\/p><p>Les orateurs qui se sont exprim\u00e9s \u00e0 la &lsquo;Route of Shame&rsquo; ont parl\u00e9 de l&rsquo;\u00c9gypte o\u00f9 les syndicats ind\u00e9pendants se voient encore refuser le droit de faire gr\u00e8ve ou de protester afin d&rsquo;\u00e9touffer leurs revendications pour une soci\u00e9t\u00e9 juste, de la Turquie o\u00f9 le port d&rsquo;un badge permet de d\u00e9noncer les graves infractions aux droits de la personne, de la Cor\u00e9e du Sud o\u00f9 les syndicats d\u00e9mocratiques se voient constamment d\u00e9nier leur reconnaissance et o\u00f9 travailleurs et travailleuses se retrouvent dans des emplois pr\u00e9caires, de la Bi\u00e9lorussie qui continue d&rsquo;enfreindre constamment la libert\u00e9 syndicale et la n\u00e9gociation collective, alors que la Conf\u00e9rence internationale du Travail s&rsquo;int\u00e9resse \u00e0 ce cas depuis l&rsquo;an 2000 et que le gouvernement refuse d&rsquo;appliquer les nombreuses recommandations de l&rsquo;OIT.<\/p><p>Dans le cadre de l&rsquo;action sur la &lsquo;Route of Shame&rsquo;, les participant(e)s \u00e0 la randonn\u00e9e ont remis des lettres aux missions et ambassades des pays mentionn\u00e9s plus haut pour d\u00e9noncer les infractions commises.<\/p>","protected":false},"featured_media":0,"template":"","issues":[422,424],"companies":[],"regions":[155,202,254,288,308,311],"sectors":[],"article_tags":[],"class_list":["post-173778","article","type-article","status-publish","hentry","issues-human-trade-union-rights","issues-violation","regions-asia-pacific","regions-europe","regions-latin-america-and-the-caribbean","regions-middle-east-and-north-africa","regions-north-america","regions-sub-saharan-africa"],"acf":[],"yoast_head":"<!-- This site is optimized with the Yoast SEO Premium plugin v27.1 (Yoast SEO v27.1) - https:\/\/yoast.com\/product\/yoast-seo-premium-wordpress\/ -->\n<title>Randonn\u00e9e en v\u00e9lo des syndicalistes du monde en faveur des droits des travailleurs - industriall-union<\/title>\n<meta name=\"description\" content=\"L&rsquo;\u00e9v\u00e8nement \u00e9tait organis\u00e9 et men\u00e9 par des membres de l&rsquo;Internationale des services publics (ISP). Des repr\u00e9sentant(e)s de IndustriALL se sont\" \/>\n<meta name=\"robots\" content=\"index, follow, max-snippet:-1, max-image-preview:large, max-video-preview:-1\" \/>\n<link rel=\"canonical\" href=\"https:\/\/admin.industriall-union.org\/fr\/randonnee-en-velo-des-syndicalistes-du-monde-en-faveur-des-droits-des-travailleurs\/\" \/>\n<meta property=\"og:locale\" content=\"fr_FR\" \/>\n<meta property=\"og:type\" content=\"article\" \/>\n<meta property=\"og:title\" content=\"Randonn\u00e9e en v\u00e9lo des syndicalistes du monde en faveur des droits des travailleurs\" \/>\n<meta property=\"og:description\" content=\"L&rsquo;\u00e9v\u00e8nement \u00e9tait organis\u00e9 et men\u00e9 par des membres de l&rsquo;Internationale des services publics (ISP). Des repr\u00e9sentant(e)s de IndustriALL se sont\" \/>\n<meta property=\"og:url\" content=\"https:\/\/admin.industriall-union.org\/fr\/randonnee-en-velo-des-syndicalistes-du-monde-en-faveur-des-droits-des-travailleurs\/\" \/>\n<meta property=\"og:site_name\" content=\"industriall-union\" \/>\n<meta property=\"article:modified_time\" content=\"2025-02-08T11:06:47+00:00\" \/>\n<meta name=\"twitter:card\" content=\"summary_large_image\" \/>\n<meta name=\"twitter:label1\" content=\"Est. reading time\" \/>\n\t<meta name=\"twitter:data1\" content=\"2 minutes\" \/>\n<script type=\"application\/ld+json\" class=\"yoast-schema-graph\">{\"@context\":\"https:\/\/schema.org\",\"@graph\":[{\"@type\":\"WebPage\",\"@id\":\"https:\/\/admin.industriall-union.org\/fr\/randonnee-en-velo-des-syndicalistes-du-monde-en-faveur-des-droits-des-travailleurs\/\",\"url\":\"https:\/\/admin.industriall-union.org\/fr\/randonnee-en-velo-des-syndicalistes-du-monde-en-faveur-des-droits-des-travailleurs\/\",\"name\":\"Randonn\u00e9e en v\u00e9lo des syndicalistes du monde en faveur des droits des travailleurs - industriall-union\",\"isPartOf\":{\"@id\":\"https:\/\/admin.industriall-union.org\/#website\"},\"datePublished\":\"2013-06-13T16:01:06+00:00\",\"dateModified\":\"2025-02-08T11:06:47+00:00\",\"description\":\"L&rsquo;\u00e9v\u00e8nement \u00e9tait organis\u00e9 et men\u00e9 par des membres de l&rsquo;Internationale des services publics (ISP). Des repr\u00e9sentant(e)s de IndustriALL se sont\",\"breadcrumb\":{\"@id\":\"https:\/\/admin.industriall-union.org\/fr\/randonnee-en-velo-des-syndicalistes-du-monde-en-faveur-des-droits-des-travailleurs\/#breadcrumb\"},\"inLanguage\":\"fr-FR\",\"potentialAction\":[{\"@type\":\"ReadAction\",\"target\":[\"https:\/\/admin.industriall-union.org\/fr\/randonnee-en-velo-des-syndicalistes-du-monde-en-faveur-des-droits-des-travailleurs\/\"]}]},{\"@type\":\"BreadcrumbList\",\"@id\":\"https:\/\/admin.industriall-union.org\/fr\/randonnee-en-velo-des-syndicalistes-du-monde-en-faveur-des-droits-des-travailleurs\/#breadcrumb\",\"itemListElement\":[{\"@type\":\"ListItem\",\"position\":1,\"name\":\"Home\",\"item\":\"https:\/\/admin.industriall-union.org\/\"},{\"@type\":\"ListItem\",\"position\":2,\"name\":\"Articles\",\"item\":\"https:\/\/admin.industriall-union.org\/article\/\"},{\"@type\":\"ListItem\",\"position\":3,\"name\":\"Randonn\u00e9e en v\u00e9lo des syndicalistes du monde en faveur des droits des travailleurs\"}]},{\"@type\":\"WebSite\",\"@id\":\"https:\/\/admin.industriall-union.org\/#website\",\"url\":\"https:\/\/admin.industriall-union.org\/\",\"name\":\"industriall-union\",\"description\":\"\",\"potentialAction\":[{\"@type\":\"SearchAction\",\"target\":{\"@type\":\"EntryPoint\",\"urlTemplate\":\"https:\/\/admin.industriall-union.org\/?s={search_term_string}\"},\"query-input\":{\"@type\":\"PropertyValueSpecification\",\"valueRequired\":true,\"valueName\":\"search_term_string\"}}],\"inLanguage\":\"fr-FR\"}]}<\/script>\n<!-- \/ Yoast SEO Premium plugin. -->","yoast_head_json":{"title":"Randonn\u00e9e en v\u00e9lo des syndicalistes du monde en faveur des droits des travailleurs - industriall-union","description":"L&rsquo;\u00e9v\u00e8nement \u00e9tait organis\u00e9 et men\u00e9 par des membres de l&rsquo;Internationale des services publics (ISP). Des repr\u00e9sentant(e)s de IndustriALL se sont","robots":{"index":"index","follow":"follow","max-snippet":"max-snippet:-1","max-image-preview":"max-image-preview:large","max-video-preview":"max-video-preview:-1"},"canonical":"https:\/\/admin.industriall-union.org\/fr\/randonnee-en-velo-des-syndicalistes-du-monde-en-faveur-des-droits-des-travailleurs\/","og_locale":"fr_FR","og_type":"article","og_title":"Randonn\u00e9e en v\u00e9lo des syndicalistes du monde en faveur des droits des travailleurs","og_description":"L&rsquo;\u00e9v\u00e8nement \u00e9tait organis\u00e9 et men\u00e9 par des membres de l&rsquo;Internationale des services publics (ISP). Des repr\u00e9sentant(e)s de IndustriALL se sont","og_url":"https:\/\/admin.industriall-union.org\/fr\/randonnee-en-velo-des-syndicalistes-du-monde-en-faveur-des-droits-des-travailleurs\/","og_site_name":"industriall-union","article_modified_time":"2025-02-08T11:06:47+00:00","twitter_card":"summary_large_image","twitter_misc":{"Est. reading time":"2 minutes"},"schema":{"@context":"https:\/\/schema.org","@graph":[{"@type":"WebPage","@id":"https:\/\/admin.industriall-union.org\/fr\/randonnee-en-velo-des-syndicalistes-du-monde-en-faveur-des-droits-des-travailleurs\/","url":"https:\/\/admin.industriall-union.org\/fr\/randonnee-en-velo-des-syndicalistes-du-monde-en-faveur-des-droits-des-travailleurs\/","name":"Randonn\u00e9e en v\u00e9lo des syndicalistes du monde en faveur des droits des travailleurs - industriall-union","isPartOf":{"@id":"https:\/\/admin.industriall-union.org\/#website"},"datePublished":"2013-06-13T16:01:06+00:00","dateModified":"2025-02-08T11:06:47+00:00","description":"L&rsquo;\u00e9v\u00e8nement \u00e9tait organis\u00e9 et men\u00e9 par des membres de l&rsquo;Internationale des services publics (ISP). Des repr\u00e9sentant(e)s de IndustriALL se sont","breadcrumb":{"@id":"https:\/\/admin.industriall-union.org\/fr\/randonnee-en-velo-des-syndicalistes-du-monde-en-faveur-des-droits-des-travailleurs\/#breadcrumb"},"inLanguage":"fr-FR","potentialAction":[{"@type":"ReadAction","target":["https:\/\/admin.industriall-union.org\/fr\/randonnee-en-velo-des-syndicalistes-du-monde-en-faveur-des-droits-des-travailleurs\/"]}]},{"@type":"BreadcrumbList","@id":"https:\/\/admin.industriall-union.org\/fr\/randonnee-en-velo-des-syndicalistes-du-monde-en-faveur-des-droits-des-travailleurs\/#breadcrumb","itemListElement":[{"@type":"ListItem","position":1,"name":"Home","item":"https:\/\/admin.industriall-union.org\/"},{"@type":"ListItem","position":2,"name":"Articles","item":"https:\/\/admin.industriall-union.org\/article\/"},{"@type":"ListItem","position":3,"name":"Randonn\u00e9e en v\u00e9lo des syndicalistes du monde en faveur des droits des travailleurs"}]},{"@type":"WebSite","@id":"https:\/\/admin.industriall-union.org\/#website","url":"https:\/\/admin.industriall-union.org\/","name":"industriall-union","description":"","potentialAction":[{"@type":"SearchAction","target":{"@type":"EntryPoint","urlTemplate":"https:\/\/admin.industriall-union.org\/?s={search_term_string}"},"query-input":{"@type":"PropertyValueSpecification","valueRequired":true,"valueName":"search_term_string"}}],"inLanguage":"fr-FR"}]}},"_links":{"self":[{"href":"https:\/\/admin.industriall-union.org\/fr\/wp-json\/wp\/v2\/article\/173778","targetHints":{"allow":["GET"]}}],"collection":[{"href":"https:\/\/admin.industriall-union.org\/fr\/wp-json\/wp\/v2\/article"}],"about":[{"href":"https:\/\/admin.industriall-union.org\/fr\/wp-json\/wp\/v2\/types\/article"}],"wp:attachment":[{"href":"https:\/\/admin.industriall-union.org\/fr\/wp-json\/wp\/v2\/media?parent=173778"}],"wp:term":[{"taxonomy":"issues","embeddable":true,"href":"https:\/\/admin.industriall-union.org\/fr\/wp-json\/wp\/v2\/issues?post=173778"},{"taxonomy":"companies","embeddable":true,"href":"https:\/\/admin.industriall-union.org\/fr\/wp-json\/wp\/v2\/companies?post=173778"},{"taxonomy":"regions","embeddable":true,"href":"https:\/\/admin.industriall-union.org\/fr\/wp-json\/wp\/v2\/regions?post=173778"},{"taxonomy":"sectors","embeddable":true,"href":"https:\/\/admin.industriall-union.org\/fr\/wp-json\/wp\/v2\/sectors?post=173778"},{"taxonomy":"article_tags","embeddable":true,"href":"https:\/\/admin.industriall-union.org\/fr\/wp-json\/wp\/v2\/article_tags?post=173778"}],"curies":[{"name":"wp","href":"https:\/\/api.w.org\/{rel}","templated":true}]}}