{"id":173685,"date":"2013-06-14T12:41:33","date_gmt":"2013-06-14T12:41:33","guid":{"rendered":"https:\/\/admin.industriall-union.org\/industriall-instaure-un-comite-des-femmes\/"},"modified":"2025-02-08T10:50:28","modified_gmt":"2025-02-08T10:50:28","slug":"industriall-instaure-un-comite-des-femmes","status":"publish","type":"article","link":"https:\/\/admin.industriall-union.org\/fr\/industriall-instaure-un-comite-des-femmes\/","title":{"rendered":"IndustriALL instaure un Comit\u00e9 des Femmes"},"content":{"rendered":"<p>Le programme de travail suivant a \u00e9t\u00e9 adopt\u00e9 et sera mis en \u0153uvre jusqu&rsquo;au prochain<\/p><ul><li>Protection de la maternit\u00e9, y compris la sant\u00e9 et la<\/li><li>Violence<\/li><li>Femmes et postes de<\/li><li>Salaire minimum<\/li><li>Renforcement des structures pour les<\/li><li>Renforcement des liens avec les<\/li><li>Egalit\u00e9 des salaires<\/li><\/ul><p>De plus, l&rsquo;int\u00e9gration de la probl\u00e9matique des genres dans le reste du travail en cours doit \u00eatre renforc\u00e9e comme dans le cadre de la campagne sur le travail pr\u00e9caire. Le travail pr\u00e9caire est une question fondamentale o\u00f9 les femmes sont clairement les plus affect\u00e9es.<\/p><p>Ce programme de travail trouve ses racines dans le programme d&rsquo;action adopt\u00e9 lors du Congr\u00e8s de 2012 ainsi que dans le programme d&rsquo;activit\u00e9s du Comit\u00e9 ex\u00e9cutif. En outre, les deux conf\u00e9rences r\u00e9gionales tenues jusqu&rsquo;ici \u00e0 Singapour et \u00e0 Buenos Aires ont \u00e9galement d\u00e9velopp\u00e9 des priorit\u00e9s qui ont \u00e9t\u00e9 int\u00e9gr\u00e9es dans le programme de travail. Ces efforts sont importants car les structures r\u00e9gionales doivent apporter de l&rsquo;eau au moulin des structures internationales.<\/p><p>En plus des femmes qui sont membres et suppl\u00e9antes au Comit\u00e9 ex\u00e9cutif, les affili\u00e9s ont la facult\u00e9 d&rsquo;envoyer des membres assister r\u00e9guli\u00e8rement aux r\u00e9unions du Comit\u00e9 des Femmes.<\/p><p>Les questions de genres doivent faire partie de toutes les r\u00e9unions et conf\u00e9rences d&rsquo;IndustriALL. Et \u00e0 c\u00f4t\u00e9 de cela, les femmes d&rsquo;IndustriALL doivent constituer des r\u00e9seaux de mani\u00e8re \u00e0 rester en contact permanent entre elles.<\/p><p>Il a \u00e9t\u00e9 d\u00e9cid\u00e9 que le Comit\u00e9 des Femmes se r\u00e9unirait avant chaque r\u00e9union du Comit\u00e9 ex\u00e9cutif. Ainsi, la prochaine r\u00e9union aura lieu \u00e0 Tunis le 3 d\u00e9cembre. Les membres du Comit\u00e9 des Femmes sont invit\u00e9es \u00e0 envoyer leurs suggestions de th\u00e8mes de campagne et d&rsquo;activit\u00e9s d&rsquo;ici au 1<sup>er<\/sup> octobre \u00e0 Carol Bruce, Directrice du D\u00e9partement des Femmes d&rsquo;IndustriALL, \u00e0 l&rsquo;adresse <a href=\"mailto:cbruce@industriall-union.org\">cbruce@industriall-union.org<\/a>.<\/p><p>Enfin, il est rappel\u00e9 aux travailleuses qu&rsquo;IndustriALL organisera une Conf\u00e9rence mondiale des Femmes en 2015. Les organisations qui seraient int\u00e9ress\u00e9es \u00e0 accueillir cette conf\u00e9rence sont pri\u00e9es de se faire conna\u00eetre aupr\u00e8s du Secr\u00e9tariat d\u00e8s que possible.<\/p>","protected":false},"featured_media":0,"template":"","issues":[397],"companies":[],"regions":[],"sectors":[],"article_tags":[511],"class_list":["post-173685","article","type-article","status-publish","hentry","issues-women","article_tags-industriall"],"acf":[],"yoast_head":"<!-- This site is optimized with the Yoast SEO Premium plugin v27.1 (Yoast SEO v27.1) - https:\/\/yoast.com\/product\/yoast-seo-premium-wordpress\/ -->\n<title>IndustriALL instaure un Comit\u00e9 des Femmes - industriall-union<\/title>\n<meta name=\"description\" content=\"Le programme de travail suivant a \u00e9t\u00e9 adopt\u00e9 et sera mis en \u0153uvre jusqu&rsquo;au prochainProtection de la maternit\u00e9, y compris la sant\u00e9 et\" \/>\n<meta name=\"robots\" content=\"index, follow, max-snippet:-1, max-image-preview:large, max-video-preview:-1\" \/>\n<link rel=\"canonical\" href=\"https:\/\/admin.industriall-union.org\/fr\/industriall-instaure-un-comite-des-femmes\/\" \/>\n<meta property=\"og:locale\" content=\"fr_FR\" \/>\n<meta property=\"og:type\" content=\"article\" \/>\n<meta property=\"og:title\" content=\"IndustriALL instaure un Comit\u00e9 des Femmes\" \/>\n<meta property=\"og:description\" content=\"Le programme de travail suivant a \u00e9t\u00e9 adopt\u00e9 et sera mis en \u0153uvre jusqu&rsquo;au prochainProtection de la maternit\u00e9, y compris la sant\u00e9 et\" \/>\n<meta property=\"og:url\" content=\"https:\/\/admin.industriall-union.org\/fr\/industriall-instaure-un-comite-des-femmes\/\" \/>\n<meta property=\"og:site_name\" content=\"industriall-union\" \/>\n<meta property=\"article:modified_time\" content=\"2025-02-08T10:50:28+00:00\" \/>\n<meta name=\"twitter:card\" content=\"summary_large_image\" \/>\n<meta name=\"twitter:label1\" content=\"Est. reading time\" \/>\n\t<meta name=\"twitter:data1\" content=\"2 minutes\" \/>\n<script type=\"application\/ld+json\" class=\"yoast-schema-graph\">{\"@context\":\"https:\/\/schema.org\",\"@graph\":[{\"@type\":\"WebPage\",\"@id\":\"https:\/\/admin.industriall-union.org\/fr\/industriall-instaure-un-comite-des-femmes\/\",\"url\":\"https:\/\/admin.industriall-union.org\/fr\/industriall-instaure-un-comite-des-femmes\/\",\"name\":\"IndustriALL instaure un Comit\u00e9 des Femmes - industriall-union\",\"isPartOf\":{\"@id\":\"https:\/\/admin.industriall-union.org\/#website\"},\"datePublished\":\"2013-06-14T12:41:33+00:00\",\"dateModified\":\"2025-02-08T10:50:28+00:00\",\"description\":\"Le programme de travail suivant a \u00e9t\u00e9 adopt\u00e9 et sera mis en \u0153uvre jusqu&rsquo;au prochainProtection de la maternit\u00e9, y compris la sant\u00e9 et\",\"breadcrumb\":{\"@id\":\"https:\/\/admin.industriall-union.org\/fr\/industriall-instaure-un-comite-des-femmes\/#breadcrumb\"},\"inLanguage\":\"fr-FR\",\"potentialAction\":[{\"@type\":\"ReadAction\",\"target\":[\"https:\/\/admin.industriall-union.org\/fr\/industriall-instaure-un-comite-des-femmes\/\"]}]},{\"@type\":\"BreadcrumbList\",\"@id\":\"https:\/\/admin.industriall-union.org\/fr\/industriall-instaure-un-comite-des-femmes\/#breadcrumb\",\"itemListElement\":[{\"@type\":\"ListItem\",\"position\":1,\"name\":\"Home\",\"item\":\"https:\/\/admin.industriall-union.org\/\"},{\"@type\":\"ListItem\",\"position\":2,\"name\":\"Articles\",\"item\":\"https:\/\/admin.industriall-union.org\/article\/\"},{\"@type\":\"ListItem\",\"position\":3,\"name\":\"IndustriALL instaure un Comit\u00e9 des Femmes\"}]},{\"@type\":\"WebSite\",\"@id\":\"https:\/\/admin.industriall-union.org\/#website\",\"url\":\"https:\/\/admin.industriall-union.org\/\",\"name\":\"industriall-union\",\"description\":\"\",\"potentialAction\":[{\"@type\":\"SearchAction\",\"target\":{\"@type\":\"EntryPoint\",\"urlTemplate\":\"https:\/\/admin.industriall-union.org\/?s={search_term_string}\"},\"query-input\":{\"@type\":\"PropertyValueSpecification\",\"valueRequired\":true,\"valueName\":\"search_term_string\"}}],\"inLanguage\":\"fr-FR\"}]}<\/script>\n<!-- \/ Yoast SEO Premium plugin. -->","yoast_head_json":{"title":"IndustriALL instaure un Comit\u00e9 des Femmes - industriall-union","description":"Le programme de travail suivant a \u00e9t\u00e9 adopt\u00e9 et sera mis en \u0153uvre jusqu&rsquo;au prochainProtection de la maternit\u00e9, y compris la sant\u00e9 et","robots":{"index":"index","follow":"follow","max-snippet":"max-snippet:-1","max-image-preview":"max-image-preview:large","max-video-preview":"max-video-preview:-1"},"canonical":"https:\/\/admin.industriall-union.org\/fr\/industriall-instaure-un-comite-des-femmes\/","og_locale":"fr_FR","og_type":"article","og_title":"IndustriALL instaure un Comit\u00e9 des Femmes","og_description":"Le programme de travail suivant a \u00e9t\u00e9 adopt\u00e9 et sera mis en \u0153uvre jusqu&rsquo;au prochainProtection de la maternit\u00e9, y compris la sant\u00e9 et","og_url":"https:\/\/admin.industriall-union.org\/fr\/industriall-instaure-un-comite-des-femmes\/","og_site_name":"industriall-union","article_modified_time":"2025-02-08T10:50:28+00:00","twitter_card":"summary_large_image","twitter_misc":{"Est. reading time":"2 minutes"},"schema":{"@context":"https:\/\/schema.org","@graph":[{"@type":"WebPage","@id":"https:\/\/admin.industriall-union.org\/fr\/industriall-instaure-un-comite-des-femmes\/","url":"https:\/\/admin.industriall-union.org\/fr\/industriall-instaure-un-comite-des-femmes\/","name":"IndustriALL instaure un Comit\u00e9 des Femmes - industriall-union","isPartOf":{"@id":"https:\/\/admin.industriall-union.org\/#website"},"datePublished":"2013-06-14T12:41:33+00:00","dateModified":"2025-02-08T10:50:28+00:00","description":"Le programme de travail suivant a \u00e9t\u00e9 adopt\u00e9 et sera mis en \u0153uvre jusqu&rsquo;au prochainProtection de la maternit\u00e9, y compris la sant\u00e9 et","breadcrumb":{"@id":"https:\/\/admin.industriall-union.org\/fr\/industriall-instaure-un-comite-des-femmes\/#breadcrumb"},"inLanguage":"fr-FR","potentialAction":[{"@type":"ReadAction","target":["https:\/\/admin.industriall-union.org\/fr\/industriall-instaure-un-comite-des-femmes\/"]}]},{"@type":"BreadcrumbList","@id":"https:\/\/admin.industriall-union.org\/fr\/industriall-instaure-un-comite-des-femmes\/#breadcrumb","itemListElement":[{"@type":"ListItem","position":1,"name":"Home","item":"https:\/\/admin.industriall-union.org\/"},{"@type":"ListItem","position":2,"name":"Articles","item":"https:\/\/admin.industriall-union.org\/article\/"},{"@type":"ListItem","position":3,"name":"IndustriALL instaure un Comit\u00e9 des Femmes"}]},{"@type":"WebSite","@id":"https:\/\/admin.industriall-union.org\/#website","url":"https:\/\/admin.industriall-union.org\/","name":"industriall-union","description":"","potentialAction":[{"@type":"SearchAction","target":{"@type":"EntryPoint","urlTemplate":"https:\/\/admin.industriall-union.org\/?s={search_term_string}"},"query-input":{"@type":"PropertyValueSpecification","valueRequired":true,"valueName":"search_term_string"}}],"inLanguage":"fr-FR"}]}},"_links":{"self":[{"href":"https:\/\/admin.industriall-union.org\/fr\/wp-json\/wp\/v2\/article\/173685","targetHints":{"allow":["GET"]}}],"collection":[{"href":"https:\/\/admin.industriall-union.org\/fr\/wp-json\/wp\/v2\/article"}],"about":[{"href":"https:\/\/admin.industriall-union.org\/fr\/wp-json\/wp\/v2\/types\/article"}],"wp:attachment":[{"href":"https:\/\/admin.industriall-union.org\/fr\/wp-json\/wp\/v2\/media?parent=173685"}],"wp:term":[{"taxonomy":"issues","embeddable":true,"href":"https:\/\/admin.industriall-union.org\/fr\/wp-json\/wp\/v2\/issues?post=173685"},{"taxonomy":"companies","embeddable":true,"href":"https:\/\/admin.industriall-union.org\/fr\/wp-json\/wp\/v2\/companies?post=173685"},{"taxonomy":"regions","embeddable":true,"href":"https:\/\/admin.industriall-union.org\/fr\/wp-json\/wp\/v2\/regions?post=173685"},{"taxonomy":"sectors","embeddable":true,"href":"https:\/\/admin.industriall-union.org\/fr\/wp-json\/wp\/v2\/sectors?post=173685"},{"taxonomy":"article_tags","embeddable":true,"href":"https:\/\/admin.industriall-union.org\/fr\/wp-json\/wp\/v2\/article_tags?post=173685"}],"curies":[{"name":"wp","href":"https:\/\/api.w.org\/{rel}","templated":true}]}}