{"id":173668,"date":"2013-06-20T13:22:30","date_gmt":"2013-06-20T13:22:30","guid":{"rendered":"https:\/\/admin.industriall-union.org\/appel-pour-les-nominations-de-la-plus-mauvaise-entreprise-en-2014\/"},"modified":"2025-02-08T10:38:41","modified_gmt":"2025-02-08T10:38:41","slug":"appel-pour-les-nominations-de-la-plus-mauvaise-entreprise-en-2014","status":"publish","type":"article","link":"https:\/\/admin.industriall-union.org\/fr\/appel-pour-les-nominations-de-la-plus-mauvaise-entreprise-en-2014\/","title":{"rendered":"Appel pour les nominations de la plus mauvaise entreprise en 2014"},"content":{"rendered":"<p>Ce concours organis\u00e9 chaque ann\u00e9e depuis l&rsquo;an 2000 par la D\u00e9claration de Berne et les Amis de la Terre (remplac\u00e9s en 2009 par Greenpeace) a pour mission de rappeler au monde des entreprises que toute mauvaise conduite sociale ou \u00e9cologique a des cons\u00e9quences, non seulement par le fait qu&rsquo;elle touche les populations et les territoires, mais \u00e9galement pour la r\u00e9putation du coupable.<\/p><p>Public Eye invite \u00e0 envoyer des nominations pour la pire des entreprises p\u00e9cheresses d&rsquo;ici la fin ao\u00fbt 2013! Le r\u00e8glement pour soumettre le nom d&rsquo;une entreprise est publi\u00e9 sur le site <a href=\"http:\/\/www.publiceye.ch\">www.publiceye.ch<\/a> lequel peut \u00eatre atteint directement en cliquant sur le lien suivant: <a href=\"http:\/\/newsletter.publiceye.evb.ch\/c\/11206746\/00f6da74ad31\">http:\/\/newsletter.publiceye.evb.ch\/c\/11206746\/00f6da74ad31<\/a>.<\/p><p>Le prix de Public Eye People a \u00e9t\u00e9 attribu\u00e9 en 2013 \u00e0 l&rsquo;entreprise Royal Dutch Shell, qui est s\u00e9v\u00e8rement critiqu\u00e9e pour sa prospection p\u00e9troli\u00e8re au large des c\u00f4tes arctiques capable de causer de graves probl\u00e8mes \u00e9cologiques et qui comporte de tr\u00e8s grands risques pour les millions de personnes et la faune exceptionnelle de cette r\u00e9gion.<\/p><p>Le prix du jury 2013 de Public Eye a \u00e9t\u00e9 attribu\u00e9 \u00e0 Goldman Sachs, responsable d&rsquo;avoir encaiss\u00e9 des honoraires exorbitants pour dissimuler la moiti\u00e9 de la dette publique grecque, ce qui a finalement provoqu\u00e9 la ruine de la Gr\u00e8ce.<\/p><p>Le nom des autres &ldquo;gagnants&rdquo; du prix Public Eye sont publi\u00e9s sur le &ldquo;Panth\u00e9on de la honte&rdquo; <a href=\"http:\/\/www.publiceye.ch\/en\/hall-of-shame\/\">http:\/\/www.publiceye.ch\/en\/hall-of-shame\/<\/a>.<\/p>","protected":false},"featured_media":0,"template":"","issues":[],"companies":[],"regions":[],"sectors":[],"article_tags":[],"class_list":["post-173668","article","type-article","status-publish","hentry"],"acf":[],"yoast_head":"<!-- This site is optimized with the Yoast SEO Premium plugin v27.1 (Yoast SEO v27.1) - https:\/\/yoast.com\/product\/yoast-seo-premium-wordpress\/ -->\n<title>Appel pour les nominations de la plus mauvaise entreprise en 2014 - industriall-union<\/title>\n<meta name=\"description\" content=\"Ce concours organis\u00e9 chaque ann\u00e9e depuis l&rsquo;an 2000 par la D\u00e9claration de Berne et les Amis de la Terre (remplac\u00e9s en 2009 par Greenpeace) a pour\" \/>\n<meta name=\"robots\" content=\"index, follow, max-snippet:-1, max-image-preview:large, max-video-preview:-1\" \/>\n<link rel=\"canonical\" href=\"https:\/\/admin.industriall-union.org\/fr\/appel-pour-les-nominations-de-la-plus-mauvaise-entreprise-en-2014\/\" \/>\n<meta property=\"og:locale\" content=\"fr_FR\" \/>\n<meta property=\"og:type\" content=\"article\" \/>\n<meta property=\"og:title\" content=\"Appel pour les nominations de la plus mauvaise entreprise en 2014\" \/>\n<meta property=\"og:description\" content=\"Ce concours organis\u00e9 chaque ann\u00e9e depuis l&rsquo;an 2000 par la D\u00e9claration de Berne et les Amis de la Terre (remplac\u00e9s en 2009 par Greenpeace) a pour\" \/>\n<meta property=\"og:url\" content=\"https:\/\/admin.industriall-union.org\/fr\/appel-pour-les-nominations-de-la-plus-mauvaise-entreprise-en-2014\/\" \/>\n<meta property=\"og:site_name\" content=\"industriall-union\" \/>\n<meta property=\"article:modified_time\" content=\"2025-02-08T10:38:41+00:00\" \/>\n<meta name=\"twitter:card\" content=\"summary_large_image\" \/>\n<meta name=\"twitter:label1\" content=\"Est. reading time\" \/>\n\t<meta name=\"twitter:data1\" content=\"1 minute\" \/>\n<script type=\"application\/ld+json\" class=\"yoast-schema-graph\">{\"@context\":\"https:\/\/schema.org\",\"@graph\":[{\"@type\":\"WebPage\",\"@id\":\"https:\/\/admin.industriall-union.org\/fr\/appel-pour-les-nominations-de-la-plus-mauvaise-entreprise-en-2014\/\",\"url\":\"https:\/\/admin.industriall-union.org\/fr\/appel-pour-les-nominations-de-la-plus-mauvaise-entreprise-en-2014\/\",\"name\":\"Appel pour les nominations de la plus mauvaise entreprise en 2014 - industriall-union\",\"isPartOf\":{\"@id\":\"https:\/\/admin.industriall-union.org\/#website\"},\"datePublished\":\"2013-06-20T13:22:30+00:00\",\"dateModified\":\"2025-02-08T10:38:41+00:00\",\"description\":\"Ce concours organis\u00e9 chaque ann\u00e9e depuis l&rsquo;an 2000 par la D\u00e9claration de Berne et les Amis de la Terre (remplac\u00e9s en 2009 par Greenpeace) a pour\",\"breadcrumb\":{\"@id\":\"https:\/\/admin.industriall-union.org\/fr\/appel-pour-les-nominations-de-la-plus-mauvaise-entreprise-en-2014\/#breadcrumb\"},\"inLanguage\":\"fr-FR\",\"potentialAction\":[{\"@type\":\"ReadAction\",\"target\":[\"https:\/\/admin.industriall-union.org\/fr\/appel-pour-les-nominations-de-la-plus-mauvaise-entreprise-en-2014\/\"]}]},{\"@type\":\"BreadcrumbList\",\"@id\":\"https:\/\/admin.industriall-union.org\/fr\/appel-pour-les-nominations-de-la-plus-mauvaise-entreprise-en-2014\/#breadcrumb\",\"itemListElement\":[{\"@type\":\"ListItem\",\"position\":1,\"name\":\"Home\",\"item\":\"https:\/\/admin.industriall-union.org\/\"},{\"@type\":\"ListItem\",\"position\":2,\"name\":\"Articles\",\"item\":\"https:\/\/admin.industriall-union.org\/article\/\"},{\"@type\":\"ListItem\",\"position\":3,\"name\":\"Appel pour les nominations de la plus mauvaise entreprise en 2014\"}]},{\"@type\":\"WebSite\",\"@id\":\"https:\/\/admin.industriall-union.org\/#website\",\"url\":\"https:\/\/admin.industriall-union.org\/\",\"name\":\"industriall-union\",\"description\":\"\",\"potentialAction\":[{\"@type\":\"SearchAction\",\"target\":{\"@type\":\"EntryPoint\",\"urlTemplate\":\"https:\/\/admin.industriall-union.org\/?s={search_term_string}\"},\"query-input\":{\"@type\":\"PropertyValueSpecification\",\"valueRequired\":true,\"valueName\":\"search_term_string\"}}],\"inLanguage\":\"fr-FR\"}]}<\/script>\n<!-- \/ Yoast SEO Premium plugin. -->","yoast_head_json":{"title":"Appel pour les nominations de la plus mauvaise entreprise en 2014 - industriall-union","description":"Ce concours organis\u00e9 chaque ann\u00e9e depuis l&rsquo;an 2000 par la D\u00e9claration de Berne et les Amis de la Terre (remplac\u00e9s en 2009 par Greenpeace) a pour","robots":{"index":"index","follow":"follow","max-snippet":"max-snippet:-1","max-image-preview":"max-image-preview:large","max-video-preview":"max-video-preview:-1"},"canonical":"https:\/\/admin.industriall-union.org\/fr\/appel-pour-les-nominations-de-la-plus-mauvaise-entreprise-en-2014\/","og_locale":"fr_FR","og_type":"article","og_title":"Appel pour les nominations de la plus mauvaise entreprise en 2014","og_description":"Ce concours organis\u00e9 chaque ann\u00e9e depuis l&rsquo;an 2000 par la D\u00e9claration de Berne et les Amis de la Terre (remplac\u00e9s en 2009 par Greenpeace) a pour","og_url":"https:\/\/admin.industriall-union.org\/fr\/appel-pour-les-nominations-de-la-plus-mauvaise-entreprise-en-2014\/","og_site_name":"industriall-union","article_modified_time":"2025-02-08T10:38:41+00:00","twitter_card":"summary_large_image","twitter_misc":{"Est. reading time":"1 minute"},"schema":{"@context":"https:\/\/schema.org","@graph":[{"@type":"WebPage","@id":"https:\/\/admin.industriall-union.org\/fr\/appel-pour-les-nominations-de-la-plus-mauvaise-entreprise-en-2014\/","url":"https:\/\/admin.industriall-union.org\/fr\/appel-pour-les-nominations-de-la-plus-mauvaise-entreprise-en-2014\/","name":"Appel pour les nominations de la plus mauvaise entreprise en 2014 - industriall-union","isPartOf":{"@id":"https:\/\/admin.industriall-union.org\/#website"},"datePublished":"2013-06-20T13:22:30+00:00","dateModified":"2025-02-08T10:38:41+00:00","description":"Ce concours organis\u00e9 chaque ann\u00e9e depuis l&rsquo;an 2000 par la D\u00e9claration de Berne et les Amis de la Terre (remplac\u00e9s en 2009 par Greenpeace) a pour","breadcrumb":{"@id":"https:\/\/admin.industriall-union.org\/fr\/appel-pour-les-nominations-de-la-plus-mauvaise-entreprise-en-2014\/#breadcrumb"},"inLanguage":"fr-FR","potentialAction":[{"@type":"ReadAction","target":["https:\/\/admin.industriall-union.org\/fr\/appel-pour-les-nominations-de-la-plus-mauvaise-entreprise-en-2014\/"]}]},{"@type":"BreadcrumbList","@id":"https:\/\/admin.industriall-union.org\/fr\/appel-pour-les-nominations-de-la-plus-mauvaise-entreprise-en-2014\/#breadcrumb","itemListElement":[{"@type":"ListItem","position":1,"name":"Home","item":"https:\/\/admin.industriall-union.org\/"},{"@type":"ListItem","position":2,"name":"Articles","item":"https:\/\/admin.industriall-union.org\/article\/"},{"@type":"ListItem","position":3,"name":"Appel pour les nominations de la plus mauvaise entreprise en 2014"}]},{"@type":"WebSite","@id":"https:\/\/admin.industriall-union.org\/#website","url":"https:\/\/admin.industriall-union.org\/","name":"industriall-union","description":"","potentialAction":[{"@type":"SearchAction","target":{"@type":"EntryPoint","urlTemplate":"https:\/\/admin.industriall-union.org\/?s={search_term_string}"},"query-input":{"@type":"PropertyValueSpecification","valueRequired":true,"valueName":"search_term_string"}}],"inLanguage":"fr-FR"}]}},"_links":{"self":[{"href":"https:\/\/admin.industriall-union.org\/fr\/wp-json\/wp\/v2\/article\/173668","targetHints":{"allow":["GET"]}}],"collection":[{"href":"https:\/\/admin.industriall-union.org\/fr\/wp-json\/wp\/v2\/article"}],"about":[{"href":"https:\/\/admin.industriall-union.org\/fr\/wp-json\/wp\/v2\/types\/article"}],"wp:attachment":[{"href":"https:\/\/admin.industriall-union.org\/fr\/wp-json\/wp\/v2\/media?parent=173668"}],"wp:term":[{"taxonomy":"issues","embeddable":true,"href":"https:\/\/admin.industriall-union.org\/fr\/wp-json\/wp\/v2\/issues?post=173668"},{"taxonomy":"companies","embeddable":true,"href":"https:\/\/admin.industriall-union.org\/fr\/wp-json\/wp\/v2\/companies?post=173668"},{"taxonomy":"regions","embeddable":true,"href":"https:\/\/admin.industriall-union.org\/fr\/wp-json\/wp\/v2\/regions?post=173668"},{"taxonomy":"sectors","embeddable":true,"href":"https:\/\/admin.industriall-union.org\/fr\/wp-json\/wp\/v2\/sectors?post=173668"},{"taxonomy":"article_tags","embeddable":true,"href":"https:\/\/admin.industriall-union.org\/fr\/wp-json\/wp\/v2\/article_tags?post=173668"}],"curies":[{"name":"wp","href":"https:\/\/api.w.org\/{rel}","templated":true}]}}