{"id":173662,"date":"2013-06-25T09:03:33","date_gmt":"2013-06-25T09:03:33","guid":{"rendered":"https:\/\/admin.industriall-union.org\/marche-du-cep-en-faveur-de-l-egalite\/"},"modified":"2025-02-08T10:37:24","modified_gmt":"2025-02-08T10:37:24","slug":"marche-du-cep-en-faveur-de-l-egalite","status":"publish","type":"article","link":"https:\/\/admin.industriall-union.org\/fr\/marche-du-cep-en-faveur-de-l-egalite\/","title":{"rendered":"Marche du CEP en faveur de l\u2019\u00e9galit\u00e9"},"content":{"rendered":"<p>La marche a eu lieu en conclusion de la 10<sup>\u00e8me<\/sup> Conf\u00e9rence des femmes du CEP organis\u00e9e sous le th\u00e8me: <em>Une recette f\u00e9ministe pour la d\u00e9mocratie. <\/em>La discussion a port\u00e9 en particulier sur un document intitul\u00e9 <em>Recueil de recettes pour l&rsquo;\u00e9galit\u00e9 des femmes, hors de la cuisine, se pr\u00e9parer pour l&rsquo;\u00e9galit\u00e9. <\/em><\/p><p>La conf\u00e9rence s&rsquo;est d\u00e9roul\u00e9e du 20 au 22 juin 2013. Elle \u00e9tait organis\u00e9e principalement sous forme de s\u00e9ances World Caf\u00e9 o\u00f9 les femmes purent acqu\u00e9rir les comp\u00e9tences leur permettant de retrouver ce qu&rsquo;elles avaient perdu sous le gouvernement conservateur. Il s&rsquo;agissait d&rsquo;apprendre \u00e0 se servir des outils destin\u00e9s \u00e0 l&rsquo;action militante et d&rsquo;acqu\u00e9rir des comp\u00e9tences permettant aux femmes de mobiliser les membres et de lutter pour l&rsquo;\u00e9galit\u00e9 et la d\u00e9mocratie. Les orateurs d&rsquo;honneur ont pr\u00e9sent\u00e9 les discussions sur les droits des aborig\u00e8nes, les droits li\u00e9s \u00e0 la procr\u00e9ation, la garde et les soins des enfants.<\/p><p>La conf\u00e9rence a \u00e9t\u00e9 marqu\u00e9e par la pr\u00e9sence de nombreuses jeunes femmes qui y participaient pour la premi\u00e8re fois. Malheureusement, ce sera la derni\u00e8re fois qu&rsquo;elles participeront \u00e0 une conf\u00e9rence des femmes du CEP car le CEP et le Canadian Auto Workers CAW cr\u00e9ent un nouveau syndicat qui sera inaugur\u00e9 en septembre sous le nom de Unifor. Le nouveau syndicat, Unifor, repr\u00e9sentera plus de 80.000 femmes dans plusieurs secteurs-cl\u00e9s de l&rsquo;\u00e9conomie canadienne.<\/p>","protected":false},"featured_media":0,"template":"","issues":[412,397],"companies":[],"regions":[309],"sectors":[482,483,474],"article_tags":[],"class_list":["post-173662","article","type-article","status-publish","hentry","issues-social-justice-and-globalization","issues-women","regions-canada","sectors-automotive","sectors-energy-oil-gas-electricity-and-nuclear","sectors-pulp-and-paper"],"acf":[],"yoast_head":"<!-- This site is optimized with the Yoast SEO Premium plugin v27.1 (Yoast SEO v27.1) - https:\/\/yoast.com\/product\/yoast-seo-premium-wordpress\/ -->\n<title>Marche du CEP en faveur de l\u2019\u00e9galit\u00e9 - industriall-union<\/title>\n<meta name=\"description\" content=\"La marche a eu lieu en conclusion de la 10\u00e8me Conf\u00e9rence des femmes du CEP organis\u00e9e sous le th\u00e8me: Une recette f\u00e9ministe pour la d\u00e9mocratie. La\" \/>\n<meta name=\"robots\" content=\"index, follow, max-snippet:-1, max-image-preview:large, max-video-preview:-1\" \/>\n<link rel=\"canonical\" href=\"https:\/\/admin.industriall-union.org\/fr\/marche-du-cep-en-faveur-de-l-egalite\/\" \/>\n<meta property=\"og:locale\" content=\"fr_FR\" \/>\n<meta property=\"og:type\" content=\"article\" \/>\n<meta property=\"og:title\" content=\"Marche du CEP en faveur de l\u2019\u00e9galit\u00e9\" \/>\n<meta property=\"og:description\" content=\"La marche a eu lieu en conclusion de la 10\u00e8me Conf\u00e9rence des femmes du CEP organis\u00e9e sous le th\u00e8me: Une recette f\u00e9ministe pour la d\u00e9mocratie. La\" \/>\n<meta property=\"og:url\" content=\"https:\/\/admin.industriall-union.org\/fr\/marche-du-cep-en-faveur-de-l-egalite\/\" \/>\n<meta property=\"og:site_name\" content=\"industriall-union\" \/>\n<meta property=\"article:modified_time\" content=\"2025-02-08T10:37:24+00:00\" \/>\n<meta name=\"twitter:card\" content=\"summary_large_image\" \/>\n<meta name=\"twitter:label1\" content=\"Est. reading time\" \/>\n\t<meta name=\"twitter:data1\" content=\"1 minute\" \/>\n<script type=\"application\/ld+json\" class=\"yoast-schema-graph\">{\"@context\":\"https:\/\/schema.org\",\"@graph\":[{\"@type\":\"WebPage\",\"@id\":\"https:\/\/admin.industriall-union.org\/fr\/marche-du-cep-en-faveur-de-l-egalite\/\",\"url\":\"https:\/\/admin.industriall-union.org\/fr\/marche-du-cep-en-faveur-de-l-egalite\/\",\"name\":\"Marche du CEP en faveur de l\u2019\u00e9galit\u00e9 - industriall-union\",\"isPartOf\":{\"@id\":\"https:\/\/admin.industriall-union.org\/#website\"},\"datePublished\":\"2013-06-25T09:03:33+00:00\",\"dateModified\":\"2025-02-08T10:37:24+00:00\",\"description\":\"La marche a eu lieu en conclusion de la 10\u00e8me Conf\u00e9rence des femmes du CEP organis\u00e9e sous le th\u00e8me: Une recette f\u00e9ministe pour la d\u00e9mocratie. La\",\"breadcrumb\":{\"@id\":\"https:\/\/admin.industriall-union.org\/fr\/marche-du-cep-en-faveur-de-l-egalite\/#breadcrumb\"},\"inLanguage\":\"fr-FR\",\"potentialAction\":[{\"@type\":\"ReadAction\",\"target\":[\"https:\/\/admin.industriall-union.org\/fr\/marche-du-cep-en-faveur-de-l-egalite\/\"]}]},{\"@type\":\"BreadcrumbList\",\"@id\":\"https:\/\/admin.industriall-union.org\/fr\/marche-du-cep-en-faveur-de-l-egalite\/#breadcrumb\",\"itemListElement\":[{\"@type\":\"ListItem\",\"position\":1,\"name\":\"Home\",\"item\":\"https:\/\/admin.industriall-union.org\/\"},{\"@type\":\"ListItem\",\"position\":2,\"name\":\"Articles\",\"item\":\"https:\/\/admin.industriall-union.org\/article\/\"},{\"@type\":\"ListItem\",\"position\":3,\"name\":\"Marche du CEP en faveur de l\u2019\u00e9galit\u00e9\"}]},{\"@type\":\"WebSite\",\"@id\":\"https:\/\/admin.industriall-union.org\/#website\",\"url\":\"https:\/\/admin.industriall-union.org\/\",\"name\":\"industriall-union\",\"description\":\"\",\"potentialAction\":[{\"@type\":\"SearchAction\",\"target\":{\"@type\":\"EntryPoint\",\"urlTemplate\":\"https:\/\/admin.industriall-union.org\/?s={search_term_string}\"},\"query-input\":{\"@type\":\"PropertyValueSpecification\",\"valueRequired\":true,\"valueName\":\"search_term_string\"}}],\"inLanguage\":\"fr-FR\"}]}<\/script>\n<!-- \/ Yoast SEO Premium plugin. -->","yoast_head_json":{"title":"Marche du CEP en faveur de l\u2019\u00e9galit\u00e9 - industriall-union","description":"La marche a eu lieu en conclusion de la 10\u00e8me Conf\u00e9rence des femmes du CEP organis\u00e9e sous le th\u00e8me: Une recette f\u00e9ministe pour la d\u00e9mocratie. La","robots":{"index":"index","follow":"follow","max-snippet":"max-snippet:-1","max-image-preview":"max-image-preview:large","max-video-preview":"max-video-preview:-1"},"canonical":"https:\/\/admin.industriall-union.org\/fr\/marche-du-cep-en-faveur-de-l-egalite\/","og_locale":"fr_FR","og_type":"article","og_title":"Marche du CEP en faveur de l\u2019\u00e9galit\u00e9","og_description":"La marche a eu lieu en conclusion de la 10\u00e8me Conf\u00e9rence des femmes du CEP organis\u00e9e sous le th\u00e8me: Une recette f\u00e9ministe pour la d\u00e9mocratie. La","og_url":"https:\/\/admin.industriall-union.org\/fr\/marche-du-cep-en-faveur-de-l-egalite\/","og_site_name":"industriall-union","article_modified_time":"2025-02-08T10:37:24+00:00","twitter_card":"summary_large_image","twitter_misc":{"Est. reading time":"1 minute"},"schema":{"@context":"https:\/\/schema.org","@graph":[{"@type":"WebPage","@id":"https:\/\/admin.industriall-union.org\/fr\/marche-du-cep-en-faveur-de-l-egalite\/","url":"https:\/\/admin.industriall-union.org\/fr\/marche-du-cep-en-faveur-de-l-egalite\/","name":"Marche du CEP en faveur de l\u2019\u00e9galit\u00e9 - industriall-union","isPartOf":{"@id":"https:\/\/admin.industriall-union.org\/#website"},"datePublished":"2013-06-25T09:03:33+00:00","dateModified":"2025-02-08T10:37:24+00:00","description":"La marche a eu lieu en conclusion de la 10\u00e8me Conf\u00e9rence des femmes du CEP organis\u00e9e sous le th\u00e8me: Une recette f\u00e9ministe pour la d\u00e9mocratie. La","breadcrumb":{"@id":"https:\/\/admin.industriall-union.org\/fr\/marche-du-cep-en-faveur-de-l-egalite\/#breadcrumb"},"inLanguage":"fr-FR","potentialAction":[{"@type":"ReadAction","target":["https:\/\/admin.industriall-union.org\/fr\/marche-du-cep-en-faveur-de-l-egalite\/"]}]},{"@type":"BreadcrumbList","@id":"https:\/\/admin.industriall-union.org\/fr\/marche-du-cep-en-faveur-de-l-egalite\/#breadcrumb","itemListElement":[{"@type":"ListItem","position":1,"name":"Home","item":"https:\/\/admin.industriall-union.org\/"},{"@type":"ListItem","position":2,"name":"Articles","item":"https:\/\/admin.industriall-union.org\/article\/"},{"@type":"ListItem","position":3,"name":"Marche du CEP en faveur de l\u2019\u00e9galit\u00e9"}]},{"@type":"WebSite","@id":"https:\/\/admin.industriall-union.org\/#website","url":"https:\/\/admin.industriall-union.org\/","name":"industriall-union","description":"","potentialAction":[{"@type":"SearchAction","target":{"@type":"EntryPoint","urlTemplate":"https:\/\/admin.industriall-union.org\/?s={search_term_string}"},"query-input":{"@type":"PropertyValueSpecification","valueRequired":true,"valueName":"search_term_string"}}],"inLanguage":"fr-FR"}]}},"_links":{"self":[{"href":"https:\/\/admin.industriall-union.org\/fr\/wp-json\/wp\/v2\/article\/173662","targetHints":{"allow":["GET"]}}],"collection":[{"href":"https:\/\/admin.industriall-union.org\/fr\/wp-json\/wp\/v2\/article"}],"about":[{"href":"https:\/\/admin.industriall-union.org\/fr\/wp-json\/wp\/v2\/types\/article"}],"wp:attachment":[{"href":"https:\/\/admin.industriall-union.org\/fr\/wp-json\/wp\/v2\/media?parent=173662"}],"wp:term":[{"taxonomy":"issues","embeddable":true,"href":"https:\/\/admin.industriall-union.org\/fr\/wp-json\/wp\/v2\/issues?post=173662"},{"taxonomy":"companies","embeddable":true,"href":"https:\/\/admin.industriall-union.org\/fr\/wp-json\/wp\/v2\/companies?post=173662"},{"taxonomy":"regions","embeddable":true,"href":"https:\/\/admin.industriall-union.org\/fr\/wp-json\/wp\/v2\/regions?post=173662"},{"taxonomy":"sectors","embeddable":true,"href":"https:\/\/admin.industriall-union.org\/fr\/wp-json\/wp\/v2\/sectors?post=173662"},{"taxonomy":"article_tags","embeddable":true,"href":"https:\/\/admin.industriall-union.org\/fr\/wp-json\/wp\/v2\/article_tags?post=173662"}],"curies":[{"name":"wp","href":"https:\/\/api.w.org\/{rel}","templated":true}]}}