{"id":173611,"date":"2013-07-03T13:56:51","date_gmt":"2013-07-03T13:56:51","guid":{"rendered":"https:\/\/admin.industriall-union.org\/renault-le-comite-de-groupe-renault-et-industriall-global-union-signent-un-accord-cadre-mondial\/"},"modified":"2025-02-08T10:17:13","modified_gmt":"2025-02-08T10:17:13","slug":"renault-le-comite-de-groupe-renault-et-industriall-global-union-signent-un-accord-cadre-mondial","status":"publish","type":"article","link":"https:\/\/admin.industriall-union.org\/fr\/renault-le-comite-de-groupe-renault-et-industriall-global-union-signent-un-accord-cadre-mondial\/","title":{"rendered":"RENAULT, LE COMIT\u00c9 DE GROUPE RENAULT ET INDUSTRIALL GLOBAL UNION SIGNENT UN ACCORD CADRE MONDIAL"},"content":{"rendered":"<p>Fruit d&rsquo;un dialogue social responsable \u00e0 l&rsquo;\u00e9chelle internationale, cet accord s&rsquo;inscrit dans la continuit\u00e9 de la D\u00e9claration des droits sociaux fondamentaux sign\u00e9e en octobre 2004, qu&rsquo;il enrichit et modernise pour l&rsquo;adapter aux nouvelles exigences \u00e9conomiques et sociales.<\/p><p>Par cet accord, les signataires s&rsquo;engagent conjointement dans cinq domaines :<\/p><ul><li><strong>le respect des droits sociaux fondamentaux<\/strong>.L&rsquo;accord renouvelle et renforce les engagements pris lors de la signature de la D\u00e9claration d&rsquo;octobre 2004.<\/li><li><strong>la responsabilit\u00e9 sociale vis-\u00e0-vis des salari\u00e9s<\/strong> qui s&rsquo;exerce \u00e0 travers le dialogue social, la politique sant\u00e9 et s\u00e9curit\u00e9, la gestion de l&rsquo;emploi et des comp\u00e9tences, la gestion des r\u00e9mun\u00e9rations et de la protection sociale et la promotion de la diversit\u00e9.<\/li><li><strong>la responsabilit\u00e9 soci\u00e9tale dans les territoires o\u00f9 le groupe Renault est implant\u00e9<\/strong>, exprim\u00e9e notamment par le soutien \u00e0 des projets \u00e9ducatifs, des actions d&rsquo;insertion des jeunes dans l&rsquo;univers automobile et la promotion de la s\u00e9curit\u00e9 routi\u00e8re.<\/li><li><strong>les relations avec les fournisseurs et les sous-traitants<\/strong>, pour la s\u00e9lection desquels le respect des droits fondamentaux est un crit\u00e8re d\u00e9terminant.<\/li><li><strong>la r\u00e9duction de l&rsquo;empreinte environnementale<\/strong>, en conciliant les offres de produits et de services du groupe Renault avec la protection de l&rsquo;environnement et renfor\u00e7ant le management de l&rsquo;environnement sur l&rsquo;ensemble de l&rsquo;entreprise.<\/li><\/ul><p>Le groupe Renault, le Comit\u00e9 de Groupe Renault et IndustriALL Global Union affirment ainsi leur conviction que, dans un contexte de concurrence mondialis\u00e9e, performance \u00e9conomique et d\u00e9veloppement social sont les garants indissociables d&rsquo;une croissance p\u00e9renne pour l&rsquo;entreprise.<\/p><p>Marie-Fran\u00e7oise Damesin, Directeur des Ressources Humaines du Groupe Renault : &laquo; Je salue cet accord&nbsp; qui traduit l&rsquo;engagement de Renault en mati\u00e8re de responsabilit\u00e9 sociale, soci\u00e9tale et environnementale. C&rsquo;est le fruit d&rsquo;un dialogue social responsable qui se construit depuis plus de 20 ans \u00e0 l&rsquo;\u00e9chelle internationale. &raquo;<\/p><p>Jyrki Raina, Secr\u00e9taire G\u00e9n\u00e9ral d&rsquo;IndustriALL Global Union&nbsp;: &laquo; L&rsquo;accord comporte des avanc\u00e9es importantes dans le domaine des droits sociaux fondamentaux, notamment la libert\u00e9 d&#039;association, de la sant\u00e9 et s\u00e9curit\u00e9, de la formation et de l&#039;environnement.&nbsp; IndustriALL se f\u00e9licite de l&#039;engagement fort de Renault \u00e0 vouloir faire progresser ces droits chez ses fournisseurs et sous-traitants et \u00e0 promouvoir le dialogue social au niveau mondial&raquo;.<\/p><p>Jocelyne Andreu, Secr\u00e9taire G\u00e9n\u00e9rale du Comit\u00e9 de Groupe Renault &nbsp;: &laquo; C&rsquo;est au nom de tous les repr\u00e9sentants du personnel du groupe Renault dans le monde, que je signe, non sans fiert\u00e9, cet accord, r\u00e9sultat de plusieurs mois d&rsquo;\u00e9changes. Il est le symbole d&rsquo;un dialogue social mature. Sa mise en \u0153uvre sera, j&rsquo;en suis s\u00fbre, un formidable levier de progr\u00e8s et de r\u00e9ussite pour l&rsquo;entreprise et ses collaborateurs &raquo;.<\/p><p><img decoding=\"async\" src=\"\" \/><\/p><p><strong>Contacts presse&nbsp;:<\/strong><\/p><p><strong>Renault<\/strong>&nbsp;\/ Sophie Chantegay<\/p><p><a href=\"mailto:sophie.chantegay@renault.com\">sophie.chantegay@renault.com<\/a>, + 33 1 76 84 13 90 \/ + 33 6 07 68 81 03<br \/><strong>Comit\u00e9 de Groupe&nbsp;Renault <\/strong>\/ Jocelyne Andreu<\/p><p><a href=\"mailto:jocelyne.andreu@renault.com\">jocelyne.andreu@renault.com<\/a>, + 33 1 76 83 01 08<\/p><p><strong>IndustriALL Global Union<\/strong>&nbsp;\/ Tom Grinter<\/p><p><a href=\"https:\/\/noumea.renault.fr\/owa\/redir.aspx?C=Dn0CXhli-Ey8GlrV65m_nK7QbzAuStBIynEepUV5Z0LU1ukCUyu9Nk-WkuNKOSvqWlHLDYd8f9Q.&amp;URL=mailto%3atgrinter%40industriall-union.org\">tgrinter@industriall-union.org<\/a>&nbsp; + 41 22 308 1853<\/p>","protected":false},"featured_media":0,"template":"","issues":[],"companies":[110],"regions":[],"sectors":[],"article_tags":[521],"class_list":["post-173611","article","type-article","status-publish","hentry","companies-renault","article_tags-press-release"],"acf":[],"yoast_head":"<!-- This site is optimized with the Yoast SEO Premium plugin v27.1 (Yoast SEO v27.1) - https:\/\/yoast.com\/product\/yoast-seo-premium-wordpress\/ -->\n<title>RENAULT, LE COMIT\u00c9 DE GROUPE RENAULT ET INDUSTRIALL GLOBAL UNION SIGNENT UN ACCORD CADRE MONDIAL - industriall-union<\/title>\n<meta name=\"description\" content=\"Fruit d&rsquo;un dialogue social responsable \u00e0 l&rsquo;\u00e9chelle internationale, cet accord s&rsquo;inscrit dans la continuit\u00e9 de la D\u00e9claration des droits\" \/>\n<meta name=\"robots\" content=\"index, follow, max-snippet:-1, max-image-preview:large, max-video-preview:-1\" \/>\n<link rel=\"canonical\" href=\"https:\/\/admin.industriall-union.org\/fr\/renault-le-comite-de-groupe-renault-et-industriall-global-union-signent-un-accord-cadre-mondial\/\" \/>\n<meta property=\"og:locale\" content=\"fr_FR\" \/>\n<meta property=\"og:type\" content=\"article\" \/>\n<meta property=\"og:title\" content=\"RENAULT, LE COMIT\u00c9 DE GROUPE RENAULT ET INDUSTRIALL GLOBAL UNION SIGNENT UN ACCORD CADRE MONDIAL\" \/>\n<meta property=\"og:description\" content=\"Fruit d&rsquo;un dialogue social responsable \u00e0 l&rsquo;\u00e9chelle internationale, cet accord s&rsquo;inscrit dans la continuit\u00e9 de la D\u00e9claration des droits\" \/>\n<meta property=\"og:url\" content=\"https:\/\/admin.industriall-union.org\/fr\/renault-le-comite-de-groupe-renault-et-industriall-global-union-signent-un-accord-cadre-mondial\/\" \/>\n<meta property=\"og:site_name\" content=\"industriall-union\" \/>\n<meta property=\"article:modified_time\" content=\"2025-02-08T10:17:13+00:00\" \/>\n<meta name=\"twitter:card\" content=\"summary_large_image\" \/>\n<meta name=\"twitter:label1\" content=\"Est. reading time\" \/>\n\t<meta name=\"twitter:data1\" content=\"3 minutes\" \/>\n<script type=\"application\/ld+json\" class=\"yoast-schema-graph\">{\"@context\":\"https:\/\/schema.org\",\"@graph\":[{\"@type\":\"WebPage\",\"@id\":\"https:\/\/admin.industriall-union.org\/fr\/renault-le-comite-de-groupe-renault-et-industriall-global-union-signent-un-accord-cadre-mondial\/\",\"url\":\"https:\/\/admin.industriall-union.org\/fr\/renault-le-comite-de-groupe-renault-et-industriall-global-union-signent-un-accord-cadre-mondial\/\",\"name\":\"RENAULT, LE COMIT\u00c9 DE GROUPE RENAULT ET INDUSTRIALL GLOBAL UNION SIGNENT UN ACCORD CADRE MONDIAL - industriall-union\",\"isPartOf\":{\"@id\":\"https:\/\/admin.industriall-union.org\/#website\"},\"datePublished\":\"2013-07-03T13:56:51+00:00\",\"dateModified\":\"2025-02-08T10:17:13+00:00\",\"description\":\"Fruit d&rsquo;un dialogue social responsable \u00e0 l&rsquo;\u00e9chelle internationale, cet accord s&rsquo;inscrit dans la continuit\u00e9 de la D\u00e9claration des droits\",\"breadcrumb\":{\"@id\":\"https:\/\/admin.industriall-union.org\/fr\/renault-le-comite-de-groupe-renault-et-industriall-global-union-signent-un-accord-cadre-mondial\/#breadcrumb\"},\"inLanguage\":\"fr-FR\",\"potentialAction\":[{\"@type\":\"ReadAction\",\"target\":[\"https:\/\/admin.industriall-union.org\/fr\/renault-le-comite-de-groupe-renault-et-industriall-global-union-signent-un-accord-cadre-mondial\/\"]}]},{\"@type\":\"BreadcrumbList\",\"@id\":\"https:\/\/admin.industriall-union.org\/fr\/renault-le-comite-de-groupe-renault-et-industriall-global-union-signent-un-accord-cadre-mondial\/#breadcrumb\",\"itemListElement\":[{\"@type\":\"ListItem\",\"position\":1,\"name\":\"Home\",\"item\":\"https:\/\/admin.industriall-union.org\/\"},{\"@type\":\"ListItem\",\"position\":2,\"name\":\"Articles\",\"item\":\"https:\/\/admin.industriall-union.org\/article\/\"},{\"@type\":\"ListItem\",\"position\":3,\"name\":\"RENAULT, LE COMIT\u00c9 DE GROUPE RENAULT ET INDUSTRIALL GLOBAL UNION SIGNENT UN ACCORD CADRE MONDIAL\"}]},{\"@type\":\"WebSite\",\"@id\":\"https:\/\/admin.industriall-union.org\/#website\",\"url\":\"https:\/\/admin.industriall-union.org\/\",\"name\":\"industriall-union\",\"description\":\"\",\"potentialAction\":[{\"@type\":\"SearchAction\",\"target\":{\"@type\":\"EntryPoint\",\"urlTemplate\":\"https:\/\/admin.industriall-union.org\/?s={search_term_string}\"},\"query-input\":{\"@type\":\"PropertyValueSpecification\",\"valueRequired\":true,\"valueName\":\"search_term_string\"}}],\"inLanguage\":\"fr-FR\"}]}<\/script>\n<!-- \/ Yoast SEO Premium plugin. -->","yoast_head_json":{"title":"RENAULT, LE COMIT\u00c9 DE GROUPE RENAULT ET INDUSTRIALL GLOBAL UNION SIGNENT UN ACCORD CADRE MONDIAL - industriall-union","description":"Fruit d&rsquo;un dialogue social responsable \u00e0 l&rsquo;\u00e9chelle internationale, cet accord s&rsquo;inscrit dans la continuit\u00e9 de la D\u00e9claration des droits","robots":{"index":"index","follow":"follow","max-snippet":"max-snippet:-1","max-image-preview":"max-image-preview:large","max-video-preview":"max-video-preview:-1"},"canonical":"https:\/\/admin.industriall-union.org\/fr\/renault-le-comite-de-groupe-renault-et-industriall-global-union-signent-un-accord-cadre-mondial\/","og_locale":"fr_FR","og_type":"article","og_title":"RENAULT, LE COMIT\u00c9 DE GROUPE RENAULT ET INDUSTRIALL GLOBAL UNION SIGNENT UN ACCORD CADRE MONDIAL","og_description":"Fruit d&rsquo;un dialogue social responsable \u00e0 l&rsquo;\u00e9chelle internationale, cet accord s&rsquo;inscrit dans la continuit\u00e9 de la D\u00e9claration des droits","og_url":"https:\/\/admin.industriall-union.org\/fr\/renault-le-comite-de-groupe-renault-et-industriall-global-union-signent-un-accord-cadre-mondial\/","og_site_name":"industriall-union","article_modified_time":"2025-02-08T10:17:13+00:00","twitter_card":"summary_large_image","twitter_misc":{"Est. reading time":"3 minutes"},"schema":{"@context":"https:\/\/schema.org","@graph":[{"@type":"WebPage","@id":"https:\/\/admin.industriall-union.org\/fr\/renault-le-comite-de-groupe-renault-et-industriall-global-union-signent-un-accord-cadre-mondial\/","url":"https:\/\/admin.industriall-union.org\/fr\/renault-le-comite-de-groupe-renault-et-industriall-global-union-signent-un-accord-cadre-mondial\/","name":"RENAULT, LE COMIT\u00c9 DE GROUPE RENAULT ET INDUSTRIALL GLOBAL UNION SIGNENT UN ACCORD CADRE MONDIAL - industriall-union","isPartOf":{"@id":"https:\/\/admin.industriall-union.org\/#website"},"datePublished":"2013-07-03T13:56:51+00:00","dateModified":"2025-02-08T10:17:13+00:00","description":"Fruit d&rsquo;un dialogue social responsable \u00e0 l&rsquo;\u00e9chelle internationale, cet accord s&rsquo;inscrit dans la continuit\u00e9 de la D\u00e9claration des droits","breadcrumb":{"@id":"https:\/\/admin.industriall-union.org\/fr\/renault-le-comite-de-groupe-renault-et-industriall-global-union-signent-un-accord-cadre-mondial\/#breadcrumb"},"inLanguage":"fr-FR","potentialAction":[{"@type":"ReadAction","target":["https:\/\/admin.industriall-union.org\/fr\/renault-le-comite-de-groupe-renault-et-industriall-global-union-signent-un-accord-cadre-mondial\/"]}]},{"@type":"BreadcrumbList","@id":"https:\/\/admin.industriall-union.org\/fr\/renault-le-comite-de-groupe-renault-et-industriall-global-union-signent-un-accord-cadre-mondial\/#breadcrumb","itemListElement":[{"@type":"ListItem","position":1,"name":"Home","item":"https:\/\/admin.industriall-union.org\/"},{"@type":"ListItem","position":2,"name":"Articles","item":"https:\/\/admin.industriall-union.org\/article\/"},{"@type":"ListItem","position":3,"name":"RENAULT, LE COMIT\u00c9 DE GROUPE RENAULT ET INDUSTRIALL GLOBAL UNION SIGNENT UN ACCORD CADRE MONDIAL"}]},{"@type":"WebSite","@id":"https:\/\/admin.industriall-union.org\/#website","url":"https:\/\/admin.industriall-union.org\/","name":"industriall-union","description":"","potentialAction":[{"@type":"SearchAction","target":{"@type":"EntryPoint","urlTemplate":"https:\/\/admin.industriall-union.org\/?s={search_term_string}"},"query-input":{"@type":"PropertyValueSpecification","valueRequired":true,"valueName":"search_term_string"}}],"inLanguage":"fr-FR"}]}},"_links":{"self":[{"href":"https:\/\/admin.industriall-union.org\/fr\/wp-json\/wp\/v2\/article\/173611","targetHints":{"allow":["GET"]}}],"collection":[{"href":"https:\/\/admin.industriall-union.org\/fr\/wp-json\/wp\/v2\/article"}],"about":[{"href":"https:\/\/admin.industriall-union.org\/fr\/wp-json\/wp\/v2\/types\/article"}],"wp:attachment":[{"href":"https:\/\/admin.industriall-union.org\/fr\/wp-json\/wp\/v2\/media?parent=173611"}],"wp:term":[{"taxonomy":"issues","embeddable":true,"href":"https:\/\/admin.industriall-union.org\/fr\/wp-json\/wp\/v2\/issues?post=173611"},{"taxonomy":"companies","embeddable":true,"href":"https:\/\/admin.industriall-union.org\/fr\/wp-json\/wp\/v2\/companies?post=173611"},{"taxonomy":"regions","embeddable":true,"href":"https:\/\/admin.industriall-union.org\/fr\/wp-json\/wp\/v2\/regions?post=173611"},{"taxonomy":"sectors","embeddable":true,"href":"https:\/\/admin.industriall-union.org\/fr\/wp-json\/wp\/v2\/sectors?post=173611"},{"taxonomy":"article_tags","embeddable":true,"href":"https:\/\/admin.industriall-union.org\/fr\/wp-json\/wp\/v2\/article_tags?post=173611"}],"curies":[{"name":"wp","href":"https:\/\/api.w.org\/{rel}","templated":true}]}}