{"id":173602,"date":"2013-07-03T10:24:41","date_gmt":"2013-07-03T10:24:41","guid":{"rendered":"https:\/\/admin.industriall-union.org\/industriall-signe-un-accord-cadre-mondial-avec-le-groupe-renault\/"},"modified":"2025-02-08T10:17:05","modified_gmt":"2025-02-08T10:17:05","slug":"industriall-signe-un-accord-cadre-mondial-avec-le-groupe-renault","status":"publish","type":"article","link":"https:\/\/admin.industriall-union.org\/fr\/industriall-signe-un-accord-cadre-mondial-avec-le-groupe-renault\/","title":{"rendered":"IndustriALL signe un accord cadre mondial avec le Groupe Renault"},"content":{"rendered":"<p>L&rsquo;accord cadre mondial (ACM) sign\u00e9 le &nbsp;2 juillet 2013 \u00e0 Paris s&rsquo;inscrit dans la continuit\u00e9 de la &ldquo;D\u00e9claration des droits sociaux fondamentaux&nbsp;&raquo; du 2 octobre 2004.&nbsp; La c\u00e9r\u00e9monie de signature a eu lieu \u00e0 l&rsquo;occasion de la r\u00e9union annuelle du Comit\u00e9 de Groupe Renault qui cette ann\u00e9e a co\u00efncid\u00e9 avec la c\u00e9l\u00e9bration du 20<sup>\u00e8me<\/sup> anniversaire du Comit\u00e9.<\/p><p>Le nouvel accord consolide les engagements de Renault envers les normes fondamentales du travail de l&rsquo;OIT, y inclus la libert\u00e9 d&rsquo;association et la neutralit\u00e9, et contient un nombre d&rsquo;am\u00e9liorations majeures en mati\u00e8re de comp\u00e9tences, formation, sant\u00e9 et s\u00e9curit\u00e9 et diversit\u00e9.&nbsp; Les clauses concernant la responsabilit\u00e9 des fournisseurs et sous-traitants ont \u00e9t\u00e9 renforc\u00e9es de fa\u00e7on significative et le respect des droits fondamentaux \u00e9tabli comme crit\u00e8re d\u00e9terminant dans leur s\u00e9lection.&nbsp; L&rsquo;accord comprend \u00e9galement de nouveaux engagements dans le domaine de la protection de l&rsquo;environnement et le d\u00e9veloppement durable, ainsi que des dispositions am\u00e9lior\u00e9es relatives \u00e0 la mise en \u0153uvre et au suivi.&nbsp; Une commission compos\u00e9e de repr\u00e9sentants d&rsquo;IndustriALL et de la direction ainsi que de membres du &nbsp;Comit\u00e9 de Groupe a \u00e9t\u00e9 cr\u00e9\u00e9e pour veiller \u00e0 l&rsquo;application&nbsp; effective de l&rsquo;accord.<\/p><p>Par ailleurs, le texte ouvre la voie \u00e0 d&rsquo;autres accords th\u00e9matiques mondiaux \u00e0 n\u00e9gocier avec IndustriALL dans l&rsquo;avenir.&nbsp; Jyrki Raina, le Secr\u00e9taire g\u00e9n\u00e9ral d&rsquo;IndustriALL, a salu\u00e9 les am\u00e9liorations majeures apport\u00e9es \u00e0 la D\u00e9claration de 2004 et le climat ouvert et constructif qui a pr\u00e9valu tout au long de la n\u00e9gociation de l&rsquo;accord.&nbsp; Dans un communiqu\u00e9 de presse commun il a d\u00e9clar\u00e9&nbsp; &nbsp;&laquo; L&rsquo;accord comporte des avanc\u00e9es importantes dans le domaine des droits sociaux fondamentaux, notamment concernant la libert\u00e9 d&#039;association, de la sant\u00e9 et s\u00e9curit\u00e9, de la formation et de l&#039;environnement.&nbsp; IndustriALL se f\u00e9licite de l&#039;engagement fort de Renault \u00e0 vouloir faire progresser ces droits chez ses fournisseurs et sous-traitants et \u00e0 promouvoir le dialogue social au niveau mondial&raquo;. Marie-Fran\u00e7oise Damesin, Directeur des Ressources Humaines du Groupe Renault a dit&nbsp; &laquo; Je salue cet accord&nbsp; qui traduit l&rsquo;engagement de Renault en mati\u00e8re de responsabilit\u00e9 sociale, soci\u00e9tale et environnementale. C&rsquo;est le fruit d&rsquo;un dialogue social responsable qui se construit depuis plus de 20 ans \u00e0 l&rsquo;\u00e9chelle internationale. &raquo; Jocelyne Andreu, Secr\u00e9taire du Comit\u00e9 de Groupe Renault a exprim\u00e9 sa satisfaction en disant &laquo;&nbsp;Cet accord, r\u00e9sultat de plusieurs mois d&rsquo;\u00e9changes, &nbsp;est le symbole d&rsquo;un dialogue social mature. Sa mise en \u0153uvre sera, j&rsquo;en suis s\u00fbre, un formidable levier de progr\u00e8s et de r\u00e9ussite pour l&rsquo;entreprise et ses collaborateurs.&nbsp;&raquo;<\/p><p>Le Groupe Renault fabrique des v\u00e9hicules sous trois marques &ndash; Renault, Dacia and Renault Samsung Motors &ndash; et a une alliance avec Nissan depuis 1999.&nbsp; Il est pr\u00e9sent dans 118 pays avec 38 sites de production et emploie quelque 127,000 personnes dans le monde.&nbsp; En 2012 l&rsquo;Alliance a inaugur\u00e9 une usine \u00e0 Tanger au Maroc qui devrait compter environ 6,000 salari\u00e9s d&rsquo;ici 2015.<\/p><p>Ce nouvel accord mondial s&rsquo;inscrit dans le cadre du Programme d&rsquo;Action d&rsquo;IndustriALL &nbsp;qui pr\u00e9voit la cr\u00e9ation de m\u00e9canismes de dialogue social r\u00e9gulier au niveau mondial pour parvenir \u00e0 des relations sociales constructives conduisant \u00e0 des n\u00e9gociations \u00e0 ce m\u00eame niveau.<\/p>","protected":false},"featured_media":0,"template":"","issues":[407,412],"companies":[110],"regions":[155,202,217,254,288,308,311],"sectors":[482],"article_tags":[],"class_list":["post-173602","article","type-article","status-publish","hentry","issues-global-framework-agreements","issues-social-justice-and-globalization","companies-renault","regions-asia-pacific","regions-europe","regions-france","regions-latin-america-and-the-caribbean","regions-middle-east-and-north-africa","regions-north-america","regions-sub-saharan-africa","sectors-automotive"],"acf":[],"yoast_head":"<!-- This site is optimized with the Yoast SEO Premium plugin v27.1 (Yoast SEO v27.1) - https:\/\/yoast.com\/product\/yoast-seo-premium-wordpress\/ -->\n<title>IndustriALL signe un accord cadre mondial avec le Groupe Renault - industriall-union<\/title>\n<meta name=\"description\" content=\"L&rsquo;accord cadre mondial (ACM) sign\u00e9 le &nbsp;2 juillet 2013 \u00e0 Paris s&rsquo;inscrit dans la continuit\u00e9 de la &ldquo;D\u00e9claration des droits sociaux\" \/>\n<meta name=\"robots\" content=\"index, follow, max-snippet:-1, max-image-preview:large, max-video-preview:-1\" \/>\n<link rel=\"canonical\" href=\"https:\/\/admin.industriall-union.org\/fr\/industriall-signe-un-accord-cadre-mondial-avec-le-groupe-renault\/\" \/>\n<meta property=\"og:locale\" content=\"fr_FR\" \/>\n<meta property=\"og:type\" content=\"article\" \/>\n<meta property=\"og:title\" content=\"IndustriALL signe un accord cadre mondial avec le Groupe Renault\" \/>\n<meta property=\"og:description\" content=\"L&rsquo;accord cadre mondial (ACM) sign\u00e9 le &nbsp;2 juillet 2013 \u00e0 Paris s&rsquo;inscrit dans la continuit\u00e9 de la &ldquo;D\u00e9claration des droits sociaux\" \/>\n<meta property=\"og:url\" content=\"https:\/\/admin.industriall-union.org\/fr\/industriall-signe-un-accord-cadre-mondial-avec-le-groupe-renault\/\" \/>\n<meta property=\"og:site_name\" content=\"industriall-union\" \/>\n<meta property=\"article:modified_time\" content=\"2025-02-08T10:17:05+00:00\" \/>\n<meta name=\"twitter:card\" content=\"summary_large_image\" \/>\n<meta name=\"twitter:label1\" content=\"Est. reading time\" \/>\n\t<meta name=\"twitter:data1\" content=\"3 minutes\" \/>\n<script type=\"application\/ld+json\" class=\"yoast-schema-graph\">{\"@context\":\"https:\/\/schema.org\",\"@graph\":[{\"@type\":\"WebPage\",\"@id\":\"https:\/\/admin.industriall-union.org\/fr\/industriall-signe-un-accord-cadre-mondial-avec-le-groupe-renault\/\",\"url\":\"https:\/\/admin.industriall-union.org\/fr\/industriall-signe-un-accord-cadre-mondial-avec-le-groupe-renault\/\",\"name\":\"IndustriALL signe un accord cadre mondial avec le Groupe Renault - industriall-union\",\"isPartOf\":{\"@id\":\"https:\/\/admin.industriall-union.org\/#website\"},\"datePublished\":\"2013-07-03T10:24:41+00:00\",\"dateModified\":\"2025-02-08T10:17:05+00:00\",\"description\":\"L&rsquo;accord cadre mondial (ACM) sign\u00e9 le &nbsp;2 juillet 2013 \u00e0 Paris s&rsquo;inscrit dans la continuit\u00e9 de la &ldquo;D\u00e9claration des droits sociaux\",\"breadcrumb\":{\"@id\":\"https:\/\/admin.industriall-union.org\/fr\/industriall-signe-un-accord-cadre-mondial-avec-le-groupe-renault\/#breadcrumb\"},\"inLanguage\":\"fr-FR\",\"potentialAction\":[{\"@type\":\"ReadAction\",\"target\":[\"https:\/\/admin.industriall-union.org\/fr\/industriall-signe-un-accord-cadre-mondial-avec-le-groupe-renault\/\"]}]},{\"@type\":\"BreadcrumbList\",\"@id\":\"https:\/\/admin.industriall-union.org\/fr\/industriall-signe-un-accord-cadre-mondial-avec-le-groupe-renault\/#breadcrumb\",\"itemListElement\":[{\"@type\":\"ListItem\",\"position\":1,\"name\":\"Home\",\"item\":\"https:\/\/admin.industriall-union.org\/\"},{\"@type\":\"ListItem\",\"position\":2,\"name\":\"Articles\",\"item\":\"https:\/\/admin.industriall-union.org\/article\/\"},{\"@type\":\"ListItem\",\"position\":3,\"name\":\"IndustriALL signe un accord cadre mondial avec le Groupe Renault\"}]},{\"@type\":\"WebSite\",\"@id\":\"https:\/\/admin.industriall-union.org\/#website\",\"url\":\"https:\/\/admin.industriall-union.org\/\",\"name\":\"industriall-union\",\"description\":\"\",\"potentialAction\":[{\"@type\":\"SearchAction\",\"target\":{\"@type\":\"EntryPoint\",\"urlTemplate\":\"https:\/\/admin.industriall-union.org\/?s={search_term_string}\"},\"query-input\":{\"@type\":\"PropertyValueSpecification\",\"valueRequired\":true,\"valueName\":\"search_term_string\"}}],\"inLanguage\":\"fr-FR\"}]}<\/script>\n<!-- \/ Yoast SEO Premium plugin. -->","yoast_head_json":{"title":"IndustriALL signe un accord cadre mondial avec le Groupe Renault - industriall-union","description":"L&rsquo;accord cadre mondial (ACM) sign\u00e9 le &nbsp;2 juillet 2013 \u00e0 Paris s&rsquo;inscrit dans la continuit\u00e9 de la &ldquo;D\u00e9claration des droits sociaux","robots":{"index":"index","follow":"follow","max-snippet":"max-snippet:-1","max-image-preview":"max-image-preview:large","max-video-preview":"max-video-preview:-1"},"canonical":"https:\/\/admin.industriall-union.org\/fr\/industriall-signe-un-accord-cadre-mondial-avec-le-groupe-renault\/","og_locale":"fr_FR","og_type":"article","og_title":"IndustriALL signe un accord cadre mondial avec le Groupe Renault","og_description":"L&rsquo;accord cadre mondial (ACM) sign\u00e9 le &nbsp;2 juillet 2013 \u00e0 Paris s&rsquo;inscrit dans la continuit\u00e9 de la &ldquo;D\u00e9claration des droits sociaux","og_url":"https:\/\/admin.industriall-union.org\/fr\/industriall-signe-un-accord-cadre-mondial-avec-le-groupe-renault\/","og_site_name":"industriall-union","article_modified_time":"2025-02-08T10:17:05+00:00","twitter_card":"summary_large_image","twitter_misc":{"Est. reading time":"3 minutes"},"schema":{"@context":"https:\/\/schema.org","@graph":[{"@type":"WebPage","@id":"https:\/\/admin.industriall-union.org\/fr\/industriall-signe-un-accord-cadre-mondial-avec-le-groupe-renault\/","url":"https:\/\/admin.industriall-union.org\/fr\/industriall-signe-un-accord-cadre-mondial-avec-le-groupe-renault\/","name":"IndustriALL signe un accord cadre mondial avec le Groupe Renault - industriall-union","isPartOf":{"@id":"https:\/\/admin.industriall-union.org\/#website"},"datePublished":"2013-07-03T10:24:41+00:00","dateModified":"2025-02-08T10:17:05+00:00","description":"L&rsquo;accord cadre mondial (ACM) sign\u00e9 le &nbsp;2 juillet 2013 \u00e0 Paris s&rsquo;inscrit dans la continuit\u00e9 de la &ldquo;D\u00e9claration des droits sociaux","breadcrumb":{"@id":"https:\/\/admin.industriall-union.org\/fr\/industriall-signe-un-accord-cadre-mondial-avec-le-groupe-renault\/#breadcrumb"},"inLanguage":"fr-FR","potentialAction":[{"@type":"ReadAction","target":["https:\/\/admin.industriall-union.org\/fr\/industriall-signe-un-accord-cadre-mondial-avec-le-groupe-renault\/"]}]},{"@type":"BreadcrumbList","@id":"https:\/\/admin.industriall-union.org\/fr\/industriall-signe-un-accord-cadre-mondial-avec-le-groupe-renault\/#breadcrumb","itemListElement":[{"@type":"ListItem","position":1,"name":"Home","item":"https:\/\/admin.industriall-union.org\/"},{"@type":"ListItem","position":2,"name":"Articles","item":"https:\/\/admin.industriall-union.org\/article\/"},{"@type":"ListItem","position":3,"name":"IndustriALL signe un accord cadre mondial avec le Groupe Renault"}]},{"@type":"WebSite","@id":"https:\/\/admin.industriall-union.org\/#website","url":"https:\/\/admin.industriall-union.org\/","name":"industriall-union","description":"","potentialAction":[{"@type":"SearchAction","target":{"@type":"EntryPoint","urlTemplate":"https:\/\/admin.industriall-union.org\/?s={search_term_string}"},"query-input":{"@type":"PropertyValueSpecification","valueRequired":true,"valueName":"search_term_string"}}],"inLanguage":"fr-FR"}]}},"_links":{"self":[{"href":"https:\/\/admin.industriall-union.org\/fr\/wp-json\/wp\/v2\/article\/173602","targetHints":{"allow":["GET"]}}],"collection":[{"href":"https:\/\/admin.industriall-union.org\/fr\/wp-json\/wp\/v2\/article"}],"about":[{"href":"https:\/\/admin.industriall-union.org\/fr\/wp-json\/wp\/v2\/types\/article"}],"wp:attachment":[{"href":"https:\/\/admin.industriall-union.org\/fr\/wp-json\/wp\/v2\/media?parent=173602"}],"wp:term":[{"taxonomy":"issues","embeddable":true,"href":"https:\/\/admin.industriall-union.org\/fr\/wp-json\/wp\/v2\/issues?post=173602"},{"taxonomy":"companies","embeddable":true,"href":"https:\/\/admin.industriall-union.org\/fr\/wp-json\/wp\/v2\/companies?post=173602"},{"taxonomy":"regions","embeddable":true,"href":"https:\/\/admin.industriall-union.org\/fr\/wp-json\/wp\/v2\/regions?post=173602"},{"taxonomy":"sectors","embeddable":true,"href":"https:\/\/admin.industriall-union.org\/fr\/wp-json\/wp\/v2\/sectors?post=173602"},{"taxonomy":"article_tags","embeddable":true,"href":"https:\/\/admin.industriall-union.org\/fr\/wp-json\/wp\/v2\/article_tags?post=173602"}],"curies":[{"name":"wp","href":"https:\/\/api.w.org\/{rel}","templated":true}]}}