{"id":173579,"date":"2013-07-08T15:58:50","date_gmt":"2013-07-08T15:58:50","guid":{"rendered":"https:\/\/admin.industriall-union.org\/un-nouveau-pacte-de-l-ue-engage-les-entreprises-a-signer-immediatement-l-accord-au-bangladesh\/"},"modified":"2025-02-08T10:05:09","modified_gmt":"2025-02-08T10:05:09","slug":"un-nouveau-pacte-de-l-ue-engage-les-entreprises-a-signer-immediatement-l-accord-au-bangladesh","status":"publish","type":"article","link":"https:\/\/admin.industriall-union.org\/fr\/un-nouveau-pacte-de-l-ue-engage-les-entreprises-a-signer-immediatement-l-accord-au-bangladesh\/","title":{"rendered":"Un nouveau Pacte de l\u2019UE engage les entreprises \u00e0 signer imm\u00e9diatement l\u2019Accord au Bangladesh"},"content":{"rendered":"<p>Dans une d\u00e9claration conjointe lors du lancement du nouveau Pacte de l&rsquo;UE, le commissaire europ\u00e9en Karel de Gucht, le directeur g\u00e9n\u00e9ral de l&rsquo;OIT Guy Ryder, et le ministre des Affaires \u00e9trang\u00e8res du Bangladesh Dupi Moni, se sont d\u00e9clar\u00e9s:<\/p><blockquote><p>Satisfaits que plus de 70 grandes marques et revendeurs d&rsquo;articles de mode fabriqu\u00e9s au Bangladesh ont sign\u00e9 un Accord sur les mesures de s\u00e9curit\u00e9 qui ont trait aux incendies et aux b\u00e2timents au Bangladesh afin de coordonner leurs efforts pour aider \u00e0 am\u00e9liorer la s\u00e9curit\u00e9 dans les ateliers et fabriques au Bangladesh qui les approvisionnent. Dans ce contexte, ils encouragent d&rsquo;autres entreprises, notamment des PME, \u00e0 se joindre rapidement \u00e0 l&rsquo;Accord dans leurs capacit\u00e9s respectives.<\/p><\/blockquote><p>Le secr\u00e9taire g\u00e9n\u00e9ral de IndustriALL Jyrki Raina a accueilli avec satisfaction ce nouvel appui:<\/p><blockquote><p>Alors que nous nous appr\u00eatons \u00e0 engager une nouvelle \u00e9tape d\u00e9cisive dans l&rsquo;Accord au Bangladesh, avec la fin de la premi\u00e8re p\u00e9riode de 45 jours du processus de mise en \u0153uvre, nous accueillons avec satisfaction ce nouvel appui de haut niveau. L&rsquo;UE se signale avec du retard, mais elle a un r\u00f4le essentiel \u00e0 jouer pour obtenir la s\u00e9curit\u00e9 dans l&rsquo;industrie de la confection au Bangladesh.<\/p><\/blockquote><blockquote><p>Chaque jour, de nouvelles entreprises signent l&rsquo;Accord. Le nouveau Pacte reconna\u00eet l&rsquo;urgence d&rsquo;obtenir la signature de l&rsquo;Accord par davantage d&rsquo;entreprises et un renforcement de la coalition au profit des travailleuses du Bangladesh.<\/p><\/blockquote><p>Le secr\u00e9taire g\u00e9n\u00e9ral adjoint de UNI Global Union, Christy Hoffman, a d\u00e9clar\u00e9:<\/p><blockquote><p>L&rsquo;Accord r\u00e9alise des avanc\u00e9es avec l&rsquo;aide des entreprises et le soutien des institutions internationales, notamment l&rsquo;UE, l&rsquo;OIT et l&rsquo;ONU. Tous ensemble, nous am\u00e9liorerons les conditions de vie des travailleuses de la confection dans les ateliers et fabriques au Bangladeshi.<\/p><\/blockquote><p><strong>Liste int\u00e9grale des entreprises signataires de l&rsquo;Accord:<\/strong><\/p><p>Abercrombie &amp; Fitch<br \/>Aldi<br \/>Auchan<br \/>Belotex<br \/>Benetton<br \/>Bestseller<br \/>Bonmarche<br \/>C&amp;A<br \/>Camaieu<br \/>Carrefour<br \/>Charles Voegele<br \/>Chicca<br \/>Comtex<br \/>Coop Danmark<br \/>Cotton On<br \/>Dansk<br \/>Daytex<br \/>Debenhams<br \/>Distra<br \/>DK Company<br \/>El Corte Ingles<br \/>Ernstings&rsquo; Family<br \/>Esprit<br \/>Fat Face<br \/>Forever New<br \/>Gstar<br \/>H&amp;M<br \/>Helly Hansen<br \/>Hema<br \/>Herding Heimtextil&nbsp;<br \/>Hess Natur &ndash; Textilien GmbH<br \/>Horizonte<br \/>Inditex<br \/>JBC<br \/>Jogilo<br \/>John Lewis<br \/>Juritex<br \/>Kik<br \/>Kmart (Australia)<br \/>LC WAIKIKI<br \/>Leclerc<br \/>Lidl<br \/>Loblaw<br \/>Mango<br \/>Marks and Spencer<br \/>Metro<br \/>Mothercare<br \/>N Brown<br \/>New Look<br \/>Newtop<br \/>Next<br \/>Otto Group<br \/>Primark<br \/>PUMA<br \/>PVH<br \/>Rewe<br \/>S Oliver<br \/>Sainsbury<br \/>Schmidt Group<br \/>Scoop NYC \/ Zac Posen<br \/>Sean John Apparel<br \/>Shop Direct Group<br \/>Stockmann<br \/>Switcher<br \/>Target (Australia)<br \/>Tchibo<br \/>Tesco<br \/>Texman<br \/>Topgrade International<br \/>V&amp;D<br \/>Varner Group<br \/>WE Europe<br \/>Zeeman<\/p><p><strong>Contacts:<\/strong><br \/>Tom Grinter, IndustriALL, Mobile: +41 79 693 44 99,&nbsp;<br \/><a href=\"mailto:TGrinter@industriALL-Union.org\">TGrinter@industriALL-Union.org<\/a><br \/>Richard Elliott, UNI Global Union, Mobile: +41 79 794 9709,<br \/><a href=\"mailto:richard.elliott@uniglobalunion.org\">richard.elliott@uniglobalunion.org<\/a><br \/>Andy York &ndash; Ethical Trading Manager &ndash; N Brown Group &ndash; Contact Fergus Wylie &#8211; Newgate Communications &#8211; +44 (0) 20 7680 6550<\/p>","protected":false},"featured_media":0,"template":"","issues":[414,402],"companies":[],"regions":[159],"sectors":[465,468],"article_tags":[521],"class_list":["post-173579","article","type-article","status-publish","hentry","issues-action-on-bangladesh","issues-health-and-safety","regions-bangladesh","sectors-garment","sectors-textile-industry","article_tags-press-release"],"acf":[],"yoast_head":"<!-- This site is optimized with the Yoast SEO Premium plugin v27.1 (Yoast SEO v27.1) - https:\/\/yoast.com\/product\/yoast-seo-premium-wordpress\/ -->\n<title>Un nouveau Pacte de l\u2019UE engage les entreprises \u00e0 signer imm\u00e9diatement l\u2019Accord au Bangladesh - industriall-union<\/title>\n<meta name=\"description\" content=\"Dans une d\u00e9claration conjointe lors du lancement du nouveau Pacte de l&rsquo;UE, le commissaire europ\u00e9en Karel de Gucht, le directeur g\u00e9n\u00e9ral de\" \/>\n<meta name=\"robots\" content=\"index, follow, max-snippet:-1, max-image-preview:large, max-video-preview:-1\" \/>\n<link rel=\"canonical\" href=\"https:\/\/admin.industriall-union.org\/fr\/un-nouveau-pacte-de-l-ue-engage-les-entreprises-a-signer-immediatement-l-accord-au-bangladesh\/\" \/>\n<meta property=\"og:locale\" content=\"fr_FR\" \/>\n<meta property=\"og:type\" content=\"article\" \/>\n<meta property=\"og:title\" content=\"Un nouveau Pacte de l\u2019UE engage les entreprises \u00e0 signer imm\u00e9diatement l\u2019Accord au Bangladesh\" \/>\n<meta property=\"og:description\" content=\"Dans une d\u00e9claration conjointe lors du lancement du nouveau Pacte de l&rsquo;UE, le commissaire europ\u00e9en Karel de Gucht, le directeur g\u00e9n\u00e9ral de\" \/>\n<meta property=\"og:url\" content=\"https:\/\/admin.industriall-union.org\/fr\/un-nouveau-pacte-de-l-ue-engage-les-entreprises-a-signer-immediatement-l-accord-au-bangladesh\/\" \/>\n<meta property=\"og:site_name\" content=\"industriall-union\" \/>\n<meta property=\"article:modified_time\" content=\"2025-02-08T10:05:09+00:00\" \/>\n<meta name=\"twitter:card\" content=\"summary_large_image\" \/>\n<meta name=\"twitter:label1\" content=\"Est. reading time\" \/>\n\t<meta name=\"twitter:data1\" content=\"2 minutes\" \/>\n<script type=\"application\/ld+json\" class=\"yoast-schema-graph\">{\"@context\":\"https:\/\/schema.org\",\"@graph\":[{\"@type\":\"WebPage\",\"@id\":\"https:\/\/admin.industriall-union.org\/fr\/un-nouveau-pacte-de-l-ue-engage-les-entreprises-a-signer-immediatement-l-accord-au-bangladesh\/\",\"url\":\"https:\/\/admin.industriall-union.org\/fr\/un-nouveau-pacte-de-l-ue-engage-les-entreprises-a-signer-immediatement-l-accord-au-bangladesh\/\",\"name\":\"Un nouveau Pacte de l\u2019UE engage les entreprises \u00e0 signer imm\u00e9diatement l\u2019Accord au Bangladesh - industriall-union\",\"isPartOf\":{\"@id\":\"https:\/\/admin.industriall-union.org\/#website\"},\"datePublished\":\"2013-07-08T15:58:50+00:00\",\"dateModified\":\"2025-02-08T10:05:09+00:00\",\"description\":\"Dans une d\u00e9claration conjointe lors du lancement du nouveau Pacte de l&rsquo;UE, le commissaire europ\u00e9en Karel de Gucht, le directeur g\u00e9n\u00e9ral de\",\"breadcrumb\":{\"@id\":\"https:\/\/admin.industriall-union.org\/fr\/un-nouveau-pacte-de-l-ue-engage-les-entreprises-a-signer-immediatement-l-accord-au-bangladesh\/#breadcrumb\"},\"inLanguage\":\"fr-FR\",\"potentialAction\":[{\"@type\":\"ReadAction\",\"target\":[\"https:\/\/admin.industriall-union.org\/fr\/un-nouveau-pacte-de-l-ue-engage-les-entreprises-a-signer-immediatement-l-accord-au-bangladesh\/\"]}]},{\"@type\":\"BreadcrumbList\",\"@id\":\"https:\/\/admin.industriall-union.org\/fr\/un-nouveau-pacte-de-l-ue-engage-les-entreprises-a-signer-immediatement-l-accord-au-bangladesh\/#breadcrumb\",\"itemListElement\":[{\"@type\":\"ListItem\",\"position\":1,\"name\":\"Home\",\"item\":\"https:\/\/admin.industriall-union.org\/\"},{\"@type\":\"ListItem\",\"position\":2,\"name\":\"Articles\",\"item\":\"https:\/\/admin.industriall-union.org\/article\/\"},{\"@type\":\"ListItem\",\"position\":3,\"name\":\"Un nouveau Pacte de l\u2019UE engage les entreprises \u00e0 signer imm\u00e9diatement l\u2019Accord au Bangladesh\"}]},{\"@type\":\"WebSite\",\"@id\":\"https:\/\/admin.industriall-union.org\/#website\",\"url\":\"https:\/\/admin.industriall-union.org\/\",\"name\":\"industriall-union\",\"description\":\"\",\"potentialAction\":[{\"@type\":\"SearchAction\",\"target\":{\"@type\":\"EntryPoint\",\"urlTemplate\":\"https:\/\/admin.industriall-union.org\/?s={search_term_string}\"},\"query-input\":{\"@type\":\"PropertyValueSpecification\",\"valueRequired\":true,\"valueName\":\"search_term_string\"}}],\"inLanguage\":\"fr-FR\"}]}<\/script>\n<!-- \/ Yoast SEO Premium plugin. -->","yoast_head_json":{"title":"Un nouveau Pacte de l\u2019UE engage les entreprises \u00e0 signer imm\u00e9diatement l\u2019Accord au Bangladesh - industriall-union","description":"Dans une d\u00e9claration conjointe lors du lancement du nouveau Pacte de l&rsquo;UE, le commissaire europ\u00e9en Karel de Gucht, le directeur g\u00e9n\u00e9ral de","robots":{"index":"index","follow":"follow","max-snippet":"max-snippet:-1","max-image-preview":"max-image-preview:large","max-video-preview":"max-video-preview:-1"},"canonical":"https:\/\/admin.industriall-union.org\/fr\/un-nouveau-pacte-de-l-ue-engage-les-entreprises-a-signer-immediatement-l-accord-au-bangladesh\/","og_locale":"fr_FR","og_type":"article","og_title":"Un nouveau Pacte de l\u2019UE engage les entreprises \u00e0 signer imm\u00e9diatement l\u2019Accord au Bangladesh","og_description":"Dans une d\u00e9claration conjointe lors du lancement du nouveau Pacte de l&rsquo;UE, le commissaire europ\u00e9en Karel de Gucht, le directeur g\u00e9n\u00e9ral de","og_url":"https:\/\/admin.industriall-union.org\/fr\/un-nouveau-pacte-de-l-ue-engage-les-entreprises-a-signer-immediatement-l-accord-au-bangladesh\/","og_site_name":"industriall-union","article_modified_time":"2025-02-08T10:05:09+00:00","twitter_card":"summary_large_image","twitter_misc":{"Est. reading time":"2 minutes"},"schema":{"@context":"https:\/\/schema.org","@graph":[{"@type":"WebPage","@id":"https:\/\/admin.industriall-union.org\/fr\/un-nouveau-pacte-de-l-ue-engage-les-entreprises-a-signer-immediatement-l-accord-au-bangladesh\/","url":"https:\/\/admin.industriall-union.org\/fr\/un-nouveau-pacte-de-l-ue-engage-les-entreprises-a-signer-immediatement-l-accord-au-bangladesh\/","name":"Un nouveau Pacte de l\u2019UE engage les entreprises \u00e0 signer imm\u00e9diatement l\u2019Accord au Bangladesh - industriall-union","isPartOf":{"@id":"https:\/\/admin.industriall-union.org\/#website"},"datePublished":"2013-07-08T15:58:50+00:00","dateModified":"2025-02-08T10:05:09+00:00","description":"Dans une d\u00e9claration conjointe lors du lancement du nouveau Pacte de l&rsquo;UE, le commissaire europ\u00e9en Karel de Gucht, le directeur g\u00e9n\u00e9ral de","breadcrumb":{"@id":"https:\/\/admin.industriall-union.org\/fr\/un-nouveau-pacte-de-l-ue-engage-les-entreprises-a-signer-immediatement-l-accord-au-bangladesh\/#breadcrumb"},"inLanguage":"fr-FR","potentialAction":[{"@type":"ReadAction","target":["https:\/\/admin.industriall-union.org\/fr\/un-nouveau-pacte-de-l-ue-engage-les-entreprises-a-signer-immediatement-l-accord-au-bangladesh\/"]}]},{"@type":"BreadcrumbList","@id":"https:\/\/admin.industriall-union.org\/fr\/un-nouveau-pacte-de-l-ue-engage-les-entreprises-a-signer-immediatement-l-accord-au-bangladesh\/#breadcrumb","itemListElement":[{"@type":"ListItem","position":1,"name":"Home","item":"https:\/\/admin.industriall-union.org\/"},{"@type":"ListItem","position":2,"name":"Articles","item":"https:\/\/admin.industriall-union.org\/article\/"},{"@type":"ListItem","position":3,"name":"Un nouveau Pacte de l\u2019UE engage les entreprises \u00e0 signer imm\u00e9diatement l\u2019Accord au Bangladesh"}]},{"@type":"WebSite","@id":"https:\/\/admin.industriall-union.org\/#website","url":"https:\/\/admin.industriall-union.org\/","name":"industriall-union","description":"","potentialAction":[{"@type":"SearchAction","target":{"@type":"EntryPoint","urlTemplate":"https:\/\/admin.industriall-union.org\/?s={search_term_string}"},"query-input":{"@type":"PropertyValueSpecification","valueRequired":true,"valueName":"search_term_string"}}],"inLanguage":"fr-FR"}]}},"_links":{"self":[{"href":"https:\/\/admin.industriall-union.org\/fr\/wp-json\/wp\/v2\/article\/173579","targetHints":{"allow":["GET"]}}],"collection":[{"href":"https:\/\/admin.industriall-union.org\/fr\/wp-json\/wp\/v2\/article"}],"about":[{"href":"https:\/\/admin.industriall-union.org\/fr\/wp-json\/wp\/v2\/types\/article"}],"wp:attachment":[{"href":"https:\/\/admin.industriall-union.org\/fr\/wp-json\/wp\/v2\/media?parent=173579"}],"wp:term":[{"taxonomy":"issues","embeddable":true,"href":"https:\/\/admin.industriall-union.org\/fr\/wp-json\/wp\/v2\/issues?post=173579"},{"taxonomy":"companies","embeddable":true,"href":"https:\/\/admin.industriall-union.org\/fr\/wp-json\/wp\/v2\/companies?post=173579"},{"taxonomy":"regions","embeddable":true,"href":"https:\/\/admin.industriall-union.org\/fr\/wp-json\/wp\/v2\/regions?post=173579"},{"taxonomy":"sectors","embeddable":true,"href":"https:\/\/admin.industriall-union.org\/fr\/wp-json\/wp\/v2\/sectors?post=173579"},{"taxonomy":"article_tags","embeddable":true,"href":"https:\/\/admin.industriall-union.org\/fr\/wp-json\/wp\/v2\/article_tags?post=173579"}],"curies":[{"name":"wp","href":"https:\/\/api.w.org\/{rel}","templated":true}]}}