{"id":173546,"date":"2013-07-11T14:00:48","date_gmt":"2013-07-11T14:00:48","guid":{"rendered":"https:\/\/admin.industriall-union.org\/industriall-global-union-s-apprete-a-s-attaquer-a-rio-tinto\/"},"modified":"2025-02-08T10:03:02","modified_gmt":"2025-02-08T10:03:02","slug":"industriall-global-union-s-apprete-a-s-attaquer-a-rio-tinto","status":"publish","type":"article","link":"https:\/\/admin.industriall-union.org\/fr\/industriall-global-union-s-apprete-a-s-attaquer-a-rio-tinto\/","title":{"rendered":"IndustriALL Global Union s\u2019appr\u00eate \u00e0 s\u2019attaquer \u00e0 Rio Tinto"},"content":{"rendered":"<p>\u00c0 sa conf\u00e9rence inaugurale de fusion en 2012, IndustriALL avait d\u00e9cid\u00e9 de lancer une campagne coordonn\u00e9e \u00e0 plusieurs niveaux et regroupant de nombreux syndicats contre Rio Tinto pour son attitude antisyndicale l\u00e9gendaire et ses pratiques non viables de relations professionnelles et communautaires, notamment ses pratiques et sa conduite dans le domaine de l&rsquo;environnement dans le monde entier. Avec le lancement d&rsquo;un r\u00e9seau mondial Rio Tinto responsable de la campagne \u00e0 l&rsquo;\u00e9chelle mondiale, la r\u00e9union de juin \u00e0 Johannesburg a permis de r\u00e9aliser une avanc\u00e9e importante.<\/p><p>La campagne mondiale a pour but d&rsquo;obtenir un changement radical de l&rsquo;attitude de Rio Tinto envers sa main-d&rsquo;\u0153uvre et les syndicats dans toutes les activit\u00e9s de l&rsquo;entreprise. Un objectif particulier porte sur l&rsquo;augmentation du taux de syndicalisation dans ses activit\u00e9s men\u00e9es dans le monde et une reconnaissance des syndicats de Rio Tinto et de IndustriALL Global Union comme interlocuteur formel ou homologue.<\/p><p>Une partie du r\u00e9sultat global de la r\u00e9union a \u00e9t\u00e9 le lancement d&rsquo;une alliance strat\u00e9gique contre Rio Tinto (START), envisag\u00e9e comme \u00e9tant tourn\u00e9e vers le progr\u00e8s \u00e0 caract\u00e8re social, communautaire et environnemental, fond\u00e9e sur la foi et la justice \u00e9conomique. \u00c0 cette fin, un militant de la cause environnementale, victime de harc\u00e8lements pour avoir r\u00e9v\u00e9l\u00e9 des d\u00e9gradations de l&rsquo;environnement r\u00e9sultant de l&rsquo;exploitation mini\u00e8re dans son pays, a pris la parole \u00e0 la r\u00e9union. Un chercheur appartenant \u00e0 l&rsquo;une des grandes universit\u00e9s d&rsquo;Afrique du Sud a \u00e9galement fait un expos\u00e9 sur les pr\u00e9judices caus\u00e9s au niveau communautaire et sur la dislocation sociale, associ\u00e9s \u00e0 l&rsquo;exploitation mini\u00e8re dans son pays.<\/p>","protected":false},"featured_media":0,"template":"","issues":[410,420],"companies":[113],"regions":[],"sectors":[495],"article_tags":[],"class_list":["post-173546","article","type-article","status-publish","hentry","issues-rio-tinto","issues-solidarity","companies-rio-tinto","sectors-mining"],"acf":[],"yoast_head":"<!-- This site is optimized with the Yoast SEO Premium plugin v27.1 (Yoast SEO v27.1) - https:\/\/yoast.com\/product\/yoast-seo-premium-wordpress\/ -->\n<title>IndustriALL Global Union s\u2019appr\u00eate \u00e0 s\u2019attaquer \u00e0 Rio Tinto - industriall-union<\/title>\n<meta name=\"description\" content=\"\u00c0 sa conf\u00e9rence inaugurale de fusion en 2012, IndustriALL avait d\u00e9cid\u00e9 de lancer une campagne coordonn\u00e9e \u00e0 plusieurs niveaux et regroupant de nombreux\" \/>\n<meta name=\"robots\" content=\"index, follow, max-snippet:-1, max-image-preview:large, max-video-preview:-1\" \/>\n<link rel=\"canonical\" href=\"https:\/\/admin.industriall-union.org\/fr\/industriall-global-union-s-apprete-a-s-attaquer-a-rio-tinto\/\" \/>\n<meta property=\"og:locale\" content=\"fr_FR\" \/>\n<meta property=\"og:type\" content=\"article\" \/>\n<meta property=\"og:title\" content=\"IndustriALL Global Union s\u2019appr\u00eate \u00e0 s\u2019attaquer \u00e0 Rio Tinto\" \/>\n<meta property=\"og:description\" content=\"\u00c0 sa conf\u00e9rence inaugurale de fusion en 2012, IndustriALL avait d\u00e9cid\u00e9 de lancer une campagne coordonn\u00e9e \u00e0 plusieurs niveaux et regroupant de nombreux\" \/>\n<meta property=\"og:url\" content=\"https:\/\/admin.industriall-union.org\/fr\/industriall-global-union-s-apprete-a-s-attaquer-a-rio-tinto\/\" \/>\n<meta property=\"og:site_name\" content=\"industriall-union\" \/>\n<meta property=\"article:modified_time\" content=\"2025-02-08T10:03:02+00:00\" \/>\n<meta name=\"twitter:card\" content=\"summary_large_image\" \/>\n<meta name=\"twitter:label1\" content=\"Est. reading time\" \/>\n\t<meta name=\"twitter:data1\" content=\"2 minutes\" \/>\n<script type=\"application\/ld+json\" class=\"yoast-schema-graph\">{\"@context\":\"https:\/\/schema.org\",\"@graph\":[{\"@type\":\"WebPage\",\"@id\":\"https:\/\/admin.industriall-union.org\/fr\/industriall-global-union-s-apprete-a-s-attaquer-a-rio-tinto\/\",\"url\":\"https:\/\/admin.industriall-union.org\/fr\/industriall-global-union-s-apprete-a-s-attaquer-a-rio-tinto\/\",\"name\":\"IndustriALL Global Union s\u2019appr\u00eate \u00e0 s\u2019attaquer \u00e0 Rio Tinto - industriall-union\",\"isPartOf\":{\"@id\":\"https:\/\/admin.industriall-union.org\/#website\"},\"datePublished\":\"2013-07-11T14:00:48+00:00\",\"dateModified\":\"2025-02-08T10:03:02+00:00\",\"description\":\"\u00c0 sa conf\u00e9rence inaugurale de fusion en 2012, IndustriALL avait d\u00e9cid\u00e9 de lancer une campagne coordonn\u00e9e \u00e0 plusieurs niveaux et regroupant de nombreux\",\"breadcrumb\":{\"@id\":\"https:\/\/admin.industriall-union.org\/fr\/industriall-global-union-s-apprete-a-s-attaquer-a-rio-tinto\/#breadcrumb\"},\"inLanguage\":\"fr-FR\",\"potentialAction\":[{\"@type\":\"ReadAction\",\"target\":[\"https:\/\/admin.industriall-union.org\/fr\/industriall-global-union-s-apprete-a-s-attaquer-a-rio-tinto\/\"]}]},{\"@type\":\"BreadcrumbList\",\"@id\":\"https:\/\/admin.industriall-union.org\/fr\/industriall-global-union-s-apprete-a-s-attaquer-a-rio-tinto\/#breadcrumb\",\"itemListElement\":[{\"@type\":\"ListItem\",\"position\":1,\"name\":\"Home\",\"item\":\"https:\/\/admin.industriall-union.org\/\"},{\"@type\":\"ListItem\",\"position\":2,\"name\":\"Articles\",\"item\":\"https:\/\/admin.industriall-union.org\/article\/\"},{\"@type\":\"ListItem\",\"position\":3,\"name\":\"IndustriALL Global Union s\u2019appr\u00eate \u00e0 s\u2019attaquer \u00e0 Rio Tinto\"}]},{\"@type\":\"WebSite\",\"@id\":\"https:\/\/admin.industriall-union.org\/#website\",\"url\":\"https:\/\/admin.industriall-union.org\/\",\"name\":\"industriall-union\",\"description\":\"\",\"potentialAction\":[{\"@type\":\"SearchAction\",\"target\":{\"@type\":\"EntryPoint\",\"urlTemplate\":\"https:\/\/admin.industriall-union.org\/?s={search_term_string}\"},\"query-input\":{\"@type\":\"PropertyValueSpecification\",\"valueRequired\":true,\"valueName\":\"search_term_string\"}}],\"inLanguage\":\"fr-FR\"}]}<\/script>\n<!-- \/ Yoast SEO Premium plugin. -->","yoast_head_json":{"title":"IndustriALL Global Union s\u2019appr\u00eate \u00e0 s\u2019attaquer \u00e0 Rio Tinto - industriall-union","description":"\u00c0 sa conf\u00e9rence inaugurale de fusion en 2012, IndustriALL avait d\u00e9cid\u00e9 de lancer une campagne coordonn\u00e9e \u00e0 plusieurs niveaux et regroupant de nombreux","robots":{"index":"index","follow":"follow","max-snippet":"max-snippet:-1","max-image-preview":"max-image-preview:large","max-video-preview":"max-video-preview:-1"},"canonical":"https:\/\/admin.industriall-union.org\/fr\/industriall-global-union-s-apprete-a-s-attaquer-a-rio-tinto\/","og_locale":"fr_FR","og_type":"article","og_title":"IndustriALL Global Union s\u2019appr\u00eate \u00e0 s\u2019attaquer \u00e0 Rio Tinto","og_description":"\u00c0 sa conf\u00e9rence inaugurale de fusion en 2012, IndustriALL avait d\u00e9cid\u00e9 de lancer une campagne coordonn\u00e9e \u00e0 plusieurs niveaux et regroupant de nombreux","og_url":"https:\/\/admin.industriall-union.org\/fr\/industriall-global-union-s-apprete-a-s-attaquer-a-rio-tinto\/","og_site_name":"industriall-union","article_modified_time":"2025-02-08T10:03:02+00:00","twitter_card":"summary_large_image","twitter_misc":{"Est. reading time":"2 minutes"},"schema":{"@context":"https:\/\/schema.org","@graph":[{"@type":"WebPage","@id":"https:\/\/admin.industriall-union.org\/fr\/industriall-global-union-s-apprete-a-s-attaquer-a-rio-tinto\/","url":"https:\/\/admin.industriall-union.org\/fr\/industriall-global-union-s-apprete-a-s-attaquer-a-rio-tinto\/","name":"IndustriALL Global Union s\u2019appr\u00eate \u00e0 s\u2019attaquer \u00e0 Rio Tinto - industriall-union","isPartOf":{"@id":"https:\/\/admin.industriall-union.org\/#website"},"datePublished":"2013-07-11T14:00:48+00:00","dateModified":"2025-02-08T10:03:02+00:00","description":"\u00c0 sa conf\u00e9rence inaugurale de fusion en 2012, IndustriALL avait d\u00e9cid\u00e9 de lancer une campagne coordonn\u00e9e \u00e0 plusieurs niveaux et regroupant de nombreux","breadcrumb":{"@id":"https:\/\/admin.industriall-union.org\/fr\/industriall-global-union-s-apprete-a-s-attaquer-a-rio-tinto\/#breadcrumb"},"inLanguage":"fr-FR","potentialAction":[{"@type":"ReadAction","target":["https:\/\/admin.industriall-union.org\/fr\/industriall-global-union-s-apprete-a-s-attaquer-a-rio-tinto\/"]}]},{"@type":"BreadcrumbList","@id":"https:\/\/admin.industriall-union.org\/fr\/industriall-global-union-s-apprete-a-s-attaquer-a-rio-tinto\/#breadcrumb","itemListElement":[{"@type":"ListItem","position":1,"name":"Home","item":"https:\/\/admin.industriall-union.org\/"},{"@type":"ListItem","position":2,"name":"Articles","item":"https:\/\/admin.industriall-union.org\/article\/"},{"@type":"ListItem","position":3,"name":"IndustriALL Global Union s\u2019appr\u00eate \u00e0 s\u2019attaquer \u00e0 Rio Tinto"}]},{"@type":"WebSite","@id":"https:\/\/admin.industriall-union.org\/#website","url":"https:\/\/admin.industriall-union.org\/","name":"industriall-union","description":"","potentialAction":[{"@type":"SearchAction","target":{"@type":"EntryPoint","urlTemplate":"https:\/\/admin.industriall-union.org\/?s={search_term_string}"},"query-input":{"@type":"PropertyValueSpecification","valueRequired":true,"valueName":"search_term_string"}}],"inLanguage":"fr-FR"}]}},"_links":{"self":[{"href":"https:\/\/admin.industriall-union.org\/fr\/wp-json\/wp\/v2\/article\/173546","targetHints":{"allow":["GET"]}}],"collection":[{"href":"https:\/\/admin.industriall-union.org\/fr\/wp-json\/wp\/v2\/article"}],"about":[{"href":"https:\/\/admin.industriall-union.org\/fr\/wp-json\/wp\/v2\/types\/article"}],"wp:attachment":[{"href":"https:\/\/admin.industriall-union.org\/fr\/wp-json\/wp\/v2\/media?parent=173546"}],"wp:term":[{"taxonomy":"issues","embeddable":true,"href":"https:\/\/admin.industriall-union.org\/fr\/wp-json\/wp\/v2\/issues?post=173546"},{"taxonomy":"companies","embeddable":true,"href":"https:\/\/admin.industriall-union.org\/fr\/wp-json\/wp\/v2\/companies?post=173546"},{"taxonomy":"regions","embeddable":true,"href":"https:\/\/admin.industriall-union.org\/fr\/wp-json\/wp\/v2\/regions?post=173546"},{"taxonomy":"sectors","embeddable":true,"href":"https:\/\/admin.industriall-union.org\/fr\/wp-json\/wp\/v2\/sectors?post=173546"},{"taxonomy":"article_tags","embeddable":true,"href":"https:\/\/admin.industriall-union.org\/fr\/wp-json\/wp\/v2\/article_tags?post=173546"}],"curies":[{"name":"wp","href":"https:\/\/api.w.org\/{rel}","templated":true}]}}