{"id":173493,"date":"2013-07-22T08:20:26","date_gmt":"2013-07-22T08:20:26","guid":{"rendered":"https:\/\/admin.industriall-union.org\/il-est-temps-d-agir-conformement-a-la-volonte-des-populations\/"},"modified":"2025-02-08T09:47:17","modified_gmt":"2025-02-08T09:47:17","slug":"il-est-temps-d-agir-conformement-a-la-volonte-des-populations","status":"publish","type":"article","link":"https:\/\/admin.industriall-union.org\/fr\/il-est-temps-d-agir-conformement-a-la-volonte-des-populations\/","title":{"rendered":"Il est temps d\u2019agir conform\u00e9ment \u00e0 la volont\u00e9 des populations"},"content":{"rendered":"<p><a href=\"http:\/\/www.ituc-csi.org\/international-poll-by-l20-reveals\">Le sondage publi\u00e9 le 17 juillet 2013 par la Conf\u00e9d\u00e9ration syndicale internationale CSI<\/a>&nbsp;est r\u00e9ellement repr\u00e9sentatif. Les questions ont \u00e9t\u00e9 pos\u00e9es \u00e0 un \u00e9chantillon de 13.000 personnes dans de nombreux pays &ndash; Belgique, Br\u00e9sil, Canada, Chine, France, Allemagne, Inde, Japon, Russie, Espagne, Afrique du Sud, Royaume-Uni et \u00c9tats-Unis, repr\u00e9sentant les opinions de 3,7 milliards de personnes.<\/p><p>Le sondage mondial de la CSI &ndash; <a href=\"http:\/\/www.ituc-csi.org\/IMG\/pdf\/ituc_13_g20labour_financeministers_july2013_12072013.pdf\">ITUC Global Poll<\/a> &ndash; est une lecture int\u00e9ressante. Malgr\u00e9 des diff\u00e9rences \u00e9videntes entre divers pays, le message de base des personnes sond\u00e9es est clair. Les gens se sentent abandonn\u00e9s par leurs gouvernements.<\/p><p>Selon 80 pour cent des votants, leur gouvernement n&rsquo;a pas r\u00e9ussi \u00e0 lutter efficacement contre le ch\u00f4mage. Seuls 13 pour cent croient que leur gouvernement place les int\u00e9r\u00eats des familles de travailleurs et travailleuses au centre de leurs pr\u00e9occupations.<\/p><p>Au vu de ce qui se passe dans diff\u00e9rents pays, il n&rsquo;est pas surprenant que les populations aient le sentiment que les gouvernements accordent la priorit\u00e9 aux int\u00e9r\u00eats des entreprises, \u00e0 sauver les banques plut\u00f4t que de sauver les gens. Le ch\u00f4mage et les in\u00e9galit\u00e9s augmentent. Il n&rsquo;est pas \u00e9tonnant que les gens descendent dans les rues dans diff\u00e9rentes parties du monde.<\/p><p>Les personnes sond\u00e9es expriment l&rsquo;opinion presque unanime de ce qu&rsquo;elles attendent de leurs gouvernements:<\/p><ul><li>Des soins m\u00e9dicaux \u00e0 un prix abordable (97%)<\/li><li>Une \u00e9ducation \u00e0 un prix abordable (97%)<\/li><li>Une pension de retraite d\u00e9cente (96%)<\/li><li>Un acc\u00e8s abordable \u00e0 la protection et garde des enfants (92%)<\/li><li>Des allocations de ch\u00f4mage (88%)<\/li><\/ul><p>Ces demandes refl\u00e8tent la r\u00e9alit\u00e9 de notre monde o\u00f9 80 pour cent des populations n&rsquo;ont pas d&rsquo;assurance maladie ou de retraite. Dans le cadre de notre action politique, IndustriALL va se joindre \u00e0 la CSI dans une campagne de mobilisation des travailleurs et travailleuses et des syndicats pour un <a href=\"http:\/\/www.ilo.org\/secsoc\/areas-of-work\/policy-development-and-applied-research\/social-protection-floor\/lang--en\/index.htm\">plancher de protection sociale<\/a>. Nous avons besoin de la garantie que ces droits fondamentaux de la personne s&rsquo;appliquent \u00e0 tous les citoyens et citoyennes.<\/p><p>La cr\u00e9ation d&rsquo;emplois de qualit\u00e9 reste une priorit\u00e9 de premier ordre. Plus de 200 millions de personnes n&rsquo;ont pas de travail dans le monde. Et dans ce nombre, 75 millions ont moins de 25 ans. Les personnes sond\u00e9es dans l&rsquo;enqu\u00eate mondiale de la CSI expriment des demandes claires \u00e0 leurs gouvernements sur la fa\u00e7on de relancer l&rsquo;emploi et de r\u00e9duire les in\u00e9galit\u00e9s:<\/p><ul><li>Investir dans l&rsquo;\u00e9ducation, la recherche et les nouvelles technologies (92%)<\/li><li>Investir dans l&rsquo;\u00e9nergie propre et les industries li\u00e9es \u00e0 l&rsquo;environnement (88%)<\/li><li>Mettre fin \u00e0 la fraude fiscale (86%) et augmenter l&rsquo;imposition des grandes entreprises (80%)<\/li><\/ul><p>IndustriALL soutient la campagne internationale pour la <a href=\"http:\/\/www.world-psi.org\/en\/win-quality-public-services-we-must-have-tax-justice\">justice fiscale<\/a> et contre les paradis fiscaux. Malgr\u00e9 quelques mesures modestes adopt\u00e9es par les gouvernements, les grandes entreprises multinationales et les riches \u00e9chappent activement au fisc. Nous avons besoin de ces milliards perdus pour avoir une protection sociale et des services publics de qualit\u00e9.<\/p><p>Tout cela est une question de valeur et de volont\u00e9 politique. Les syndicats doivent \u00eatre des acteurs politiques. Nous devons nous mobiliser pour s&rsquo;assurer que nous avons dans les gouvernements et les parlements des d\u00e9cideurs qui donneront aux populations ce qu&rsquo;elles veulent obtenir.<\/p><p>Jyrki Raina<\/p><p>Secr\u00e9taire g\u00e9n\u00e9ral<\/p>","protected":false},"featured_media":0,"template":"","issues":[],"companies":[],"regions":[],"sectors":[],"article_tags":[510],"class_list":["post-173493","article","type-article","status-publish","hentry","article_tags-gs-corner"],"acf":[],"yoast_head":"<!-- This site is optimized with the Yoast SEO Premium plugin v27.1 (Yoast SEO v27.1) - https:\/\/yoast.com\/product\/yoast-seo-premium-wordpress\/ -->\n<title>Il est temps d\u2019agir conform\u00e9ment \u00e0 la volont\u00e9 des populations - industriall-union<\/title>\n<meta name=\"description\" content=\"Le sondage publi\u00e9 le 17 juillet 2013 par la Conf\u00e9d\u00e9ration syndicale internationale CSI&nbsp;est r\u00e9ellement repr\u00e9sentatif. Les questions ont \u00e9t\u00e9 pos\u00e9es \u00e0\" \/>\n<meta name=\"robots\" content=\"index, follow, max-snippet:-1, max-image-preview:large, max-video-preview:-1\" \/>\n<link rel=\"canonical\" href=\"https:\/\/admin.industriall-union.org\/fr\/il-est-temps-d-agir-conformement-a-la-volonte-des-populations\/\" \/>\n<meta property=\"og:locale\" content=\"fr_FR\" \/>\n<meta property=\"og:type\" content=\"article\" \/>\n<meta property=\"og:title\" content=\"Il est temps d\u2019agir conform\u00e9ment \u00e0 la volont\u00e9 des populations\" \/>\n<meta property=\"og:description\" content=\"Le sondage publi\u00e9 le 17 juillet 2013 par la Conf\u00e9d\u00e9ration syndicale internationale CSI&nbsp;est r\u00e9ellement repr\u00e9sentatif. Les questions ont \u00e9t\u00e9 pos\u00e9es \u00e0\" \/>\n<meta property=\"og:url\" content=\"https:\/\/admin.industriall-union.org\/fr\/il-est-temps-d-agir-conformement-a-la-volonte-des-populations\/\" \/>\n<meta property=\"og:site_name\" content=\"industriall-union\" \/>\n<meta property=\"article:modified_time\" content=\"2025-02-08T09:47:17+00:00\" \/>\n<meta name=\"twitter:card\" content=\"summary_large_image\" \/>\n<meta name=\"twitter:label1\" content=\"Est. reading time\" \/>\n\t<meta name=\"twitter:data1\" content=\"3 minutes\" \/>\n<script type=\"application\/ld+json\" class=\"yoast-schema-graph\">{\"@context\":\"https:\/\/schema.org\",\"@graph\":[{\"@type\":\"WebPage\",\"@id\":\"https:\/\/admin.industriall-union.org\/fr\/il-est-temps-d-agir-conformement-a-la-volonte-des-populations\/\",\"url\":\"https:\/\/admin.industriall-union.org\/fr\/il-est-temps-d-agir-conformement-a-la-volonte-des-populations\/\",\"name\":\"Il est temps d\u2019agir conform\u00e9ment \u00e0 la volont\u00e9 des populations - industriall-union\",\"isPartOf\":{\"@id\":\"https:\/\/admin.industriall-union.org\/#website\"},\"datePublished\":\"2013-07-22T08:20:26+00:00\",\"dateModified\":\"2025-02-08T09:47:17+00:00\",\"description\":\"Le sondage publi\u00e9 le 17 juillet 2013 par la Conf\u00e9d\u00e9ration syndicale internationale CSI&nbsp;est r\u00e9ellement repr\u00e9sentatif. Les questions ont \u00e9t\u00e9 pos\u00e9es \u00e0\",\"breadcrumb\":{\"@id\":\"https:\/\/admin.industriall-union.org\/fr\/il-est-temps-d-agir-conformement-a-la-volonte-des-populations\/#breadcrumb\"},\"inLanguage\":\"fr-FR\",\"potentialAction\":[{\"@type\":\"ReadAction\",\"target\":[\"https:\/\/admin.industriall-union.org\/fr\/il-est-temps-d-agir-conformement-a-la-volonte-des-populations\/\"]}]},{\"@type\":\"BreadcrumbList\",\"@id\":\"https:\/\/admin.industriall-union.org\/fr\/il-est-temps-d-agir-conformement-a-la-volonte-des-populations\/#breadcrumb\",\"itemListElement\":[{\"@type\":\"ListItem\",\"position\":1,\"name\":\"Home\",\"item\":\"https:\/\/admin.industriall-union.org\/\"},{\"@type\":\"ListItem\",\"position\":2,\"name\":\"Articles\",\"item\":\"https:\/\/admin.industriall-union.org\/article\/\"},{\"@type\":\"ListItem\",\"position\":3,\"name\":\"Il est temps d\u2019agir conform\u00e9ment \u00e0 la volont\u00e9 des populations\"}]},{\"@type\":\"WebSite\",\"@id\":\"https:\/\/admin.industriall-union.org\/#website\",\"url\":\"https:\/\/admin.industriall-union.org\/\",\"name\":\"industriall-union\",\"description\":\"\",\"potentialAction\":[{\"@type\":\"SearchAction\",\"target\":{\"@type\":\"EntryPoint\",\"urlTemplate\":\"https:\/\/admin.industriall-union.org\/?s={search_term_string}\"},\"query-input\":{\"@type\":\"PropertyValueSpecification\",\"valueRequired\":true,\"valueName\":\"search_term_string\"}}],\"inLanguage\":\"fr-FR\"}]}<\/script>\n<!-- \/ Yoast SEO Premium plugin. -->","yoast_head_json":{"title":"Il est temps d\u2019agir conform\u00e9ment \u00e0 la volont\u00e9 des populations - industriall-union","description":"Le sondage publi\u00e9 le 17 juillet 2013 par la Conf\u00e9d\u00e9ration syndicale internationale CSI&nbsp;est r\u00e9ellement repr\u00e9sentatif. Les questions ont \u00e9t\u00e9 pos\u00e9es \u00e0","robots":{"index":"index","follow":"follow","max-snippet":"max-snippet:-1","max-image-preview":"max-image-preview:large","max-video-preview":"max-video-preview:-1"},"canonical":"https:\/\/admin.industriall-union.org\/fr\/il-est-temps-d-agir-conformement-a-la-volonte-des-populations\/","og_locale":"fr_FR","og_type":"article","og_title":"Il est temps d\u2019agir conform\u00e9ment \u00e0 la volont\u00e9 des populations","og_description":"Le sondage publi\u00e9 le 17 juillet 2013 par la Conf\u00e9d\u00e9ration syndicale internationale CSI&nbsp;est r\u00e9ellement repr\u00e9sentatif. Les questions ont \u00e9t\u00e9 pos\u00e9es \u00e0","og_url":"https:\/\/admin.industriall-union.org\/fr\/il-est-temps-d-agir-conformement-a-la-volonte-des-populations\/","og_site_name":"industriall-union","article_modified_time":"2025-02-08T09:47:17+00:00","twitter_card":"summary_large_image","twitter_misc":{"Est. reading time":"3 minutes"},"schema":{"@context":"https:\/\/schema.org","@graph":[{"@type":"WebPage","@id":"https:\/\/admin.industriall-union.org\/fr\/il-est-temps-d-agir-conformement-a-la-volonte-des-populations\/","url":"https:\/\/admin.industriall-union.org\/fr\/il-est-temps-d-agir-conformement-a-la-volonte-des-populations\/","name":"Il est temps d\u2019agir conform\u00e9ment \u00e0 la volont\u00e9 des populations - industriall-union","isPartOf":{"@id":"https:\/\/admin.industriall-union.org\/#website"},"datePublished":"2013-07-22T08:20:26+00:00","dateModified":"2025-02-08T09:47:17+00:00","description":"Le sondage publi\u00e9 le 17 juillet 2013 par la Conf\u00e9d\u00e9ration syndicale internationale CSI&nbsp;est r\u00e9ellement repr\u00e9sentatif. Les questions ont \u00e9t\u00e9 pos\u00e9es \u00e0","breadcrumb":{"@id":"https:\/\/admin.industriall-union.org\/fr\/il-est-temps-d-agir-conformement-a-la-volonte-des-populations\/#breadcrumb"},"inLanguage":"fr-FR","potentialAction":[{"@type":"ReadAction","target":["https:\/\/admin.industriall-union.org\/fr\/il-est-temps-d-agir-conformement-a-la-volonte-des-populations\/"]}]},{"@type":"BreadcrumbList","@id":"https:\/\/admin.industriall-union.org\/fr\/il-est-temps-d-agir-conformement-a-la-volonte-des-populations\/#breadcrumb","itemListElement":[{"@type":"ListItem","position":1,"name":"Home","item":"https:\/\/admin.industriall-union.org\/"},{"@type":"ListItem","position":2,"name":"Articles","item":"https:\/\/admin.industriall-union.org\/article\/"},{"@type":"ListItem","position":3,"name":"Il est temps d\u2019agir conform\u00e9ment \u00e0 la volont\u00e9 des populations"}]},{"@type":"WebSite","@id":"https:\/\/admin.industriall-union.org\/#website","url":"https:\/\/admin.industriall-union.org\/","name":"industriall-union","description":"","potentialAction":[{"@type":"SearchAction","target":{"@type":"EntryPoint","urlTemplate":"https:\/\/admin.industriall-union.org\/?s={search_term_string}"},"query-input":{"@type":"PropertyValueSpecification","valueRequired":true,"valueName":"search_term_string"}}],"inLanguage":"fr-FR"}]}},"_links":{"self":[{"href":"https:\/\/admin.industriall-union.org\/fr\/wp-json\/wp\/v2\/article\/173493","targetHints":{"allow":["GET"]}}],"collection":[{"href":"https:\/\/admin.industriall-union.org\/fr\/wp-json\/wp\/v2\/article"}],"about":[{"href":"https:\/\/admin.industriall-union.org\/fr\/wp-json\/wp\/v2\/types\/article"}],"wp:attachment":[{"href":"https:\/\/admin.industriall-union.org\/fr\/wp-json\/wp\/v2\/media?parent=173493"}],"wp:term":[{"taxonomy":"issues","embeddable":true,"href":"https:\/\/admin.industriall-union.org\/fr\/wp-json\/wp\/v2\/issues?post=173493"},{"taxonomy":"companies","embeddable":true,"href":"https:\/\/admin.industriall-union.org\/fr\/wp-json\/wp\/v2\/companies?post=173493"},{"taxonomy":"regions","embeddable":true,"href":"https:\/\/admin.industriall-union.org\/fr\/wp-json\/wp\/v2\/regions?post=173493"},{"taxonomy":"sectors","embeddable":true,"href":"https:\/\/admin.industriall-union.org\/fr\/wp-json\/wp\/v2\/sectors?post=173493"},{"taxonomy":"article_tags","embeddable":true,"href":"https:\/\/admin.industriall-union.org\/fr\/wp-json\/wp\/v2\/article_tags?post=173493"}],"curies":[{"name":"wp","href":"https:\/\/api.w.org\/{rel}","templated":true}]}}