{"id":173491,"date":"2013-07-22T08:29:34","date_gmt":"2013-07-22T08:29:34","guid":{"rendered":"https:\/\/admin.industriall-union.org\/7000-siderurgistes-turcs-en-greve\/"},"modified":"2025-02-08T09:46:59","modified_gmt":"2025-02-08T09:46:59","slug":"7000-siderurgistes-turcs-en-greve","status":"publish","type":"article","link":"https:\/\/admin.industriall-union.org\/fr\/7000-siderurgistes-turcs-en-greve\/","title":{"rendered":"7000 sid\u00e9rurgistes turcs en gr\u00e8ve"},"content":{"rendered":"<p>Celik-Is syndique les travailleurs chez Isdemir, la plus grande usine sid\u00e9rurgique int\u00e9gr\u00e9e en Turquie. \u00c0 la suite des n\u00e9gociations sur une convention collective qui ont dur\u00e9 plus de six mois, les salari\u00e9s ont d\u00e9cid\u00e9, la semaine derni\u00e8re, de se mettre en gr\u00e8ve. Celik-Is a d\u00e9clar\u00e9 que si le syndicat a fait preuve de bonne volont\u00e9 pendant toutes les n\u00e9gociations, l&rsquo;attitude intransigeante de la direction de l&rsquo;entreprise a finalement provoqu\u00e9 une gr\u00e8ve.<\/p><p>Avec 5000 gr\u00e9vistes sur un effectif de 5300 salari\u00e9s, la production de l&rsquo;usine est totalement arr\u00eat\u00e9e. Les familles des travailleurs montrent leur soutien en se rassemblant devant l&rsquo;usine. Malgr\u00e9 les obstacles cr\u00e9\u00e9s par la direction de l&rsquo;entreprise, Celik-Is a d\u00e9clar\u00e9 que la gr\u00e8ve se poursuivra jusqu&rsquo;\u00e0 ce que les gr\u00e9vistes obtiennent une v\u00e9ritable s\u00e9curit\u00e9 d&rsquo;emploi et des salaires \u00e9quitables.<\/p><p>Pendant ce temps, dans la m\u00eame ville, Celik-Is a lanc\u00e9 un deuxi\u00e8me ordre de gr\u00e8ve, concernant 1800 de ses membres dans la filiale de l&rsquo;entreprise russe de premier plan de production d&rsquo;acier et de m\u00e9taux MMK (entreprise sid\u00e9rurgique Magnitogorsk).<\/p><p>Les salari\u00e9s de MMK ont adh\u00e9r\u00e9 \u00e0 Celik-Is il y a eu de temps. \u00c0 la suite d&rsquo;une proc\u00e9dure judiciaire compliqu\u00e9e et bureaucratique, une certification de convention collective avait finalement \u00e9t\u00e9 d\u00e9livr\u00e9e par le minist\u00e8re du Travail et de la S\u00e9curit\u00e9 sociale. Mais apr\u00e8s avoir \u00e9chou\u00e9 en tentant de parvenir \u00e0 un accord dans les n\u00e9gociations collectives pour de meilleures conditions de travail, les membres de Celik-Is se sont mis en gr\u00e8ve le 21 juillet.<\/p><p>Le secr\u00e9taire g\u00e9n\u00e9ral Jyrki Raina a d\u00e9clar\u00e9 dans un message au pr\u00e9sident de Celik-Is, Ali Cengiz G\u00fcl:<\/p><p>&ldquo;IndustriALL Global Union salue les 7000 sid\u00e9rurgistes turcs en gr\u00e8ve pour obtenir de meilleures conditions de travail et de vie, et encourage tous ses affili\u00e9s, notamment dans le secteur de l&rsquo;acier, \u00e0 vous exprimer leur solidarit\u00e9&rdquo;.<\/p><p>Montrez votre soutien et adressez un message de solidarit\u00e9 \u00e0 <a href=\"mailto:celik@celik-is.org\">Celik-Is<\/a> avec une copie \u00e0 <a href=\"mailto:press-news@industriall-union.org\">IndustriALL Global Union<\/a>.<\/p>","protected":false},"featured_media":0,"template":"","issues":[],"companies":[],"regions":[],"sectors":[],"article_tags":[],"class_list":["post-173491","article","type-article","status-publish","hentry"],"acf":[],"yoast_head":"<!-- This site is optimized with the Yoast SEO Premium plugin v27.1 (Yoast SEO v27.1) - https:\/\/yoast.com\/product\/yoast-seo-premium-wordpress\/ -->\n<title>7000 sid\u00e9rurgistes turcs en gr\u00e8ve - industriall-union<\/title>\n<meta name=\"description\" content=\"Celik-Is syndique les travailleurs chez Isdemir, la plus grande usine sid\u00e9rurgique int\u00e9gr\u00e9e en Turquie. \u00c0 la suite des n\u00e9gociations sur une convention\" \/>\n<meta name=\"robots\" content=\"index, follow, max-snippet:-1, max-image-preview:large, max-video-preview:-1\" \/>\n<link rel=\"canonical\" href=\"https:\/\/admin.industriall-union.org\/fr\/7000-siderurgistes-turcs-en-greve\/\" \/>\n<meta property=\"og:locale\" content=\"fr_FR\" \/>\n<meta property=\"og:type\" content=\"article\" \/>\n<meta property=\"og:title\" content=\"7000 sid\u00e9rurgistes turcs en gr\u00e8ve\" \/>\n<meta property=\"og:description\" content=\"Celik-Is syndique les travailleurs chez Isdemir, la plus grande usine sid\u00e9rurgique int\u00e9gr\u00e9e en Turquie. \u00c0 la suite des n\u00e9gociations sur une convention\" \/>\n<meta property=\"og:url\" content=\"https:\/\/admin.industriall-union.org\/fr\/7000-siderurgistes-turcs-en-greve\/\" \/>\n<meta property=\"og:site_name\" content=\"industriall-union\" \/>\n<meta property=\"article:modified_time\" content=\"2025-02-08T09:46:59+00:00\" \/>\n<meta name=\"twitter:card\" content=\"summary_large_image\" \/>\n<meta name=\"twitter:label1\" content=\"Est. reading time\" \/>\n\t<meta name=\"twitter:data1\" content=\"2 minutes\" \/>\n<script type=\"application\/ld+json\" class=\"yoast-schema-graph\">{\"@context\":\"https:\/\/schema.org\",\"@graph\":[{\"@type\":\"WebPage\",\"@id\":\"https:\/\/admin.industriall-union.org\/fr\/7000-siderurgistes-turcs-en-greve\/\",\"url\":\"https:\/\/admin.industriall-union.org\/fr\/7000-siderurgistes-turcs-en-greve\/\",\"name\":\"7000 sid\u00e9rurgistes turcs en gr\u00e8ve - industriall-union\",\"isPartOf\":{\"@id\":\"https:\/\/admin.industriall-union.org\/#website\"},\"datePublished\":\"2013-07-22T08:29:34+00:00\",\"dateModified\":\"2025-02-08T09:46:59+00:00\",\"description\":\"Celik-Is syndique les travailleurs chez Isdemir, la plus grande usine sid\u00e9rurgique int\u00e9gr\u00e9e en Turquie. \u00c0 la suite des n\u00e9gociations sur une convention\",\"breadcrumb\":{\"@id\":\"https:\/\/admin.industriall-union.org\/fr\/7000-siderurgistes-turcs-en-greve\/#breadcrumb\"},\"inLanguage\":\"fr-FR\",\"potentialAction\":[{\"@type\":\"ReadAction\",\"target\":[\"https:\/\/admin.industriall-union.org\/fr\/7000-siderurgistes-turcs-en-greve\/\"]}]},{\"@type\":\"BreadcrumbList\",\"@id\":\"https:\/\/admin.industriall-union.org\/fr\/7000-siderurgistes-turcs-en-greve\/#breadcrumb\",\"itemListElement\":[{\"@type\":\"ListItem\",\"position\":1,\"name\":\"Home\",\"item\":\"https:\/\/admin.industriall-union.org\/\"},{\"@type\":\"ListItem\",\"position\":2,\"name\":\"Articles\",\"item\":\"https:\/\/admin.industriall-union.org\/article\/\"},{\"@type\":\"ListItem\",\"position\":3,\"name\":\"7000 sid\u00e9rurgistes turcs en gr\u00e8ve\"}]},{\"@type\":\"WebSite\",\"@id\":\"https:\/\/admin.industriall-union.org\/#website\",\"url\":\"https:\/\/admin.industriall-union.org\/\",\"name\":\"industriall-union\",\"description\":\"\",\"potentialAction\":[{\"@type\":\"SearchAction\",\"target\":{\"@type\":\"EntryPoint\",\"urlTemplate\":\"https:\/\/admin.industriall-union.org\/?s={search_term_string}\"},\"query-input\":{\"@type\":\"PropertyValueSpecification\",\"valueRequired\":true,\"valueName\":\"search_term_string\"}}],\"inLanguage\":\"fr-FR\"}]}<\/script>\n<!-- \/ Yoast SEO Premium plugin. -->","yoast_head_json":{"title":"7000 sid\u00e9rurgistes turcs en gr\u00e8ve - industriall-union","description":"Celik-Is syndique les travailleurs chez Isdemir, la plus grande usine sid\u00e9rurgique int\u00e9gr\u00e9e en Turquie. \u00c0 la suite des n\u00e9gociations sur une convention","robots":{"index":"index","follow":"follow","max-snippet":"max-snippet:-1","max-image-preview":"max-image-preview:large","max-video-preview":"max-video-preview:-1"},"canonical":"https:\/\/admin.industriall-union.org\/fr\/7000-siderurgistes-turcs-en-greve\/","og_locale":"fr_FR","og_type":"article","og_title":"7000 sid\u00e9rurgistes turcs en gr\u00e8ve","og_description":"Celik-Is syndique les travailleurs chez Isdemir, la plus grande usine sid\u00e9rurgique int\u00e9gr\u00e9e en Turquie. \u00c0 la suite des n\u00e9gociations sur une convention","og_url":"https:\/\/admin.industriall-union.org\/fr\/7000-siderurgistes-turcs-en-greve\/","og_site_name":"industriall-union","article_modified_time":"2025-02-08T09:46:59+00:00","twitter_card":"summary_large_image","twitter_misc":{"Est. reading time":"2 minutes"},"schema":{"@context":"https:\/\/schema.org","@graph":[{"@type":"WebPage","@id":"https:\/\/admin.industriall-union.org\/fr\/7000-siderurgistes-turcs-en-greve\/","url":"https:\/\/admin.industriall-union.org\/fr\/7000-siderurgistes-turcs-en-greve\/","name":"7000 sid\u00e9rurgistes turcs en gr\u00e8ve - industriall-union","isPartOf":{"@id":"https:\/\/admin.industriall-union.org\/#website"},"datePublished":"2013-07-22T08:29:34+00:00","dateModified":"2025-02-08T09:46:59+00:00","description":"Celik-Is syndique les travailleurs chez Isdemir, la plus grande usine sid\u00e9rurgique int\u00e9gr\u00e9e en Turquie. \u00c0 la suite des n\u00e9gociations sur une convention","breadcrumb":{"@id":"https:\/\/admin.industriall-union.org\/fr\/7000-siderurgistes-turcs-en-greve\/#breadcrumb"},"inLanguage":"fr-FR","potentialAction":[{"@type":"ReadAction","target":["https:\/\/admin.industriall-union.org\/fr\/7000-siderurgistes-turcs-en-greve\/"]}]},{"@type":"BreadcrumbList","@id":"https:\/\/admin.industriall-union.org\/fr\/7000-siderurgistes-turcs-en-greve\/#breadcrumb","itemListElement":[{"@type":"ListItem","position":1,"name":"Home","item":"https:\/\/admin.industriall-union.org\/"},{"@type":"ListItem","position":2,"name":"Articles","item":"https:\/\/admin.industriall-union.org\/article\/"},{"@type":"ListItem","position":3,"name":"7000 sid\u00e9rurgistes turcs en gr\u00e8ve"}]},{"@type":"WebSite","@id":"https:\/\/admin.industriall-union.org\/#website","url":"https:\/\/admin.industriall-union.org\/","name":"industriall-union","description":"","potentialAction":[{"@type":"SearchAction","target":{"@type":"EntryPoint","urlTemplate":"https:\/\/admin.industriall-union.org\/?s={search_term_string}"},"query-input":{"@type":"PropertyValueSpecification","valueRequired":true,"valueName":"search_term_string"}}],"inLanguage":"fr-FR"}]}},"_links":{"self":[{"href":"https:\/\/admin.industriall-union.org\/fr\/wp-json\/wp\/v2\/article\/173491","targetHints":{"allow":["GET"]}}],"collection":[{"href":"https:\/\/admin.industriall-union.org\/fr\/wp-json\/wp\/v2\/article"}],"about":[{"href":"https:\/\/admin.industriall-union.org\/fr\/wp-json\/wp\/v2\/types\/article"}],"wp:attachment":[{"href":"https:\/\/admin.industriall-union.org\/fr\/wp-json\/wp\/v2\/media?parent=173491"}],"wp:term":[{"taxonomy":"issues","embeddable":true,"href":"https:\/\/admin.industriall-union.org\/fr\/wp-json\/wp\/v2\/issues?post=173491"},{"taxonomy":"companies","embeddable":true,"href":"https:\/\/admin.industriall-union.org\/fr\/wp-json\/wp\/v2\/companies?post=173491"},{"taxonomy":"regions","embeddable":true,"href":"https:\/\/admin.industriall-union.org\/fr\/wp-json\/wp\/v2\/regions?post=173491"},{"taxonomy":"sectors","embeddable":true,"href":"https:\/\/admin.industriall-union.org\/fr\/wp-json\/wp\/v2\/sectors?post=173491"},{"taxonomy":"article_tags","embeddable":true,"href":"https:\/\/admin.industriall-union.org\/fr\/wp-json\/wp\/v2\/article_tags?post=173491"}],"curies":[{"name":"wp","href":"https:\/\/api.w.org\/{rel}","templated":true}]}}