{"id":173467,"date":"2013-07-25T09:10:12","date_gmt":"2013-07-25T09:10:12","guid":{"rendered":"https:\/\/admin.industriall-union.org\/les-marques-doivent-maintenant-indemniser-les-victimes-au-bangladesh\/"},"modified":"2025-02-08T09:41:20","modified_gmt":"2025-02-08T09:41:20","slug":"les-marques-doivent-maintenant-indemniser-les-victimes-au-bangladesh","status":"publish","type":"article","link":"https:\/\/admin.industriall-union.org\/fr\/les-marques-doivent-maintenant-indemniser-les-victimes-au-bangladesh\/","title":{"rendered":"Les marques doivent maintenant indemniser les victimes au Bangladesh"},"content":{"rendered":"<p>Il est temps pour ces responsables de comprendre et d&rsquo;indemniser les familles qui ont souffert de ces trag\u00e9dies qui auraient pu \u00eatre \u00e9vit\u00e9es. La responsabilit\u00e9 est partag\u00e9e entre les marques et les distributeurs qui s&rsquo;approvisionnent chez Tazreen et au Rana Plaza, les propri\u00e9taires d&rsquo;ateliers et de fabriques, l&rsquo;association patronale BGMEA et le gouvernement bangladais.<\/p><p>Le but est d&rsquo;utiliser les m\u00e9canismes d&rsquo;application des pratiques optimales d&rsquo;indemnisation en vigueur dans l&rsquo;industrie depuis l&rsquo;effondrement de la fabrique Spectrum au Bangladesh en 2005. Cette formule est conforme \u00e0 la convention 121 de l&rsquo;OIT sur les prestations en cas d&rsquo;accident du travail et de maladie professionnelle.<\/p><p>La formule \u00e9tablit des r\u00e8gles claires de paiement aux familles des travailleuses tu\u00e9es ou bless\u00e9es, en tenant compte des pertes de salaire, de la douleur et des souffrances, et \u00e9galement des soins m\u00e9dicaux, des frais fun\u00e9raires et autres d\u00e9penses importantes pour les familles. L&rsquo;indemnisation \u00e0 long terme pour le Rana Plaza est estim\u00e9e \u00e0 plus de 54 millions d&rsquo;euros (71 millions d&rsquo;USD). Pour Tazreen elle est de 4,3 millions d&rsquo;euros (5,7 millions d&rsquo;USD).<\/p><p><a href=\"http:\/\/www.industriall-union.org\/fr\/des-marques-europeennes-acceptent-dindemniser-les-victimes-chez-tazreen\">Des discussions bas\u00e9es sur ce cadre d&rsquo;indemnisation<\/a> ont d\u00e9j\u00e0 commenc\u00e9 pour les victimes et les survivantes de Tazreen. Certains acheteurs de Tazreen s&rsquo;\u00e9taient d\u00e9j\u00e0 engag\u00e9s \u00e0 verser des indemnisations, mais le processus s&rsquo;est trouv\u00e9 au point mort en avril quand les parties ont \u00e9t\u00e9 confront\u00e9es aux retomb\u00e9es du Rana Plaza et \u00e0 l&rsquo;\u00e9tablissement d&rsquo;un Accord sur les mesures de s\u00e9curit\u00e9 qui ont trait aux incendies et aux b\u00e2timents au Bangladesh.&nbsp;<\/p><p>Raina, secr\u00e9taire g\u00e9n\u00e9ral de IndustriALL Global, a d\u00e9clar\u00e9 \u00e0 cette occasion:<\/p><blockquote><p>Toutes les marques qui s&rsquo;approvisionnent dans ces deux fabriques ont \u00e9t\u00e9 invit\u00e9es aux discussions \u00e0 Dacca. IndustriALL esp\u00e8re pouvoir travailler avec les entreprises qui s&rsquo;engagent \u00e0 apporter un peu de justice aux personnes d\u00e9c\u00e9d\u00e9es et bless\u00e9es et aux familles. Les marques qui ignorent cette occasion qui leur est donn\u00e9e auront \u00e0 faire face \u00e0 de graves critiques.<\/p><\/blockquote><p>Le travail autour de la question de l&rsquo;indemnisation ne rel\u00e8ve pas de l&rsquo;Accord sur les mesures de s\u00e9curit\u00e9 qui ont trait aux incendies et aux b\u00e2timents au Bangladesh. Mais le puissant esprit de coop\u00e9ration issu de l&rsquo;Accord alimente le processus.<\/p><p>Le secr\u00e9taire g\u00e9n\u00e9ral a ensuite ajout\u00e9:<\/p><blockquote><p>C&rsquo;est une priorit\u00e9 clairement \u00e9tablie pour IndustriALL que de respecter les normes internationales sur cette question importante de l&rsquo;indemnisation pour le Rana Plaza et Tazreen. Nous devons concr\u00e9tiser ensemble cette formule qui a d\u00e9j\u00e0 \u00e9t\u00e9 utilis\u00e9e au Bangladesh et au Cambodge. Ce que nous voulons tous, c&rsquo;est que le m\u00e9canisme convenu dans l&rsquo;Accord au Bangladesh soit rapidement appliqu\u00e9 dans la r\u00e9alit\u00e9 pour que l&rsquo;indemnisation des travailleuses d\u00e9c\u00e9d\u00e9es et bless\u00e9es dans la confection au Bangladesh rel\u00e8ve d&rsquo;une chose du pass\u00e9.<\/p><\/blockquote><p>IndustriALL travaille en partenariat avec diverses ONG. Sur cette question importante de l&rsquo;indemnisation, la campagne v\u00eatements propres (Clean Clothes Campaign) apporte une contribution essentielle.<\/p><p>Contacts:<br \/>IndustriALL Global Union: Tom Grinter &#8211;&nbsp;<a href=\"mailto:TGrinter@industriALL-Union.org\">tgrinter@industriall-union.org<\/a>&nbsp;+41796934499<br \/>Clean Clothes Campaign: Liz Parker &#8211;&nbsp;<a href=\"mailto:liz@cleanclothes.org\">liz@cleanclothes.org<\/a>&nbsp;+44 1225571912<\/p>","protected":false},"featured_media":0,"template":"","issues":[414],"companies":[],"regions":[159],"sectors":[465,468],"article_tags":[521],"class_list":["post-173467","article","type-article","status-publish","hentry","issues-action-on-bangladesh","regions-bangladesh","sectors-garment","sectors-textile-industry","article_tags-press-release"],"acf":[],"yoast_head":"<!-- This site is optimized with the Yoast SEO Premium plugin v27.1 (Yoast SEO v27.1) - https:\/\/yoast.com\/product\/yoast-seo-premium-wordpress\/ -->\n<title>Les marques doivent maintenant indemniser les victimes au Bangladesh - industriall-union<\/title>\n<meta name=\"description\" content=\"Il est temps pour ces responsables de comprendre et d&rsquo;indemniser les familles qui ont souffert de ces trag\u00e9dies qui auraient pu \u00eatre \u00e9vit\u00e9es. La\" \/>\n<meta name=\"robots\" content=\"index, follow, max-snippet:-1, max-image-preview:large, max-video-preview:-1\" \/>\n<link rel=\"canonical\" href=\"https:\/\/admin.industriall-union.org\/fr\/les-marques-doivent-maintenant-indemniser-les-victimes-au-bangladesh\/\" \/>\n<meta property=\"og:locale\" content=\"fr_FR\" \/>\n<meta property=\"og:type\" content=\"article\" \/>\n<meta property=\"og:title\" content=\"Les marques doivent maintenant indemniser les victimes au Bangladesh\" \/>\n<meta property=\"og:description\" content=\"Il est temps pour ces responsables de comprendre et d&rsquo;indemniser les familles qui ont souffert de ces trag\u00e9dies qui auraient pu \u00eatre \u00e9vit\u00e9es. La\" \/>\n<meta property=\"og:url\" content=\"https:\/\/admin.industriall-union.org\/fr\/les-marques-doivent-maintenant-indemniser-les-victimes-au-bangladesh\/\" \/>\n<meta property=\"og:site_name\" content=\"industriall-union\" \/>\n<meta property=\"article:modified_time\" content=\"2025-02-08T09:41:20+00:00\" \/>\n<meta name=\"twitter:card\" content=\"summary_large_image\" \/>\n<meta name=\"twitter:label1\" content=\"Est. reading time\" \/>\n\t<meta name=\"twitter:data1\" content=\"3 minutes\" \/>\n<script type=\"application\/ld+json\" class=\"yoast-schema-graph\">{\"@context\":\"https:\/\/schema.org\",\"@graph\":[{\"@type\":\"WebPage\",\"@id\":\"https:\/\/admin.industriall-union.org\/fr\/les-marques-doivent-maintenant-indemniser-les-victimes-au-bangladesh\/\",\"url\":\"https:\/\/admin.industriall-union.org\/fr\/les-marques-doivent-maintenant-indemniser-les-victimes-au-bangladesh\/\",\"name\":\"Les marques doivent maintenant indemniser les victimes au Bangladesh - industriall-union\",\"isPartOf\":{\"@id\":\"https:\/\/admin.industriall-union.org\/#website\"},\"datePublished\":\"2013-07-25T09:10:12+00:00\",\"dateModified\":\"2025-02-08T09:41:20+00:00\",\"description\":\"Il est temps pour ces responsables de comprendre et d&rsquo;indemniser les familles qui ont souffert de ces trag\u00e9dies qui auraient pu \u00eatre \u00e9vit\u00e9es. La\",\"breadcrumb\":{\"@id\":\"https:\/\/admin.industriall-union.org\/fr\/les-marques-doivent-maintenant-indemniser-les-victimes-au-bangladesh\/#breadcrumb\"},\"inLanguage\":\"fr-FR\",\"potentialAction\":[{\"@type\":\"ReadAction\",\"target\":[\"https:\/\/admin.industriall-union.org\/fr\/les-marques-doivent-maintenant-indemniser-les-victimes-au-bangladesh\/\"]}]},{\"@type\":\"BreadcrumbList\",\"@id\":\"https:\/\/admin.industriall-union.org\/fr\/les-marques-doivent-maintenant-indemniser-les-victimes-au-bangladesh\/#breadcrumb\",\"itemListElement\":[{\"@type\":\"ListItem\",\"position\":1,\"name\":\"Home\",\"item\":\"https:\/\/admin.industriall-union.org\/\"},{\"@type\":\"ListItem\",\"position\":2,\"name\":\"Articles\",\"item\":\"https:\/\/admin.industriall-union.org\/article\/\"},{\"@type\":\"ListItem\",\"position\":3,\"name\":\"Les marques doivent maintenant indemniser les victimes au Bangladesh\"}]},{\"@type\":\"WebSite\",\"@id\":\"https:\/\/admin.industriall-union.org\/#website\",\"url\":\"https:\/\/admin.industriall-union.org\/\",\"name\":\"industriall-union\",\"description\":\"\",\"potentialAction\":[{\"@type\":\"SearchAction\",\"target\":{\"@type\":\"EntryPoint\",\"urlTemplate\":\"https:\/\/admin.industriall-union.org\/?s={search_term_string}\"},\"query-input\":{\"@type\":\"PropertyValueSpecification\",\"valueRequired\":true,\"valueName\":\"search_term_string\"}}],\"inLanguage\":\"fr-FR\"}]}<\/script>\n<!-- \/ Yoast SEO Premium plugin. -->","yoast_head_json":{"title":"Les marques doivent maintenant indemniser les victimes au Bangladesh - industriall-union","description":"Il est temps pour ces responsables de comprendre et d&rsquo;indemniser les familles qui ont souffert de ces trag\u00e9dies qui auraient pu \u00eatre \u00e9vit\u00e9es. La","robots":{"index":"index","follow":"follow","max-snippet":"max-snippet:-1","max-image-preview":"max-image-preview:large","max-video-preview":"max-video-preview:-1"},"canonical":"https:\/\/admin.industriall-union.org\/fr\/les-marques-doivent-maintenant-indemniser-les-victimes-au-bangladesh\/","og_locale":"fr_FR","og_type":"article","og_title":"Les marques doivent maintenant indemniser les victimes au Bangladesh","og_description":"Il est temps pour ces responsables de comprendre et d&rsquo;indemniser les familles qui ont souffert de ces trag\u00e9dies qui auraient pu \u00eatre \u00e9vit\u00e9es. La","og_url":"https:\/\/admin.industriall-union.org\/fr\/les-marques-doivent-maintenant-indemniser-les-victimes-au-bangladesh\/","og_site_name":"industriall-union","article_modified_time":"2025-02-08T09:41:20+00:00","twitter_card":"summary_large_image","twitter_misc":{"Est. reading time":"3 minutes"},"schema":{"@context":"https:\/\/schema.org","@graph":[{"@type":"WebPage","@id":"https:\/\/admin.industriall-union.org\/fr\/les-marques-doivent-maintenant-indemniser-les-victimes-au-bangladesh\/","url":"https:\/\/admin.industriall-union.org\/fr\/les-marques-doivent-maintenant-indemniser-les-victimes-au-bangladesh\/","name":"Les marques doivent maintenant indemniser les victimes au Bangladesh - industriall-union","isPartOf":{"@id":"https:\/\/admin.industriall-union.org\/#website"},"datePublished":"2013-07-25T09:10:12+00:00","dateModified":"2025-02-08T09:41:20+00:00","description":"Il est temps pour ces responsables de comprendre et d&rsquo;indemniser les familles qui ont souffert de ces trag\u00e9dies qui auraient pu \u00eatre \u00e9vit\u00e9es. La","breadcrumb":{"@id":"https:\/\/admin.industriall-union.org\/fr\/les-marques-doivent-maintenant-indemniser-les-victimes-au-bangladesh\/#breadcrumb"},"inLanguage":"fr-FR","potentialAction":[{"@type":"ReadAction","target":["https:\/\/admin.industriall-union.org\/fr\/les-marques-doivent-maintenant-indemniser-les-victimes-au-bangladesh\/"]}]},{"@type":"BreadcrumbList","@id":"https:\/\/admin.industriall-union.org\/fr\/les-marques-doivent-maintenant-indemniser-les-victimes-au-bangladesh\/#breadcrumb","itemListElement":[{"@type":"ListItem","position":1,"name":"Home","item":"https:\/\/admin.industriall-union.org\/"},{"@type":"ListItem","position":2,"name":"Articles","item":"https:\/\/admin.industriall-union.org\/article\/"},{"@type":"ListItem","position":3,"name":"Les marques doivent maintenant indemniser les victimes au Bangladesh"}]},{"@type":"WebSite","@id":"https:\/\/admin.industriall-union.org\/#website","url":"https:\/\/admin.industriall-union.org\/","name":"industriall-union","description":"","potentialAction":[{"@type":"SearchAction","target":{"@type":"EntryPoint","urlTemplate":"https:\/\/admin.industriall-union.org\/?s={search_term_string}"},"query-input":{"@type":"PropertyValueSpecification","valueRequired":true,"valueName":"search_term_string"}}],"inLanguage":"fr-FR"}]}},"_links":{"self":[{"href":"https:\/\/admin.industriall-union.org\/fr\/wp-json\/wp\/v2\/article\/173467","targetHints":{"allow":["GET"]}}],"collection":[{"href":"https:\/\/admin.industriall-union.org\/fr\/wp-json\/wp\/v2\/article"}],"about":[{"href":"https:\/\/admin.industriall-union.org\/fr\/wp-json\/wp\/v2\/types\/article"}],"wp:attachment":[{"href":"https:\/\/admin.industriall-union.org\/fr\/wp-json\/wp\/v2\/media?parent=173467"}],"wp:term":[{"taxonomy":"issues","embeddable":true,"href":"https:\/\/admin.industriall-union.org\/fr\/wp-json\/wp\/v2\/issues?post=173467"},{"taxonomy":"companies","embeddable":true,"href":"https:\/\/admin.industriall-union.org\/fr\/wp-json\/wp\/v2\/companies?post=173467"},{"taxonomy":"regions","embeddable":true,"href":"https:\/\/admin.industriall-union.org\/fr\/wp-json\/wp\/v2\/regions?post=173467"},{"taxonomy":"sectors","embeddable":true,"href":"https:\/\/admin.industriall-union.org\/fr\/wp-json\/wp\/v2\/sectors?post=173467"},{"taxonomy":"article_tags","embeddable":true,"href":"https:\/\/admin.industriall-union.org\/fr\/wp-json\/wp\/v2\/article_tags?post=173467"}],"curies":[{"name":"wp","href":"https:\/\/api.w.org\/{rel}","templated":true}]}}