{"id":173311,"date":"2013-09-03T16:21:55","date_gmt":"2013-09-03T16:21:55","guid":{"rendered":"https:\/\/admin.industriall-union.org\/un-porte-parole-pour-les-travailleurs-aux-fidji\/"},"modified":"2025-02-08T09:17:34","modified_gmt":"2025-02-08T09:17:34","slug":"un-porte-parole-pour-les-travailleurs-aux-fidji","status":"publish","type":"article","link":"https:\/\/admin.industriall-union.org\/fr\/un-porte-parole-pour-les-travailleurs-aux-fidji\/","title":{"rendered":"Un porte-parole pour les travailleurs aux Fidji"},"content":{"rendered":"<p>Malgr\u00e9 les difficult\u00e9s que conna\u00eet le mouvement syndical aux Fidji, l&#039;action de syndicalisation de la base men\u00e9e par le NUFCW rencontre le succ\u00e8s aupr\u00e8s des travailleurs, le syndicat devenant ainsi le porte-parole de travailleurs qui, avant, n&#039;avaient pas le moyen de se faire entendre.<\/p><p>IndustriALL et le NUFCW ont lanc\u00e9 ce projet apr\u00e8s une r\u00e9union de planification qui s&#039;\u00e9tait tenue plus t\u00f4t dans l&#039;ann\u00e9e \u00e0 Sydney, en Australie, et pendant laquelle des dirigeants syndicaux d&#039;un large \u00e9ventail d&#039;industries ont pu \u00e9changer leurs id\u00e9es et comparer leurs exp\u00e9riences. La principale conclusion de cette r\u00e9union \u00e9tait que les travailleurs fidjiens ont besoin d&#039;un porte-parole sur le lieu de travail et que des questions aussi vitales que la sant\u00e9 et la s\u00e9curit\u00e9, les conditions de travail et les conditions d&#039;emploi ne doivent pas \u00eatre laiss\u00e9es au seul bon vouloir de l&#039;employeur.<\/p><p>Cette r\u00e9union de planification fut aussi l&#039;occasion de discuter et d&#039;\u00e9laborer des strat\u00e9gies \u00e0 propos de questions essentielles telles que la durabilit\u00e9 et la mise en place de liens tout au long des cha\u00eenes d&#039;approvisionnement. IndustriALL et la F\u00e9d\u00e9ration internationale des ouvriers du transport (ITF) travaillent en \u00e9troite collaboration \u00e0 la r\u00e9alisation de cet objectif.<\/p><p>Le Secr\u00e9taire g\u00e9n\u00e9ral du NUFCW, John Mudaliar, est convaincu que &quot;le mouvement syndical des Fidji doit se faire le porte-parole du plus grand nombre possible de travailleurs et l&#039;action communautaire est le meilleur moyen d&#039;y parvenir&quot;. Les travailleurs fidjiens semblent aussi de cet avis et l&#039;essor du NUFCW est la preuve que cette strat\u00e9gie fonctionne. La syndicalisation n&#039;est pas chose ais\u00e9e aux Fidji et beaucoup d&#039;employeurs trouvent des moyens d&#039;emp\u00eacher que des syndicats soient reconnus.<\/p><p>Les travailleuses ont elles aussi une place importante dans la strat\u00e9gie de croissance du syndicat et 30 pour cent des adh\u00e9rents du NUFCW sont des femmes. En plus de leur participation \u00e0 l&#039;activit\u00e9 g\u00e9n\u00e9rale du syndicat, les femmes ont aussi leurs propres programmes. Dans certaines industries, elles constituent la majorit\u00e9 du personnel et sont vitales pour l&#039;organisation d&#039;activit\u00e9s.<\/p><p>Pour Rob Johnston, Directeur ex\u00e9cutif \u00e0 IndustriALL, &quot;\u00eatre le porte-parole des travailleurs sur les questions se rapportant au lieu de travail est une fonction essentielle des syndicats. Pour les Fidji, il nous faut une campagne \u00e0 plusieurs volets qui tienne compte du contexte dans lequel les syndicats doivent \u00e9voluer et s&#039;efforce de le changer et, en m\u00eame temps, nous devons susciter l&#039;int\u00e9r\u00eat des travailleurs fidjiens en nous concentrant sur leurs probl\u00e8mes quotidiens&quot;.<\/p>","protected":false},"featured_media":0,"template":"","issues":[396,425],"companies":[],"regions":[164],"sectors":[],"article_tags":[],"class_list":["post-173311","article","type-article","status-publish","hentry","issues-building-strong-unions","issues-workers-rights","regions-fiji"],"acf":[],"yoast_head":"<!-- This site is optimized with the Yoast SEO Premium plugin v27.1 (Yoast SEO v27.1) - https:\/\/yoast.com\/product\/yoast-seo-premium-wordpress\/ -->\n<title>Un porte-parole pour les travailleurs aux Fidji - industriall-union<\/title>\n<meta name=\"description\" content=\"Malgr\u00e9 les difficult\u00e9s que conna\u00eet le mouvement syndical aux Fidji, l&#039;action de syndicalisation de la base men\u00e9e par le NUFCW rencontre le succ\u00e8s\" \/>\n<meta name=\"robots\" content=\"index, follow, max-snippet:-1, max-image-preview:large, max-video-preview:-1\" \/>\n<link rel=\"canonical\" href=\"https:\/\/admin.industriall-union.org\/fr\/un-porte-parole-pour-les-travailleurs-aux-fidji\/\" \/>\n<meta property=\"og:locale\" content=\"fr_FR\" \/>\n<meta property=\"og:type\" content=\"article\" \/>\n<meta property=\"og:title\" content=\"Un porte-parole pour les travailleurs aux Fidji\" \/>\n<meta property=\"og:description\" content=\"Malgr\u00e9 les difficult\u00e9s que conna\u00eet le mouvement syndical aux Fidji, l&#039;action de syndicalisation de la base men\u00e9e par le NUFCW rencontre le succ\u00e8s\" \/>\n<meta property=\"og:url\" content=\"https:\/\/admin.industriall-union.org\/fr\/un-porte-parole-pour-les-travailleurs-aux-fidji\/\" \/>\n<meta property=\"og:site_name\" content=\"industriall-union\" \/>\n<meta property=\"article:modified_time\" content=\"2025-02-08T09:17:34+00:00\" \/>\n<meta name=\"twitter:card\" content=\"summary_large_image\" \/>\n<meta name=\"twitter:label1\" content=\"Est. reading time\" \/>\n\t<meta name=\"twitter:data1\" content=\"2 minutes\" \/>\n<script type=\"application\/ld+json\" class=\"yoast-schema-graph\">{\"@context\":\"https:\/\/schema.org\",\"@graph\":[{\"@type\":\"WebPage\",\"@id\":\"https:\/\/admin.industriall-union.org\/fr\/un-porte-parole-pour-les-travailleurs-aux-fidji\/\",\"url\":\"https:\/\/admin.industriall-union.org\/fr\/un-porte-parole-pour-les-travailleurs-aux-fidji\/\",\"name\":\"Un porte-parole pour les travailleurs aux Fidji - industriall-union\",\"isPartOf\":{\"@id\":\"https:\/\/admin.industriall-union.org\/#website\"},\"datePublished\":\"2013-09-03T16:21:55+00:00\",\"dateModified\":\"2025-02-08T09:17:34+00:00\",\"description\":\"Malgr\u00e9 les difficult\u00e9s que conna\u00eet le mouvement syndical aux Fidji, l&#039;action de syndicalisation de la base men\u00e9e par le NUFCW rencontre le succ\u00e8s\",\"breadcrumb\":{\"@id\":\"https:\/\/admin.industriall-union.org\/fr\/un-porte-parole-pour-les-travailleurs-aux-fidji\/#breadcrumb\"},\"inLanguage\":\"fr-FR\",\"potentialAction\":[{\"@type\":\"ReadAction\",\"target\":[\"https:\/\/admin.industriall-union.org\/fr\/un-porte-parole-pour-les-travailleurs-aux-fidji\/\"]}]},{\"@type\":\"BreadcrumbList\",\"@id\":\"https:\/\/admin.industriall-union.org\/fr\/un-porte-parole-pour-les-travailleurs-aux-fidji\/#breadcrumb\",\"itemListElement\":[{\"@type\":\"ListItem\",\"position\":1,\"name\":\"Home\",\"item\":\"https:\/\/admin.industriall-union.org\/\"},{\"@type\":\"ListItem\",\"position\":2,\"name\":\"Articles\",\"item\":\"https:\/\/admin.industriall-union.org\/article\/\"},{\"@type\":\"ListItem\",\"position\":3,\"name\":\"Un porte-parole pour les travailleurs aux Fidji\"}]},{\"@type\":\"WebSite\",\"@id\":\"https:\/\/admin.industriall-union.org\/#website\",\"url\":\"https:\/\/admin.industriall-union.org\/\",\"name\":\"industriall-union\",\"description\":\"\",\"potentialAction\":[{\"@type\":\"SearchAction\",\"target\":{\"@type\":\"EntryPoint\",\"urlTemplate\":\"https:\/\/admin.industriall-union.org\/?s={search_term_string}\"},\"query-input\":{\"@type\":\"PropertyValueSpecification\",\"valueRequired\":true,\"valueName\":\"search_term_string\"}}],\"inLanguage\":\"fr-FR\"}]}<\/script>\n<!-- \/ Yoast SEO Premium plugin. -->","yoast_head_json":{"title":"Un porte-parole pour les travailleurs aux Fidji - industriall-union","description":"Malgr\u00e9 les difficult\u00e9s que conna\u00eet le mouvement syndical aux Fidji, l&#039;action de syndicalisation de la base men\u00e9e par le NUFCW rencontre le succ\u00e8s","robots":{"index":"index","follow":"follow","max-snippet":"max-snippet:-1","max-image-preview":"max-image-preview:large","max-video-preview":"max-video-preview:-1"},"canonical":"https:\/\/admin.industriall-union.org\/fr\/un-porte-parole-pour-les-travailleurs-aux-fidji\/","og_locale":"fr_FR","og_type":"article","og_title":"Un porte-parole pour les travailleurs aux Fidji","og_description":"Malgr\u00e9 les difficult\u00e9s que conna\u00eet le mouvement syndical aux Fidji, l&#039;action de syndicalisation de la base men\u00e9e par le NUFCW rencontre le succ\u00e8s","og_url":"https:\/\/admin.industriall-union.org\/fr\/un-porte-parole-pour-les-travailleurs-aux-fidji\/","og_site_name":"industriall-union","article_modified_time":"2025-02-08T09:17:34+00:00","twitter_card":"summary_large_image","twitter_misc":{"Est. reading time":"2 minutes"},"schema":{"@context":"https:\/\/schema.org","@graph":[{"@type":"WebPage","@id":"https:\/\/admin.industriall-union.org\/fr\/un-porte-parole-pour-les-travailleurs-aux-fidji\/","url":"https:\/\/admin.industriall-union.org\/fr\/un-porte-parole-pour-les-travailleurs-aux-fidji\/","name":"Un porte-parole pour les travailleurs aux Fidji - industriall-union","isPartOf":{"@id":"https:\/\/admin.industriall-union.org\/#website"},"datePublished":"2013-09-03T16:21:55+00:00","dateModified":"2025-02-08T09:17:34+00:00","description":"Malgr\u00e9 les difficult\u00e9s que conna\u00eet le mouvement syndical aux Fidji, l&#039;action de syndicalisation de la base men\u00e9e par le NUFCW rencontre le succ\u00e8s","breadcrumb":{"@id":"https:\/\/admin.industriall-union.org\/fr\/un-porte-parole-pour-les-travailleurs-aux-fidji\/#breadcrumb"},"inLanguage":"fr-FR","potentialAction":[{"@type":"ReadAction","target":["https:\/\/admin.industriall-union.org\/fr\/un-porte-parole-pour-les-travailleurs-aux-fidji\/"]}]},{"@type":"BreadcrumbList","@id":"https:\/\/admin.industriall-union.org\/fr\/un-porte-parole-pour-les-travailleurs-aux-fidji\/#breadcrumb","itemListElement":[{"@type":"ListItem","position":1,"name":"Home","item":"https:\/\/admin.industriall-union.org\/"},{"@type":"ListItem","position":2,"name":"Articles","item":"https:\/\/admin.industriall-union.org\/article\/"},{"@type":"ListItem","position":3,"name":"Un porte-parole pour les travailleurs aux Fidji"}]},{"@type":"WebSite","@id":"https:\/\/admin.industriall-union.org\/#website","url":"https:\/\/admin.industriall-union.org\/","name":"industriall-union","description":"","potentialAction":[{"@type":"SearchAction","target":{"@type":"EntryPoint","urlTemplate":"https:\/\/admin.industriall-union.org\/?s={search_term_string}"},"query-input":{"@type":"PropertyValueSpecification","valueRequired":true,"valueName":"search_term_string"}}],"inLanguage":"fr-FR"}]}},"_links":{"self":[{"href":"https:\/\/admin.industriall-union.org\/fr\/wp-json\/wp\/v2\/article\/173311","targetHints":{"allow":["GET"]}}],"collection":[{"href":"https:\/\/admin.industriall-union.org\/fr\/wp-json\/wp\/v2\/article"}],"about":[{"href":"https:\/\/admin.industriall-union.org\/fr\/wp-json\/wp\/v2\/types\/article"}],"wp:attachment":[{"href":"https:\/\/admin.industriall-union.org\/fr\/wp-json\/wp\/v2\/media?parent=173311"}],"wp:term":[{"taxonomy":"issues","embeddable":true,"href":"https:\/\/admin.industriall-union.org\/fr\/wp-json\/wp\/v2\/issues?post=173311"},{"taxonomy":"companies","embeddable":true,"href":"https:\/\/admin.industriall-union.org\/fr\/wp-json\/wp\/v2\/companies?post=173311"},{"taxonomy":"regions","embeddable":true,"href":"https:\/\/admin.industriall-union.org\/fr\/wp-json\/wp\/v2\/regions?post=173311"},{"taxonomy":"sectors","embeddable":true,"href":"https:\/\/admin.industriall-union.org\/fr\/wp-json\/wp\/v2\/sectors?post=173311"},{"taxonomy":"article_tags","embeddable":true,"href":"https:\/\/admin.industriall-union.org\/fr\/wp-json\/wp\/v2\/article_tags?post=173311"}],"curies":[{"name":"wp","href":"https:\/\/api.w.org\/{rel}","templated":true}]}}