{"id":173306,"date":"2013-09-04T08:53:30","date_gmt":"2013-09-04T08:53:30","guid":{"rendered":"https:\/\/admin.industriall-union.org\/semaine-d-action-mondiale-prevue-par-les-syndicats-chez-alcoa\/"},"modified":"2025-02-08T09:17:16","modified_gmt":"2025-02-08T09:17:16","slug":"semaine-d-action-mondiale-prevue-par-les-syndicats-chez-alcoa","status":"publish","type":"article","link":"https:\/\/admin.industriall-union.org\/fr\/semaine-d-action-mondiale-prevue-par-les-syndicats-chez-alcoa\/","title":{"rendered":"Semaine d\u2019action mondiale pr\u00e9vue par les syndicats chez Alcoa"},"content":{"rendered":"<p>La semaine d&#039;action mondiale a \u00e9t\u00e9 d\u00e9cid\u00e9e par le r\u00e9seau mondial des syndicats de Alcoa. Il s&#039;agit d&#039;un r\u00e9seau qui inclut la participation des syndicats repr\u00e9sentant des milliers de salari\u00e9s de Alcoa, dans plus de 12 pays.<\/p><p>Alcoa est le plus grand producteur mondial d&#039;aluminium primaire.<\/p><p>Au cours de la semaine d&#039;action mondiale, les travailleurs et travailleuses employ\u00e9s sur les sites de production de Alcoa dans le monde organiseront des \u00e9v\u00e9nements destin\u00e9s \u00e0 accro\u00eetre la solidarit\u00e9, placeront des autocollants, diffuseront des tracts et m\u00e8neront d&#039;autres actions adapt\u00e9es aux besoins locaux.<\/p><p>La derni\u00e8re r\u00e9union du r\u00e9seau mondial des syndicats de Alcoa a eu lieu en mai. Lors de cette r\u00e9union, les participant(e)s ont reconnu que beaucoup de syndicats n\u00e9gocieront l&#039;ann\u00e9e prochaine un nouvel accord salarial avec Alcoa. Ils ont d\u00e9termin\u00e9 des pr\u00e9occupations concernant la sant\u00e9 et la s\u00e9curit\u00e9 sur certains lieux de travail de Alcoa.<\/p><p>Des membres du personnel du site de production de fonte d&#039;aluminium de Alcoa \u00e0 Hampton, Virginia, \u00c9tats-Unis, participaient \u00e0 la r\u00e9union. Ils ont inform\u00e9 le r\u00e9seau des m\u00e9thodes ill\u00e9gales employ\u00e9es par Alcoa pour s&#039;opposer aux tentatives du personnel \u00e0 Hampton d&#039;adh\u00e9rer au syndicat United Steelworkers.<\/p><p>Le secr\u00e9taire g\u00e9n\u00e9ral de IndustriALL Raina a d\u00e9clar\u00e9:<\/p><blockquote><p>Les travailleurs et travailleuses et leurs syndicats se pr\u00e9parent chez Alcoa \u00e0 des n\u00e9gociations ambitieuses. Ils se rassemblent comme jamais auparavant pour exiger une n\u00e9gociation juste de la part de Alcoa, le respect de l&#039;engagement de l&#039;entreprise en mati\u00e8re de sant\u00e9 et de s\u00e9curit\u00e9, et la fin de son opposition ill\u00e9gale \u00e0 la syndicalisation sur certains de ses sites de production.<\/p><\/blockquote>","protected":false},"featured_media":0,"template":"","issues":[406,420],"companies":[7],"regions":[],"sectors":[481],"article_tags":[],"class_list":["post-173306","article","type-article","status-publish","hentry","issues-confronting-global-capital","issues-solidarity","companies-alcoa","sectors-base-metals"],"acf":[],"yoast_head":"<!-- This site is optimized with the Yoast SEO Premium plugin v27.1 (Yoast SEO v27.1) - https:\/\/yoast.com\/product\/yoast-seo-premium-wordpress\/ -->\n<title>Semaine d\u2019action mondiale pr\u00e9vue par les syndicats chez Alcoa - industriall-union<\/title>\n<meta name=\"description\" content=\"La semaine d&#039;action mondiale a \u00e9t\u00e9 d\u00e9cid\u00e9e par le r\u00e9seau mondial des syndicats de Alcoa. Il s&#039;agit d&#039;un r\u00e9seau qui inclut la participation\" \/>\n<meta name=\"robots\" content=\"index, follow, max-snippet:-1, max-image-preview:large, max-video-preview:-1\" \/>\n<link rel=\"canonical\" href=\"https:\/\/admin.industriall-union.org\/fr\/semaine-d-action-mondiale-prevue-par-les-syndicats-chez-alcoa\/\" \/>\n<meta property=\"og:locale\" content=\"fr_FR\" \/>\n<meta property=\"og:type\" content=\"article\" \/>\n<meta property=\"og:title\" content=\"Semaine d\u2019action mondiale pr\u00e9vue par les syndicats chez Alcoa\" \/>\n<meta property=\"og:description\" content=\"La semaine d&#039;action mondiale a \u00e9t\u00e9 d\u00e9cid\u00e9e par le r\u00e9seau mondial des syndicats de Alcoa. Il s&#039;agit d&#039;un r\u00e9seau qui inclut la participation\" \/>\n<meta property=\"og:url\" content=\"https:\/\/admin.industriall-union.org\/fr\/semaine-d-action-mondiale-prevue-par-les-syndicats-chez-alcoa\/\" \/>\n<meta property=\"og:site_name\" content=\"industriall-union\" \/>\n<meta property=\"article:modified_time\" content=\"2025-02-08T09:17:16+00:00\" \/>\n<meta name=\"twitter:card\" content=\"summary_large_image\" \/>\n<meta name=\"twitter:label1\" content=\"Est. reading time\" \/>\n\t<meta name=\"twitter:data1\" content=\"2 minutes\" \/>\n<script type=\"application\/ld+json\" class=\"yoast-schema-graph\">{\"@context\":\"https:\/\/schema.org\",\"@graph\":[{\"@type\":\"WebPage\",\"@id\":\"https:\/\/admin.industriall-union.org\/fr\/semaine-d-action-mondiale-prevue-par-les-syndicats-chez-alcoa\/\",\"url\":\"https:\/\/admin.industriall-union.org\/fr\/semaine-d-action-mondiale-prevue-par-les-syndicats-chez-alcoa\/\",\"name\":\"Semaine d\u2019action mondiale pr\u00e9vue par les syndicats chez Alcoa - industriall-union\",\"isPartOf\":{\"@id\":\"https:\/\/admin.industriall-union.org\/#website\"},\"datePublished\":\"2013-09-04T08:53:30+00:00\",\"dateModified\":\"2025-02-08T09:17:16+00:00\",\"description\":\"La semaine d&#039;action mondiale a \u00e9t\u00e9 d\u00e9cid\u00e9e par le r\u00e9seau mondial des syndicats de Alcoa. Il s&#039;agit d&#039;un r\u00e9seau qui inclut la participation\",\"breadcrumb\":{\"@id\":\"https:\/\/admin.industriall-union.org\/fr\/semaine-d-action-mondiale-prevue-par-les-syndicats-chez-alcoa\/#breadcrumb\"},\"inLanguage\":\"fr-FR\",\"potentialAction\":[{\"@type\":\"ReadAction\",\"target\":[\"https:\/\/admin.industriall-union.org\/fr\/semaine-d-action-mondiale-prevue-par-les-syndicats-chez-alcoa\/\"]}]},{\"@type\":\"BreadcrumbList\",\"@id\":\"https:\/\/admin.industriall-union.org\/fr\/semaine-d-action-mondiale-prevue-par-les-syndicats-chez-alcoa\/#breadcrumb\",\"itemListElement\":[{\"@type\":\"ListItem\",\"position\":1,\"name\":\"Home\",\"item\":\"https:\/\/admin.industriall-union.org\/\"},{\"@type\":\"ListItem\",\"position\":2,\"name\":\"Articles\",\"item\":\"https:\/\/admin.industriall-union.org\/article\/\"},{\"@type\":\"ListItem\",\"position\":3,\"name\":\"Semaine d\u2019action mondiale pr\u00e9vue par les syndicats chez Alcoa\"}]},{\"@type\":\"WebSite\",\"@id\":\"https:\/\/admin.industriall-union.org\/#website\",\"url\":\"https:\/\/admin.industriall-union.org\/\",\"name\":\"industriall-union\",\"description\":\"\",\"potentialAction\":[{\"@type\":\"SearchAction\",\"target\":{\"@type\":\"EntryPoint\",\"urlTemplate\":\"https:\/\/admin.industriall-union.org\/?s={search_term_string}\"},\"query-input\":{\"@type\":\"PropertyValueSpecification\",\"valueRequired\":true,\"valueName\":\"search_term_string\"}}],\"inLanguage\":\"fr-FR\"}]}<\/script>\n<!-- \/ Yoast SEO Premium plugin. -->","yoast_head_json":{"title":"Semaine d\u2019action mondiale pr\u00e9vue par les syndicats chez Alcoa - industriall-union","description":"La semaine d&#039;action mondiale a \u00e9t\u00e9 d\u00e9cid\u00e9e par le r\u00e9seau mondial des syndicats de Alcoa. Il s&#039;agit d&#039;un r\u00e9seau qui inclut la participation","robots":{"index":"index","follow":"follow","max-snippet":"max-snippet:-1","max-image-preview":"max-image-preview:large","max-video-preview":"max-video-preview:-1"},"canonical":"https:\/\/admin.industriall-union.org\/fr\/semaine-d-action-mondiale-prevue-par-les-syndicats-chez-alcoa\/","og_locale":"fr_FR","og_type":"article","og_title":"Semaine d\u2019action mondiale pr\u00e9vue par les syndicats chez Alcoa","og_description":"La semaine d&#039;action mondiale a \u00e9t\u00e9 d\u00e9cid\u00e9e par le r\u00e9seau mondial des syndicats de Alcoa. Il s&#039;agit d&#039;un r\u00e9seau qui inclut la participation","og_url":"https:\/\/admin.industriall-union.org\/fr\/semaine-d-action-mondiale-prevue-par-les-syndicats-chez-alcoa\/","og_site_name":"industriall-union","article_modified_time":"2025-02-08T09:17:16+00:00","twitter_card":"summary_large_image","twitter_misc":{"Est. reading time":"2 minutes"},"schema":{"@context":"https:\/\/schema.org","@graph":[{"@type":"WebPage","@id":"https:\/\/admin.industriall-union.org\/fr\/semaine-d-action-mondiale-prevue-par-les-syndicats-chez-alcoa\/","url":"https:\/\/admin.industriall-union.org\/fr\/semaine-d-action-mondiale-prevue-par-les-syndicats-chez-alcoa\/","name":"Semaine d\u2019action mondiale pr\u00e9vue par les syndicats chez Alcoa - industriall-union","isPartOf":{"@id":"https:\/\/admin.industriall-union.org\/#website"},"datePublished":"2013-09-04T08:53:30+00:00","dateModified":"2025-02-08T09:17:16+00:00","description":"La semaine d&#039;action mondiale a \u00e9t\u00e9 d\u00e9cid\u00e9e par le r\u00e9seau mondial des syndicats de Alcoa. Il s&#039;agit d&#039;un r\u00e9seau qui inclut la participation","breadcrumb":{"@id":"https:\/\/admin.industriall-union.org\/fr\/semaine-d-action-mondiale-prevue-par-les-syndicats-chez-alcoa\/#breadcrumb"},"inLanguage":"fr-FR","potentialAction":[{"@type":"ReadAction","target":["https:\/\/admin.industriall-union.org\/fr\/semaine-d-action-mondiale-prevue-par-les-syndicats-chez-alcoa\/"]}]},{"@type":"BreadcrumbList","@id":"https:\/\/admin.industriall-union.org\/fr\/semaine-d-action-mondiale-prevue-par-les-syndicats-chez-alcoa\/#breadcrumb","itemListElement":[{"@type":"ListItem","position":1,"name":"Home","item":"https:\/\/admin.industriall-union.org\/"},{"@type":"ListItem","position":2,"name":"Articles","item":"https:\/\/admin.industriall-union.org\/article\/"},{"@type":"ListItem","position":3,"name":"Semaine d\u2019action mondiale pr\u00e9vue par les syndicats chez Alcoa"}]},{"@type":"WebSite","@id":"https:\/\/admin.industriall-union.org\/#website","url":"https:\/\/admin.industriall-union.org\/","name":"industriall-union","description":"","potentialAction":[{"@type":"SearchAction","target":{"@type":"EntryPoint","urlTemplate":"https:\/\/admin.industriall-union.org\/?s={search_term_string}"},"query-input":{"@type":"PropertyValueSpecification","valueRequired":true,"valueName":"search_term_string"}}],"inLanguage":"fr-FR"}]}},"_links":{"self":[{"href":"https:\/\/admin.industriall-union.org\/fr\/wp-json\/wp\/v2\/article\/173306","targetHints":{"allow":["GET"]}}],"collection":[{"href":"https:\/\/admin.industriall-union.org\/fr\/wp-json\/wp\/v2\/article"}],"about":[{"href":"https:\/\/admin.industriall-union.org\/fr\/wp-json\/wp\/v2\/types\/article"}],"wp:attachment":[{"href":"https:\/\/admin.industriall-union.org\/fr\/wp-json\/wp\/v2\/media?parent=173306"}],"wp:term":[{"taxonomy":"issues","embeddable":true,"href":"https:\/\/admin.industriall-union.org\/fr\/wp-json\/wp\/v2\/issues?post=173306"},{"taxonomy":"companies","embeddable":true,"href":"https:\/\/admin.industriall-union.org\/fr\/wp-json\/wp\/v2\/companies?post=173306"},{"taxonomy":"regions","embeddable":true,"href":"https:\/\/admin.industriall-union.org\/fr\/wp-json\/wp\/v2\/regions?post=173306"},{"taxonomy":"sectors","embeddable":true,"href":"https:\/\/admin.industriall-union.org\/fr\/wp-json\/wp\/v2\/sectors?post=173306"},{"taxonomy":"article_tags","embeddable":true,"href":"https:\/\/admin.industriall-union.org\/fr\/wp-json\/wp\/v2\/article_tags?post=173306"}],"curies":[{"name":"wp","href":"https:\/\/api.w.org\/{rel}","templated":true}]}}