{"id":173303,"date":"2013-09-04T11:44:50","date_gmt":"2013-09-04T11:44:50","guid":{"rendered":"https:\/\/admin.industriall-union.org\/manifestations-en-irak-contre-les-avantages-accordes-aux-parlementaires\/"},"modified":"2025-02-08T09:12:42","modified_gmt":"2025-02-08T09:12:42","slug":"manifestations-en-irak-contre-les-avantages-accordes-aux-parlementaires","status":"publish","type":"article","link":"https:\/\/admin.industriall-union.org\/fr\/manifestations-en-irak-contre-les-avantages-accordes-aux-parlementaires\/","title":{"rendered":"Manifestations en Irak contre les avantages accord\u00e9s aux parlementaires"},"content":{"rendered":"<p>Malgr\u00e9 l&rsquo;intensit\u00e9 actuelle de la r\u00e9pression, des centaines de manifestant(e)s se trouvaient dans les rues des villes irakiennes durant la derni\u00e8re journ\u00e9e d&rsquo;ao\u00fbt pour protester contre les avantages dont disposent les l\u00e9gislateurs. La population irakienne est m\u00e9contente et d\u00e9go\u00fbt\u00e9e du fait que les parlementaires aient approuv\u00e9 massivement le montant mensuel de leur retraite, quelle que soit la dur\u00e9e d&rsquo;exercice. Ils conservent environ 80 pour cent de leur plein salaire pour leur retraite apr\u00e8s avoir servi seulement une l\u00e9gislature, ainsi que l&rsquo;allocation de s\u00e9curit\u00e9, et d\u00e9tiennent leur passeport diplomatique.<\/p><p>Les manifestations ont eu lieu \u00e0 Bagdad et dans plusieurs villes au sud du pays dont Basra, Hilla, Najaf et Nasiriyah, de m\u00eame qu&rsquo;\u00e0 Kirkuk et Baquba au nord de Bagdad. Plusieurs milliers de personnes ont manifest\u00e9 dans la ville de Basra au sud, o\u00f9 une banni\u00e8re portait l&#039;inscription suivante: &quot;Les ressources d&#039;Irak aux Irakiens et non aux l\u00e9gislateurs&quot;. On signale 11 personnes bless\u00e9es et 10 d\u00e9tenues \u00e0 Nasiriyah o\u00f9 la police anti-\u00e9meute a matraqu\u00e9 des manifestants.<\/p><p>Les autorit\u00e9s de Bagdad n&rsquo;avaient pas autoris\u00e9 les manifestations et avaient pris des mesures extraordinaires de s\u00e9curit\u00e9, bloquant des ponts et d\u00e9ployant un grand nombre de militaires en armes et de policiers sur les principales places. Les forces de s\u00e9curit\u00e9 ont arr\u00eat\u00e9 des dizaines de manifestants \u00e0 Bagdad alors que la police dispersait par la force une manifestation sur la place Tahrir. Cependant, en raison de la pression exerc\u00e9e par le gouvernement, avec notamment la confiscation d&#039;appareils photo et la d\u00e9tention de journalistes, la couverture des manifestations dans la presse s&rsquo;est trouv\u00e9e r\u00e9duite \u00e0 un minimum.<\/p><p>Le porte-parole du minist\u00e8re de l&#039;Int\u00e9rieur Saad Maan Ibrahim a d\u00e9fendu l&#039;op\u00e9ration de s\u00e9curit\u00e9, en disant que les autorit\u00e9s \u00e9taient concern\u00e9es par le fait que des attentats-suicides auraient pu avoir lieu contre les manifestations. Il a insist\u00e9 sur le fait que les autorit\u00e9s n&#039;avaient aucun probl\u00e8me avec des manifestations et que ces forces n&#039;\u00e9taient pr\u00e9sentes que pour prot\u00e9ger les manifestant(e)s. Dans une d\u00e9claration post\u00e9e sur son site Internet, le Premier ministre irakien Nuri-al Maliki a dit qu&rsquo;il soutenait les revendications des manifestant(e)s et qu&#039;il allait travailler \u00e0 &quot;rectifier les salaires des hauts responsables&quot;.<\/p><p>\u00c0 c\u00f4t\u00e9 des manifestations et des mobilisations dans le pays, les syndicats irakiens ont d\u00e9cid\u00e9 de r\u00e9aliser l&#039;union face au pouvoir politique. Les syndicats de Basra, dont plusieurs affili\u00e9s de IndustriALL Global Union dans les secteurs de l&#039;\u00e9lectricit\u00e9 et du p\u00e9trole, ont d\u00e9cid\u00e9 r\u00e9cemment de former une coalition pour maintenir la pression sur le gouvernement pour les questions relatives au travail.<\/p><blockquote><p>IndustriALL Global Union partage l&rsquo;aversion de la population irakienne et des syndicats, et continuera de leur accorder un soutien total et de faire conna\u00eetre toutes leurs luttes.<\/p><\/blockquote>","protected":false},"featured_media":0,"template":"","issues":[420],"companies":[],"regions":[293],"sectors":[],"article_tags":[],"class_list":["post-173303","article","type-article","status-publish","hentry","issues-solidarity","regions-iraq"],"acf":[],"yoast_head":"<!-- This site is optimized with the Yoast SEO Premium plugin v27.1 (Yoast SEO v27.1) - https:\/\/yoast.com\/product\/yoast-seo-premium-wordpress\/ -->\n<title>Manifestations en Irak contre les avantages accord\u00e9s aux parlementaires - industriall-union<\/title>\n<meta name=\"description\" content=\"Malgr\u00e9 l&rsquo;intensit\u00e9 actuelle de la r\u00e9pression, des centaines de manifestant(e)s se trouvaient dans les rues des villes irakiennes durant la derni\u00e8re\" \/>\n<meta name=\"robots\" content=\"index, follow, max-snippet:-1, max-image-preview:large, max-video-preview:-1\" \/>\n<link rel=\"canonical\" href=\"https:\/\/admin.industriall-union.org\/fr\/manifestations-en-irak-contre-les-avantages-accordes-aux-parlementaires\/\" \/>\n<meta property=\"og:locale\" content=\"fr_FR\" \/>\n<meta property=\"og:type\" content=\"article\" \/>\n<meta property=\"og:title\" content=\"Manifestations en Irak contre les avantages accord\u00e9s aux parlementaires\" \/>\n<meta property=\"og:description\" content=\"Malgr\u00e9 l&rsquo;intensit\u00e9 actuelle de la r\u00e9pression, des centaines de manifestant(e)s se trouvaient dans les rues des villes irakiennes durant la derni\u00e8re\" \/>\n<meta property=\"og:url\" content=\"https:\/\/admin.industriall-union.org\/fr\/manifestations-en-irak-contre-les-avantages-accordes-aux-parlementaires\/\" \/>\n<meta property=\"og:site_name\" content=\"industriall-union\" \/>\n<meta property=\"article:modified_time\" content=\"2025-02-08T09:12:42+00:00\" \/>\n<meta name=\"twitter:card\" content=\"summary_large_image\" \/>\n<meta name=\"twitter:label1\" content=\"Est. reading time\" \/>\n\t<meta name=\"twitter:data1\" content=\"3 minutes\" \/>\n<script type=\"application\/ld+json\" class=\"yoast-schema-graph\">{\"@context\":\"https:\/\/schema.org\",\"@graph\":[{\"@type\":\"WebPage\",\"@id\":\"https:\/\/admin.industriall-union.org\/fr\/manifestations-en-irak-contre-les-avantages-accordes-aux-parlementaires\/\",\"url\":\"https:\/\/admin.industriall-union.org\/fr\/manifestations-en-irak-contre-les-avantages-accordes-aux-parlementaires\/\",\"name\":\"Manifestations en Irak contre les avantages accord\u00e9s aux parlementaires - industriall-union\",\"isPartOf\":{\"@id\":\"https:\/\/admin.industriall-union.org\/#website\"},\"datePublished\":\"2013-09-04T11:44:50+00:00\",\"dateModified\":\"2025-02-08T09:12:42+00:00\",\"description\":\"Malgr\u00e9 l&rsquo;intensit\u00e9 actuelle de la r\u00e9pression, des centaines de manifestant(e)s se trouvaient dans les rues des villes irakiennes durant la derni\u00e8re\",\"breadcrumb\":{\"@id\":\"https:\/\/admin.industriall-union.org\/fr\/manifestations-en-irak-contre-les-avantages-accordes-aux-parlementaires\/#breadcrumb\"},\"inLanguage\":\"fr-FR\",\"potentialAction\":[{\"@type\":\"ReadAction\",\"target\":[\"https:\/\/admin.industriall-union.org\/fr\/manifestations-en-irak-contre-les-avantages-accordes-aux-parlementaires\/\"]}]},{\"@type\":\"BreadcrumbList\",\"@id\":\"https:\/\/admin.industriall-union.org\/fr\/manifestations-en-irak-contre-les-avantages-accordes-aux-parlementaires\/#breadcrumb\",\"itemListElement\":[{\"@type\":\"ListItem\",\"position\":1,\"name\":\"Home\",\"item\":\"https:\/\/admin.industriall-union.org\/\"},{\"@type\":\"ListItem\",\"position\":2,\"name\":\"Articles\",\"item\":\"https:\/\/admin.industriall-union.org\/article\/\"},{\"@type\":\"ListItem\",\"position\":3,\"name\":\"Manifestations en Irak contre les avantages accord\u00e9s aux parlementaires\"}]},{\"@type\":\"WebSite\",\"@id\":\"https:\/\/admin.industriall-union.org\/#website\",\"url\":\"https:\/\/admin.industriall-union.org\/\",\"name\":\"industriall-union\",\"description\":\"\",\"potentialAction\":[{\"@type\":\"SearchAction\",\"target\":{\"@type\":\"EntryPoint\",\"urlTemplate\":\"https:\/\/admin.industriall-union.org\/?s={search_term_string}\"},\"query-input\":{\"@type\":\"PropertyValueSpecification\",\"valueRequired\":true,\"valueName\":\"search_term_string\"}}],\"inLanguage\":\"fr-FR\"}]}<\/script>\n<!-- \/ Yoast SEO Premium plugin. -->","yoast_head_json":{"title":"Manifestations en Irak contre les avantages accord\u00e9s aux parlementaires - industriall-union","description":"Malgr\u00e9 l&rsquo;intensit\u00e9 actuelle de la r\u00e9pression, des centaines de manifestant(e)s se trouvaient dans les rues des villes irakiennes durant la derni\u00e8re","robots":{"index":"index","follow":"follow","max-snippet":"max-snippet:-1","max-image-preview":"max-image-preview:large","max-video-preview":"max-video-preview:-1"},"canonical":"https:\/\/admin.industriall-union.org\/fr\/manifestations-en-irak-contre-les-avantages-accordes-aux-parlementaires\/","og_locale":"fr_FR","og_type":"article","og_title":"Manifestations en Irak contre les avantages accord\u00e9s aux parlementaires","og_description":"Malgr\u00e9 l&rsquo;intensit\u00e9 actuelle de la r\u00e9pression, des centaines de manifestant(e)s se trouvaient dans les rues des villes irakiennes durant la derni\u00e8re","og_url":"https:\/\/admin.industriall-union.org\/fr\/manifestations-en-irak-contre-les-avantages-accordes-aux-parlementaires\/","og_site_name":"industriall-union","article_modified_time":"2025-02-08T09:12:42+00:00","twitter_card":"summary_large_image","twitter_misc":{"Est. reading time":"3 minutes"},"schema":{"@context":"https:\/\/schema.org","@graph":[{"@type":"WebPage","@id":"https:\/\/admin.industriall-union.org\/fr\/manifestations-en-irak-contre-les-avantages-accordes-aux-parlementaires\/","url":"https:\/\/admin.industriall-union.org\/fr\/manifestations-en-irak-contre-les-avantages-accordes-aux-parlementaires\/","name":"Manifestations en Irak contre les avantages accord\u00e9s aux parlementaires - industriall-union","isPartOf":{"@id":"https:\/\/admin.industriall-union.org\/#website"},"datePublished":"2013-09-04T11:44:50+00:00","dateModified":"2025-02-08T09:12:42+00:00","description":"Malgr\u00e9 l&rsquo;intensit\u00e9 actuelle de la r\u00e9pression, des centaines de manifestant(e)s se trouvaient dans les rues des villes irakiennes durant la derni\u00e8re","breadcrumb":{"@id":"https:\/\/admin.industriall-union.org\/fr\/manifestations-en-irak-contre-les-avantages-accordes-aux-parlementaires\/#breadcrumb"},"inLanguage":"fr-FR","potentialAction":[{"@type":"ReadAction","target":["https:\/\/admin.industriall-union.org\/fr\/manifestations-en-irak-contre-les-avantages-accordes-aux-parlementaires\/"]}]},{"@type":"BreadcrumbList","@id":"https:\/\/admin.industriall-union.org\/fr\/manifestations-en-irak-contre-les-avantages-accordes-aux-parlementaires\/#breadcrumb","itemListElement":[{"@type":"ListItem","position":1,"name":"Home","item":"https:\/\/admin.industriall-union.org\/"},{"@type":"ListItem","position":2,"name":"Articles","item":"https:\/\/admin.industriall-union.org\/article\/"},{"@type":"ListItem","position":3,"name":"Manifestations en Irak contre les avantages accord\u00e9s aux parlementaires"}]},{"@type":"WebSite","@id":"https:\/\/admin.industriall-union.org\/#website","url":"https:\/\/admin.industriall-union.org\/","name":"industriall-union","description":"","potentialAction":[{"@type":"SearchAction","target":{"@type":"EntryPoint","urlTemplate":"https:\/\/admin.industriall-union.org\/?s={search_term_string}"},"query-input":{"@type":"PropertyValueSpecification","valueRequired":true,"valueName":"search_term_string"}}],"inLanguage":"fr-FR"}]}},"_links":{"self":[{"href":"https:\/\/admin.industriall-union.org\/fr\/wp-json\/wp\/v2\/article\/173303","targetHints":{"allow":["GET"]}}],"collection":[{"href":"https:\/\/admin.industriall-union.org\/fr\/wp-json\/wp\/v2\/article"}],"about":[{"href":"https:\/\/admin.industriall-union.org\/fr\/wp-json\/wp\/v2\/types\/article"}],"wp:attachment":[{"href":"https:\/\/admin.industriall-union.org\/fr\/wp-json\/wp\/v2\/media?parent=173303"}],"wp:term":[{"taxonomy":"issues","embeddable":true,"href":"https:\/\/admin.industriall-union.org\/fr\/wp-json\/wp\/v2\/issues?post=173303"},{"taxonomy":"companies","embeddable":true,"href":"https:\/\/admin.industriall-union.org\/fr\/wp-json\/wp\/v2\/companies?post=173303"},{"taxonomy":"regions","embeddable":true,"href":"https:\/\/admin.industriall-union.org\/fr\/wp-json\/wp\/v2\/regions?post=173303"},{"taxonomy":"sectors","embeddable":true,"href":"https:\/\/admin.industriall-union.org\/fr\/wp-json\/wp\/v2\/sectors?post=173303"},{"taxonomy":"article_tags","embeddable":true,"href":"https:\/\/admin.industriall-union.org\/fr\/wp-json\/wp\/v2\/article_tags?post=173303"}],"curies":[{"name":"wp","href":"https:\/\/api.w.org\/{rel}","templated":true}]}}