{"id":173291,"date":"2013-09-04T15:45:22","date_gmt":"2013-09-04T15:45:22","guid":{"rendered":"https:\/\/admin.industriall-union.org\/les-travailleurs-des-mines-d-or-sud-africaines-partent-en-greve\/"},"modified":"2025-02-08T09:10:33","modified_gmt":"2025-02-08T09:10:33","slug":"les-travailleurs-des-mines-d-or-sud-africaines-partent-en-greve","status":"publish","type":"article","link":"https:\/\/admin.industriall-union.org\/fr\/les-travailleurs-des-mines-d-or-sud-africaines-partent-en-greve\/","title":{"rendered":"Les travailleurs des mines d\u2019or sud africaines partent en gr\u00e8ve"},"content":{"rendered":"<p>Les employeurs ont propos\u00e9 une augmentation de 6.5%, soit \u00e0 peine 30 euros de plus par mois, ce que le NUM a balay\u00e9 en qualifiant l&rsquo;offre de salaire d&rsquo;esclavage. Le NUM exige une augmentation de 230 euros pour les travailleurs de surface et des mines \u00e0 ciel ouvert et de 300 euros pour les mineurs de fond, soit respectivement 49 et 60 pour cent de revalorisation.<\/p><p>Le NUM a entrepris une action syndicale \u00e0 l&rsquo;\u00e9chelle nationale au vu de l&rsquo;arrogance affich\u00e9e par les employeurs du secteur par rapport \u00e0 un changement de donne dans les mines d&rsquo;or. Leshiba Seshoka, porte parole du NUM a d\u00e9clar\u00e9&nbsp;: &laquo;&nbsp;les capitaines d&#039;industrie se sont constamment arrog\u00e9s des primes gargantuesques, le PDG de Gold Fiels a re\u00e7u 4,5 millions d&rsquo;euros l&#039;an dernier.&nbsp;&raquo;<\/p><p>&laquo;&nbsp;Les mineurs sont d\u00e9termin\u00e9s \u00e0 mener des actions de gr\u00e8ve d\u00e8s ce soir et jusqu&rsquo;\u00e0 ce que leurs revendications soient satisfaites. Le syndicat note l&#039;arrogance des employeurs qui continuent de dire que leur offre mis\u00e9rable de 6,5% est immuable. Le NUM restera \u00e9galement in\u00e9branlable par rapport \u00e0 son exigence d&rsquo;un salaire minimum vital, il faudra que la meilleure offre de la Chambre des Mines d&#039;Or rencontre la revendication minimale du syndicat et il y aura du mouvement dans les rues de Carletonville et du PWV.&nbsp;&raquo; a d\u00e9clar\u00e9 le NUM dans un communiqu\u00e9 de presse.<\/p><p>&laquo;&nbsp;IndustriALL Global Union soutien sans restriction les revendications l\u00e9gitimes du NUM&nbsp;&raquo; a&nbsp; indiqu\u00e9 son Secr\u00e9taire g\u00e9n\u00e9ral Jyrki Raina. &laquo;&nbsp;Nos affili\u00e9s partout dans le monde, en particulier ceux des industries mini\u00e8res, se tiennent aux c\u00f4t\u00e9s du NUM dans cette gr\u00e8ve importante.&nbsp;&raquo;<\/p>","protected":false},"featured_media":0,"template":"","issues":[],"companies":[],"regions":[350],"sectors":[495],"article_tags":[],"class_list":["post-173291","article","type-article","status-publish","hentry","regions-south-africa","sectors-mining"],"acf":[],"yoast_head":"<!-- This site is optimized with the Yoast SEO Premium plugin v27.1 (Yoast SEO v27.1) - https:\/\/yoast.com\/product\/yoast-seo-premium-wordpress\/ -->\n<title>Les travailleurs des mines d\u2019or sud africaines partent en gr\u00e8ve - industriall-union<\/title>\n<meta name=\"description\" content=\"Les employeurs ont propos\u00e9 une augmentation de 6.5%, soit \u00e0 peine 30 euros de plus par mois, ce que le NUM a balay\u00e9 en qualifiant l&rsquo;offre de salaire\" \/>\n<meta name=\"robots\" content=\"index, follow, max-snippet:-1, max-image-preview:large, max-video-preview:-1\" \/>\n<link rel=\"canonical\" href=\"https:\/\/admin.industriall-union.org\/fr\/les-travailleurs-des-mines-d-or-sud-africaines-partent-en-greve\/\" \/>\n<meta property=\"og:locale\" content=\"fr_FR\" \/>\n<meta property=\"og:type\" content=\"article\" \/>\n<meta property=\"og:title\" content=\"Les travailleurs des mines d\u2019or sud africaines partent en gr\u00e8ve\" \/>\n<meta property=\"og:description\" content=\"Les employeurs ont propos\u00e9 une augmentation de 6.5%, soit \u00e0 peine 30 euros de plus par mois, ce que le NUM a balay\u00e9 en qualifiant l&rsquo;offre de salaire\" \/>\n<meta property=\"og:url\" content=\"https:\/\/admin.industriall-union.org\/fr\/les-travailleurs-des-mines-d-or-sud-africaines-partent-en-greve\/\" \/>\n<meta property=\"og:site_name\" content=\"industriall-union\" \/>\n<meta property=\"article:modified_time\" content=\"2025-02-08T09:10:33+00:00\" \/>\n<meta name=\"twitter:card\" content=\"summary_large_image\" \/>\n<meta name=\"twitter:label1\" content=\"Est. reading time\" \/>\n\t<meta name=\"twitter:data1\" content=\"2 minutes\" \/>\n<script type=\"application\/ld+json\" class=\"yoast-schema-graph\">{\"@context\":\"https:\/\/schema.org\",\"@graph\":[{\"@type\":\"WebPage\",\"@id\":\"https:\/\/admin.industriall-union.org\/fr\/les-travailleurs-des-mines-d-or-sud-africaines-partent-en-greve\/\",\"url\":\"https:\/\/admin.industriall-union.org\/fr\/les-travailleurs-des-mines-d-or-sud-africaines-partent-en-greve\/\",\"name\":\"Les travailleurs des mines d\u2019or sud africaines partent en gr\u00e8ve - industriall-union\",\"isPartOf\":{\"@id\":\"https:\/\/admin.industriall-union.org\/#website\"},\"datePublished\":\"2013-09-04T15:45:22+00:00\",\"dateModified\":\"2025-02-08T09:10:33+00:00\",\"description\":\"Les employeurs ont propos\u00e9 une augmentation de 6.5%, soit \u00e0 peine 30 euros de plus par mois, ce que le NUM a balay\u00e9 en qualifiant l&rsquo;offre de salaire\",\"breadcrumb\":{\"@id\":\"https:\/\/admin.industriall-union.org\/fr\/les-travailleurs-des-mines-d-or-sud-africaines-partent-en-greve\/#breadcrumb\"},\"inLanguage\":\"fr-FR\",\"potentialAction\":[{\"@type\":\"ReadAction\",\"target\":[\"https:\/\/admin.industriall-union.org\/fr\/les-travailleurs-des-mines-d-or-sud-africaines-partent-en-greve\/\"]}]},{\"@type\":\"BreadcrumbList\",\"@id\":\"https:\/\/admin.industriall-union.org\/fr\/les-travailleurs-des-mines-d-or-sud-africaines-partent-en-greve\/#breadcrumb\",\"itemListElement\":[{\"@type\":\"ListItem\",\"position\":1,\"name\":\"Home\",\"item\":\"https:\/\/admin.industriall-union.org\/\"},{\"@type\":\"ListItem\",\"position\":2,\"name\":\"Articles\",\"item\":\"https:\/\/admin.industriall-union.org\/article\/\"},{\"@type\":\"ListItem\",\"position\":3,\"name\":\"Les travailleurs des mines d\u2019or sud africaines partent en gr\u00e8ve\"}]},{\"@type\":\"WebSite\",\"@id\":\"https:\/\/admin.industriall-union.org\/#website\",\"url\":\"https:\/\/admin.industriall-union.org\/\",\"name\":\"industriall-union\",\"description\":\"\",\"potentialAction\":[{\"@type\":\"SearchAction\",\"target\":{\"@type\":\"EntryPoint\",\"urlTemplate\":\"https:\/\/admin.industriall-union.org\/?s={search_term_string}\"},\"query-input\":{\"@type\":\"PropertyValueSpecification\",\"valueRequired\":true,\"valueName\":\"search_term_string\"}}],\"inLanguage\":\"fr-FR\"}]}<\/script>\n<!-- \/ Yoast SEO Premium plugin. -->","yoast_head_json":{"title":"Les travailleurs des mines d\u2019or sud africaines partent en gr\u00e8ve - industriall-union","description":"Les employeurs ont propos\u00e9 une augmentation de 6.5%, soit \u00e0 peine 30 euros de plus par mois, ce que le NUM a balay\u00e9 en qualifiant l&rsquo;offre de salaire","robots":{"index":"index","follow":"follow","max-snippet":"max-snippet:-1","max-image-preview":"max-image-preview:large","max-video-preview":"max-video-preview:-1"},"canonical":"https:\/\/admin.industriall-union.org\/fr\/les-travailleurs-des-mines-d-or-sud-africaines-partent-en-greve\/","og_locale":"fr_FR","og_type":"article","og_title":"Les travailleurs des mines d\u2019or sud africaines partent en gr\u00e8ve","og_description":"Les employeurs ont propos\u00e9 une augmentation de 6.5%, soit \u00e0 peine 30 euros de plus par mois, ce que le NUM a balay\u00e9 en qualifiant l&rsquo;offre de salaire","og_url":"https:\/\/admin.industriall-union.org\/fr\/les-travailleurs-des-mines-d-or-sud-africaines-partent-en-greve\/","og_site_name":"industriall-union","article_modified_time":"2025-02-08T09:10:33+00:00","twitter_card":"summary_large_image","twitter_misc":{"Est. reading time":"2 minutes"},"schema":{"@context":"https:\/\/schema.org","@graph":[{"@type":"WebPage","@id":"https:\/\/admin.industriall-union.org\/fr\/les-travailleurs-des-mines-d-or-sud-africaines-partent-en-greve\/","url":"https:\/\/admin.industriall-union.org\/fr\/les-travailleurs-des-mines-d-or-sud-africaines-partent-en-greve\/","name":"Les travailleurs des mines d\u2019or sud africaines partent en gr\u00e8ve - industriall-union","isPartOf":{"@id":"https:\/\/admin.industriall-union.org\/#website"},"datePublished":"2013-09-04T15:45:22+00:00","dateModified":"2025-02-08T09:10:33+00:00","description":"Les employeurs ont propos\u00e9 une augmentation de 6.5%, soit \u00e0 peine 30 euros de plus par mois, ce que le NUM a balay\u00e9 en qualifiant l&rsquo;offre de salaire","breadcrumb":{"@id":"https:\/\/admin.industriall-union.org\/fr\/les-travailleurs-des-mines-d-or-sud-africaines-partent-en-greve\/#breadcrumb"},"inLanguage":"fr-FR","potentialAction":[{"@type":"ReadAction","target":["https:\/\/admin.industriall-union.org\/fr\/les-travailleurs-des-mines-d-or-sud-africaines-partent-en-greve\/"]}]},{"@type":"BreadcrumbList","@id":"https:\/\/admin.industriall-union.org\/fr\/les-travailleurs-des-mines-d-or-sud-africaines-partent-en-greve\/#breadcrumb","itemListElement":[{"@type":"ListItem","position":1,"name":"Home","item":"https:\/\/admin.industriall-union.org\/"},{"@type":"ListItem","position":2,"name":"Articles","item":"https:\/\/admin.industriall-union.org\/article\/"},{"@type":"ListItem","position":3,"name":"Les travailleurs des mines d\u2019or sud africaines partent en gr\u00e8ve"}]},{"@type":"WebSite","@id":"https:\/\/admin.industriall-union.org\/#website","url":"https:\/\/admin.industriall-union.org\/","name":"industriall-union","description":"","potentialAction":[{"@type":"SearchAction","target":{"@type":"EntryPoint","urlTemplate":"https:\/\/admin.industriall-union.org\/?s={search_term_string}"},"query-input":{"@type":"PropertyValueSpecification","valueRequired":true,"valueName":"search_term_string"}}],"inLanguage":"fr-FR"}]}},"_links":{"self":[{"href":"https:\/\/admin.industriall-union.org\/fr\/wp-json\/wp\/v2\/article\/173291","targetHints":{"allow":["GET"]}}],"collection":[{"href":"https:\/\/admin.industriall-union.org\/fr\/wp-json\/wp\/v2\/article"}],"about":[{"href":"https:\/\/admin.industriall-union.org\/fr\/wp-json\/wp\/v2\/types\/article"}],"wp:attachment":[{"href":"https:\/\/admin.industriall-union.org\/fr\/wp-json\/wp\/v2\/media?parent=173291"}],"wp:term":[{"taxonomy":"issues","embeddable":true,"href":"https:\/\/admin.industriall-union.org\/fr\/wp-json\/wp\/v2\/issues?post=173291"},{"taxonomy":"companies","embeddable":true,"href":"https:\/\/admin.industriall-union.org\/fr\/wp-json\/wp\/v2\/companies?post=173291"},{"taxonomy":"regions","embeddable":true,"href":"https:\/\/admin.industriall-union.org\/fr\/wp-json\/wp\/v2\/regions?post=173291"},{"taxonomy":"sectors","embeddable":true,"href":"https:\/\/admin.industriall-union.org\/fr\/wp-json\/wp\/v2\/sectors?post=173291"},{"taxonomy":"article_tags","embeddable":true,"href":"https:\/\/admin.industriall-union.org\/fr\/wp-json\/wp\/v2\/article_tags?post=173291"}],"curies":[{"name":"wp","href":"https:\/\/api.w.org\/{rel}","templated":true}]}}