{"id":173286,"date":"2013-09-06T12:26:28","date_gmt":"2013-09-06T12:26:28","guid":{"rendered":"https:\/\/admin.industriall-union.org\/les-salaries-de-apple-et-de-ses-fournisseurs-n-obtiennent-aucun-des-changements-promis\/"},"modified":"2025-02-08T09:10:18","modified_gmt":"2025-02-08T09:10:18","slug":"les-salaries-de-apple-et-de-ses-fournisseurs-n-obtiennent-aucun-des-changements-promis","status":"publish","type":"article","link":"https:\/\/admin.industriall-union.org\/fr\/les-salaries-de-apple-et-de-ses-fournisseurs-n-obtiennent-aucun-des-changements-promis\/","title":{"rendered":"Les salari\u00e9s de Apple et de ses fournisseurs n\u2019obtiennent aucun des changements promis"},"content":{"rendered":"<p>Apple et ses fournisseurs ont b\u00e9n\u00e9fici\u00e9 d&rsquo;une couverture m\u00e9diatique importante quand au d\u00e9but de l&rsquo;ann\u00e9e, ils se sont <a href=\"http:\/\/www.industriall-union.org\/fr\/foxconn-prevoit-des-elections-syndicales-en-chine\" target=\"_blank\">engag\u00e9s \u00e0 mettre fin aux pr\u00e9judices caus\u00e9s aux travailleurs et travailleuses<\/a>, en b\u00e9n\u00e9ficiant du soutien de Fair Labor Association, FLA. L&rsquo;\u00e9ch\u00e9ance de ce qui s&rsquo;est r\u00e9v\u00e9l\u00e9e \u00eatre une promesse vide de sens avait \u00e9t\u00e9 fix\u00e9e en juillet 2013.<\/p><p>Non seulement des r\u00e9formes, comme celle \u00e9tablissant une v\u00e9ritable repr\u00e9sentation collective sur le lieu de travail, n&rsquo;ont jamais \u00e9t\u00e9 mises en \u0153uvre, mais les infractions continuent. Par exemple, la question des heures suppl\u00e9mentaires ill\u00e9gales n&rsquo;a pas \u00e9t\u00e9 r\u00e9gl\u00e9e et les salari\u00e9s dans les usines chinoises qui approvisionnent Apple continuent de faire des heures suppl\u00e9mentaires.<\/p><p>IndustriALL Global Union critique avec force l&rsquo;absence de r\u00e9forme:<\/p><p>&quot;Apple devrait savoir qui fait entendre la voix des travailleurs et travailleuses. La solution efficace pour corriger les infractions \u00e0 l&rsquo;\u00e9gard des salari\u00e9s chez les fournisseurs de Apple ne peut trouver place que dans un dialogue ou une discussion face \u00e0 face avec des repr\u00e9sentant(e)s d\u00e9mocratiquement \u00e9lus par le personnel.&quot;<\/p><p>Pour en savoir davantage sur les promesses non tenues, cit\u00e9es par Economic Policy Institute, cliquer <a href=\"http:\/\/www.epi.org\/blog\/broken-promises-continuing-worker-abuses\" target=\"_blank\">ici<\/a>.<\/p>","protected":false},"featured_media":0,"template":"","issues":[396,409,425],"companies":[11],"regions":[163],"sectors":[492],"article_tags":[],"class_list":["post-173286","article","type-article","status-publish","hentry","issues-building-strong-unions","issues-multinational-companies-mncs","issues-workers-rights","companies-apple","regions-china","sectors-electronics"],"acf":[],"yoast_head":"<!-- This site is optimized with the Yoast SEO Premium plugin v27.1 (Yoast SEO v27.1) - https:\/\/yoast.com\/product\/yoast-seo-premium-wordpress\/ -->\n<title>Les salari\u00e9s de Apple et de ses fournisseurs n\u2019obtiennent aucun des changements promis - industriall-union<\/title>\n<meta name=\"description\" content=\"Apple et ses fournisseurs ont b\u00e9n\u00e9fici\u00e9 d&rsquo;une couverture m\u00e9diatique importante quand au d\u00e9but de l&rsquo;ann\u00e9e, ils se sont engag\u00e9s \u00e0 mettre fin aux\" \/>\n<meta name=\"robots\" content=\"index, follow, max-snippet:-1, max-image-preview:large, max-video-preview:-1\" \/>\n<link rel=\"canonical\" href=\"https:\/\/admin.industriall-union.org\/fr\/les-salaries-de-apple-et-de-ses-fournisseurs-n-obtiennent-aucun-des-changements-promis\/\" \/>\n<meta property=\"og:locale\" content=\"fr_FR\" \/>\n<meta property=\"og:type\" content=\"article\" \/>\n<meta property=\"og:title\" content=\"Les salari\u00e9s de Apple et de ses fournisseurs n\u2019obtiennent aucun des changements promis\" \/>\n<meta property=\"og:description\" content=\"Apple et ses fournisseurs ont b\u00e9n\u00e9fici\u00e9 d&rsquo;une couverture m\u00e9diatique importante quand au d\u00e9but de l&rsquo;ann\u00e9e, ils se sont engag\u00e9s \u00e0 mettre fin aux\" \/>\n<meta property=\"og:url\" content=\"https:\/\/admin.industriall-union.org\/fr\/les-salaries-de-apple-et-de-ses-fournisseurs-n-obtiennent-aucun-des-changements-promis\/\" \/>\n<meta property=\"og:site_name\" content=\"industriall-union\" \/>\n<meta property=\"article:modified_time\" content=\"2025-02-08T09:10:18+00:00\" \/>\n<meta name=\"twitter:card\" content=\"summary_large_image\" \/>\n<meta name=\"twitter:label1\" content=\"Est. reading time\" \/>\n\t<meta name=\"twitter:data1\" content=\"1 minute\" \/>\n<script type=\"application\/ld+json\" class=\"yoast-schema-graph\">{\"@context\":\"https:\/\/schema.org\",\"@graph\":[{\"@type\":\"WebPage\",\"@id\":\"https:\/\/admin.industriall-union.org\/fr\/les-salaries-de-apple-et-de-ses-fournisseurs-n-obtiennent-aucun-des-changements-promis\/\",\"url\":\"https:\/\/admin.industriall-union.org\/fr\/les-salaries-de-apple-et-de-ses-fournisseurs-n-obtiennent-aucun-des-changements-promis\/\",\"name\":\"Les salari\u00e9s de Apple et de ses fournisseurs n\u2019obtiennent aucun des changements promis - industriall-union\",\"isPartOf\":{\"@id\":\"https:\/\/admin.industriall-union.org\/#website\"},\"datePublished\":\"2013-09-06T12:26:28+00:00\",\"dateModified\":\"2025-02-08T09:10:18+00:00\",\"description\":\"Apple et ses fournisseurs ont b\u00e9n\u00e9fici\u00e9 d&rsquo;une couverture m\u00e9diatique importante quand au d\u00e9but de l&rsquo;ann\u00e9e, ils se sont engag\u00e9s \u00e0 mettre fin aux\",\"breadcrumb\":{\"@id\":\"https:\/\/admin.industriall-union.org\/fr\/les-salaries-de-apple-et-de-ses-fournisseurs-n-obtiennent-aucun-des-changements-promis\/#breadcrumb\"},\"inLanguage\":\"fr-FR\",\"potentialAction\":[{\"@type\":\"ReadAction\",\"target\":[\"https:\/\/admin.industriall-union.org\/fr\/les-salaries-de-apple-et-de-ses-fournisseurs-n-obtiennent-aucun-des-changements-promis\/\"]}]},{\"@type\":\"BreadcrumbList\",\"@id\":\"https:\/\/admin.industriall-union.org\/fr\/les-salaries-de-apple-et-de-ses-fournisseurs-n-obtiennent-aucun-des-changements-promis\/#breadcrumb\",\"itemListElement\":[{\"@type\":\"ListItem\",\"position\":1,\"name\":\"Home\",\"item\":\"https:\/\/admin.industriall-union.org\/\"},{\"@type\":\"ListItem\",\"position\":2,\"name\":\"Articles\",\"item\":\"https:\/\/admin.industriall-union.org\/article\/\"},{\"@type\":\"ListItem\",\"position\":3,\"name\":\"Les salari\u00e9s de Apple et de ses fournisseurs n\u2019obtiennent aucun des changements promis\"}]},{\"@type\":\"WebSite\",\"@id\":\"https:\/\/admin.industriall-union.org\/#website\",\"url\":\"https:\/\/admin.industriall-union.org\/\",\"name\":\"industriall-union\",\"description\":\"\",\"potentialAction\":[{\"@type\":\"SearchAction\",\"target\":{\"@type\":\"EntryPoint\",\"urlTemplate\":\"https:\/\/admin.industriall-union.org\/?s={search_term_string}\"},\"query-input\":{\"@type\":\"PropertyValueSpecification\",\"valueRequired\":true,\"valueName\":\"search_term_string\"}}],\"inLanguage\":\"fr-FR\"}]}<\/script>\n<!-- \/ Yoast SEO Premium plugin. -->","yoast_head_json":{"title":"Les salari\u00e9s de Apple et de ses fournisseurs n\u2019obtiennent aucun des changements promis - industriall-union","description":"Apple et ses fournisseurs ont b\u00e9n\u00e9fici\u00e9 d&rsquo;une couverture m\u00e9diatique importante quand au d\u00e9but de l&rsquo;ann\u00e9e, ils se sont engag\u00e9s \u00e0 mettre fin aux","robots":{"index":"index","follow":"follow","max-snippet":"max-snippet:-1","max-image-preview":"max-image-preview:large","max-video-preview":"max-video-preview:-1"},"canonical":"https:\/\/admin.industriall-union.org\/fr\/les-salaries-de-apple-et-de-ses-fournisseurs-n-obtiennent-aucun-des-changements-promis\/","og_locale":"fr_FR","og_type":"article","og_title":"Les salari\u00e9s de Apple et de ses fournisseurs n\u2019obtiennent aucun des changements promis","og_description":"Apple et ses fournisseurs ont b\u00e9n\u00e9fici\u00e9 d&rsquo;une couverture m\u00e9diatique importante quand au d\u00e9but de l&rsquo;ann\u00e9e, ils se sont engag\u00e9s \u00e0 mettre fin aux","og_url":"https:\/\/admin.industriall-union.org\/fr\/les-salaries-de-apple-et-de-ses-fournisseurs-n-obtiennent-aucun-des-changements-promis\/","og_site_name":"industriall-union","article_modified_time":"2025-02-08T09:10:18+00:00","twitter_card":"summary_large_image","twitter_misc":{"Est. reading time":"1 minute"},"schema":{"@context":"https:\/\/schema.org","@graph":[{"@type":"WebPage","@id":"https:\/\/admin.industriall-union.org\/fr\/les-salaries-de-apple-et-de-ses-fournisseurs-n-obtiennent-aucun-des-changements-promis\/","url":"https:\/\/admin.industriall-union.org\/fr\/les-salaries-de-apple-et-de-ses-fournisseurs-n-obtiennent-aucun-des-changements-promis\/","name":"Les salari\u00e9s de Apple et de ses fournisseurs n\u2019obtiennent aucun des changements promis - industriall-union","isPartOf":{"@id":"https:\/\/admin.industriall-union.org\/#website"},"datePublished":"2013-09-06T12:26:28+00:00","dateModified":"2025-02-08T09:10:18+00:00","description":"Apple et ses fournisseurs ont b\u00e9n\u00e9fici\u00e9 d&rsquo;une couverture m\u00e9diatique importante quand au d\u00e9but de l&rsquo;ann\u00e9e, ils se sont engag\u00e9s \u00e0 mettre fin aux","breadcrumb":{"@id":"https:\/\/admin.industriall-union.org\/fr\/les-salaries-de-apple-et-de-ses-fournisseurs-n-obtiennent-aucun-des-changements-promis\/#breadcrumb"},"inLanguage":"fr-FR","potentialAction":[{"@type":"ReadAction","target":["https:\/\/admin.industriall-union.org\/fr\/les-salaries-de-apple-et-de-ses-fournisseurs-n-obtiennent-aucun-des-changements-promis\/"]}]},{"@type":"BreadcrumbList","@id":"https:\/\/admin.industriall-union.org\/fr\/les-salaries-de-apple-et-de-ses-fournisseurs-n-obtiennent-aucun-des-changements-promis\/#breadcrumb","itemListElement":[{"@type":"ListItem","position":1,"name":"Home","item":"https:\/\/admin.industriall-union.org\/"},{"@type":"ListItem","position":2,"name":"Articles","item":"https:\/\/admin.industriall-union.org\/article\/"},{"@type":"ListItem","position":3,"name":"Les salari\u00e9s de Apple et de ses fournisseurs n\u2019obtiennent aucun des changements promis"}]},{"@type":"WebSite","@id":"https:\/\/admin.industriall-union.org\/#website","url":"https:\/\/admin.industriall-union.org\/","name":"industriall-union","description":"","potentialAction":[{"@type":"SearchAction","target":{"@type":"EntryPoint","urlTemplate":"https:\/\/admin.industriall-union.org\/?s={search_term_string}"},"query-input":{"@type":"PropertyValueSpecification","valueRequired":true,"valueName":"search_term_string"}}],"inLanguage":"fr-FR"}]}},"_links":{"self":[{"href":"https:\/\/admin.industriall-union.org\/fr\/wp-json\/wp\/v2\/article\/173286","targetHints":{"allow":["GET"]}}],"collection":[{"href":"https:\/\/admin.industriall-union.org\/fr\/wp-json\/wp\/v2\/article"}],"about":[{"href":"https:\/\/admin.industriall-union.org\/fr\/wp-json\/wp\/v2\/types\/article"}],"wp:attachment":[{"href":"https:\/\/admin.industriall-union.org\/fr\/wp-json\/wp\/v2\/media?parent=173286"}],"wp:term":[{"taxonomy":"issues","embeddable":true,"href":"https:\/\/admin.industriall-union.org\/fr\/wp-json\/wp\/v2\/issues?post=173286"},{"taxonomy":"companies","embeddable":true,"href":"https:\/\/admin.industriall-union.org\/fr\/wp-json\/wp\/v2\/companies?post=173286"},{"taxonomy":"regions","embeddable":true,"href":"https:\/\/admin.industriall-union.org\/fr\/wp-json\/wp\/v2\/regions?post=173286"},{"taxonomy":"sectors","embeddable":true,"href":"https:\/\/admin.industriall-union.org\/fr\/wp-json\/wp\/v2\/sectors?post=173286"},{"taxonomy":"article_tags","embeddable":true,"href":"https:\/\/admin.industriall-union.org\/fr\/wp-json\/wp\/v2\/article_tags?post=173286"}],"curies":[{"name":"wp","href":"https:\/\/api.w.org\/{rel}","templated":true}]}}