{"id":173283,"date":"2013-09-09T08:50:28","date_gmt":"2013-09-09T08:50:28","guid":{"rendered":"https:\/\/admin.industriall-union.org\/repression-de-la-campagne-pour-la-democratie-au-swaziland\/"},"modified":"2025-02-08T09:10:16","modified_gmt":"2025-02-08T09:10:16","slug":"repression-de-la-campagne-pour-la-democratie-au-swaziland","status":"publish","type":"article","link":"https:\/\/admin.industriall-union.org\/fr\/repression-de-la-campagne-pour-la-democratie-au-swaziland\/","title":{"rendered":"R\u00e9pression de la campagne pour la d\u00e9mocratie au Swaziland"},"content":{"rendered":"<p>Il y avait une forte pr\u00e9sence polici\u00e8re \u00e0 l&rsquo;endroit o\u00f9 devait se tenir l&rsquo;enqu\u00eate organis\u00e9e par la Conf\u00e9d\u00e9ration Syndicale Internationale (CSI) dans le cadre de sa Semaine d&rsquo;action mondiale pour la d\u00e9mocratie et les droits des travailleurs au Swaziland. Le panel devait entendre les t\u00e9moignages de travailleurs sur leur condition dans le pays et pr\u00e9senter ses conclusions \u00e0 la face du monde. La police a emp\u00each\u00e9 la tenue de cette enqu\u00eate en pr\u00e9textant que cette d\u00e9marche \u00e9tait inappropri\u00e9e le 6 septembre, date de l&rsquo;Ind\u00e9pendance, qui devait rester un jour de r\u00e9jouissances.<\/p><p>Jay Naidoo et plusieurs autres personnes dont Paul Verryn, \u00e9v\u00eaque de l&rsquo;\u00e9glise m\u00e9thodiste et Paliani Chinguwo du SATUCC (Conseil de Coordination des Syndicats d&rsquo;Afrique australe) ont \u00e9t\u00e9 arr\u00eat\u00e9s \u00e0 un barrage routier la veille et maintenus en d\u00e9tention pour interrogatoire avant d&rsquo;\u00eatre rel\u00e2ch\u00e9s plus tard.<\/p><p>Le 5 septembre \u00e9galement, le Secr\u00e9taire g\u00e9n\u00e9ral du TUCOSWA (Congr\u00e8s des Syndicats du Swaziland), Vincent Ncongwane, a \u00e9t\u00e9 arr\u00eat\u00e9 et emmen\u00e9 pour \u00eatre interrog\u00e9. Le TUCOSWA insiste pour pr\u00e9ciser que la proc\u00e9dure avait \u00e9t\u00e9 respect\u00e9e et le gouvernement inform\u00e9 des manifestations de masse pr\u00e9vues et qui n&rsquo;ont finalement pas pu avoir lieu.<\/p><p>Cette violation patente des droits de l&#039;homme a eu lieu quelques jours \u00e0 peine apr\u00e8s que le Roi Mswati ait d\u00e9clar\u00e9 avoir eu la r\u00e9v\u00e9lation que sa monarchie absolue devrait dor\u00e9navant \u00eatre officiellement qualifi\u00e9e de d\u00e9mocratie monarchique. Les critiques soup\u00e7onnent cette d\u00e9marche d&rsquo;\u00eatre une tentative de jeter la confusion aupr\u00e8s de la population au sujet des droits d\u00e9mocratiques alors que des \u00e9lections parlementaires doivent avoir lieu ce mois au sein cette monarchie absolue.<\/p><p>Voil\u00e0 45 ans que le Swaziland s&rsquo;est affranchi de son statut colonial mais 40 ans que le pays vit sous l&rsquo;\u00e9tat d&rsquo;urgence utilis\u00e9 par Mswati pour priver le peuple swazi de ses droits d\u00e9mocratiques. Le Swaziland est l&rsquo;un des pays les plus pauvres du monde. Plus de 60% de la population vivent dans une pauvret\u00e9 sans nom et le taux de ch\u00f4mage est de 28,5%. Il n&rsquo;y a pas de libert\u00e9 de la presse ou de justice ind\u00e9pendante. Les partis politiques sont interdits. Les institutions d\u00e9mocratiques et les syndicats font l&rsquo;objet d&rsquo;attaques permanentes et le Congr\u00e8s des Syndicats du Swaziland est toujours priv\u00e9 de statut l\u00e9gal de sorte \u00e0 emp\u00eacher l&rsquo;unit\u00e9 des travailleurs.<\/p>","protected":false},"featured_media":0,"template":"","issues":[422,424],"companies":[],"regions":[353],"sectors":[],"article_tags":[],"class_list":["post-173283","article","type-article","status-publish","hentry","issues-human-trade-union-rights","issues-violation","regions-kingdom-of-eswatini"],"acf":[],"yoast_head":"<!-- This site is optimized with the Yoast SEO Premium plugin v27.1 (Yoast SEO v27.1) - https:\/\/yoast.com\/product\/yoast-seo-premium-wordpress\/ -->\n<title>R\u00e9pression de la campagne pour la d\u00e9mocratie au Swaziland - industriall-union<\/title>\n<meta name=\"description\" content=\"Il y avait une forte pr\u00e9sence polici\u00e8re \u00e0 l&rsquo;endroit o\u00f9 devait se tenir l&rsquo;enqu\u00eate organis\u00e9e par la Conf\u00e9d\u00e9ration Syndicale Internationale (CSI)\" \/>\n<meta name=\"robots\" content=\"index, follow, max-snippet:-1, max-image-preview:large, max-video-preview:-1\" \/>\n<link rel=\"canonical\" href=\"https:\/\/admin.industriall-union.org\/fr\/repression-de-la-campagne-pour-la-democratie-au-swaziland\/\" \/>\n<meta property=\"og:locale\" content=\"fr_FR\" \/>\n<meta property=\"og:type\" content=\"article\" \/>\n<meta property=\"og:title\" content=\"R\u00e9pression de la campagne pour la d\u00e9mocratie au Swaziland\" \/>\n<meta property=\"og:description\" content=\"Il y avait une forte pr\u00e9sence polici\u00e8re \u00e0 l&rsquo;endroit o\u00f9 devait se tenir l&rsquo;enqu\u00eate organis\u00e9e par la Conf\u00e9d\u00e9ration Syndicale Internationale (CSI)\" \/>\n<meta property=\"og:url\" content=\"https:\/\/admin.industriall-union.org\/fr\/repression-de-la-campagne-pour-la-democratie-au-swaziland\/\" \/>\n<meta property=\"og:site_name\" content=\"industriall-union\" \/>\n<meta property=\"article:modified_time\" content=\"2025-02-08T09:10:16+00:00\" \/>\n<meta name=\"twitter:card\" content=\"summary_large_image\" \/>\n<meta name=\"twitter:label1\" content=\"Est. reading time\" \/>\n\t<meta name=\"twitter:data1\" content=\"2 minutes\" \/>\n<script type=\"application\/ld+json\" class=\"yoast-schema-graph\">{\"@context\":\"https:\/\/schema.org\",\"@graph\":[{\"@type\":\"WebPage\",\"@id\":\"https:\/\/admin.industriall-union.org\/fr\/repression-de-la-campagne-pour-la-democratie-au-swaziland\/\",\"url\":\"https:\/\/admin.industriall-union.org\/fr\/repression-de-la-campagne-pour-la-democratie-au-swaziland\/\",\"name\":\"R\u00e9pression de la campagne pour la d\u00e9mocratie au Swaziland - industriall-union\",\"isPartOf\":{\"@id\":\"https:\/\/admin.industriall-union.org\/#website\"},\"datePublished\":\"2013-09-09T08:50:28+00:00\",\"dateModified\":\"2025-02-08T09:10:16+00:00\",\"description\":\"Il y avait une forte pr\u00e9sence polici\u00e8re \u00e0 l&rsquo;endroit o\u00f9 devait se tenir l&rsquo;enqu\u00eate organis\u00e9e par la Conf\u00e9d\u00e9ration Syndicale Internationale (CSI)\",\"breadcrumb\":{\"@id\":\"https:\/\/admin.industriall-union.org\/fr\/repression-de-la-campagne-pour-la-democratie-au-swaziland\/#breadcrumb\"},\"inLanguage\":\"fr-FR\",\"potentialAction\":[{\"@type\":\"ReadAction\",\"target\":[\"https:\/\/admin.industriall-union.org\/fr\/repression-de-la-campagne-pour-la-democratie-au-swaziland\/\"]}]},{\"@type\":\"BreadcrumbList\",\"@id\":\"https:\/\/admin.industriall-union.org\/fr\/repression-de-la-campagne-pour-la-democratie-au-swaziland\/#breadcrumb\",\"itemListElement\":[{\"@type\":\"ListItem\",\"position\":1,\"name\":\"Home\",\"item\":\"https:\/\/admin.industriall-union.org\/\"},{\"@type\":\"ListItem\",\"position\":2,\"name\":\"Articles\",\"item\":\"https:\/\/admin.industriall-union.org\/article\/\"},{\"@type\":\"ListItem\",\"position\":3,\"name\":\"R\u00e9pression de la campagne pour la d\u00e9mocratie au Swaziland\"}]},{\"@type\":\"WebSite\",\"@id\":\"https:\/\/admin.industriall-union.org\/#website\",\"url\":\"https:\/\/admin.industriall-union.org\/\",\"name\":\"industriall-union\",\"description\":\"\",\"potentialAction\":[{\"@type\":\"SearchAction\",\"target\":{\"@type\":\"EntryPoint\",\"urlTemplate\":\"https:\/\/admin.industriall-union.org\/?s={search_term_string}\"},\"query-input\":{\"@type\":\"PropertyValueSpecification\",\"valueRequired\":true,\"valueName\":\"search_term_string\"}}],\"inLanguage\":\"fr-FR\"}]}<\/script>\n<!-- \/ Yoast SEO Premium plugin. -->","yoast_head_json":{"title":"R\u00e9pression de la campagne pour la d\u00e9mocratie au Swaziland - industriall-union","description":"Il y avait une forte pr\u00e9sence polici\u00e8re \u00e0 l&rsquo;endroit o\u00f9 devait se tenir l&rsquo;enqu\u00eate organis\u00e9e par la Conf\u00e9d\u00e9ration Syndicale Internationale (CSI)","robots":{"index":"index","follow":"follow","max-snippet":"max-snippet:-1","max-image-preview":"max-image-preview:large","max-video-preview":"max-video-preview:-1"},"canonical":"https:\/\/admin.industriall-union.org\/fr\/repression-de-la-campagne-pour-la-democratie-au-swaziland\/","og_locale":"fr_FR","og_type":"article","og_title":"R\u00e9pression de la campagne pour la d\u00e9mocratie au Swaziland","og_description":"Il y avait une forte pr\u00e9sence polici\u00e8re \u00e0 l&rsquo;endroit o\u00f9 devait se tenir l&rsquo;enqu\u00eate organis\u00e9e par la Conf\u00e9d\u00e9ration Syndicale Internationale (CSI)","og_url":"https:\/\/admin.industriall-union.org\/fr\/repression-de-la-campagne-pour-la-democratie-au-swaziland\/","og_site_name":"industriall-union","article_modified_time":"2025-02-08T09:10:16+00:00","twitter_card":"summary_large_image","twitter_misc":{"Est. reading time":"2 minutes"},"schema":{"@context":"https:\/\/schema.org","@graph":[{"@type":"WebPage","@id":"https:\/\/admin.industriall-union.org\/fr\/repression-de-la-campagne-pour-la-democratie-au-swaziland\/","url":"https:\/\/admin.industriall-union.org\/fr\/repression-de-la-campagne-pour-la-democratie-au-swaziland\/","name":"R\u00e9pression de la campagne pour la d\u00e9mocratie au Swaziland - industriall-union","isPartOf":{"@id":"https:\/\/admin.industriall-union.org\/#website"},"datePublished":"2013-09-09T08:50:28+00:00","dateModified":"2025-02-08T09:10:16+00:00","description":"Il y avait une forte pr\u00e9sence polici\u00e8re \u00e0 l&rsquo;endroit o\u00f9 devait se tenir l&rsquo;enqu\u00eate organis\u00e9e par la Conf\u00e9d\u00e9ration Syndicale Internationale (CSI)","breadcrumb":{"@id":"https:\/\/admin.industriall-union.org\/fr\/repression-de-la-campagne-pour-la-democratie-au-swaziland\/#breadcrumb"},"inLanguage":"fr-FR","potentialAction":[{"@type":"ReadAction","target":["https:\/\/admin.industriall-union.org\/fr\/repression-de-la-campagne-pour-la-democratie-au-swaziland\/"]}]},{"@type":"BreadcrumbList","@id":"https:\/\/admin.industriall-union.org\/fr\/repression-de-la-campagne-pour-la-democratie-au-swaziland\/#breadcrumb","itemListElement":[{"@type":"ListItem","position":1,"name":"Home","item":"https:\/\/admin.industriall-union.org\/"},{"@type":"ListItem","position":2,"name":"Articles","item":"https:\/\/admin.industriall-union.org\/article\/"},{"@type":"ListItem","position":3,"name":"R\u00e9pression de la campagne pour la d\u00e9mocratie au Swaziland"}]},{"@type":"WebSite","@id":"https:\/\/admin.industriall-union.org\/#website","url":"https:\/\/admin.industriall-union.org\/","name":"industriall-union","description":"","potentialAction":[{"@type":"SearchAction","target":{"@type":"EntryPoint","urlTemplate":"https:\/\/admin.industriall-union.org\/?s={search_term_string}"},"query-input":{"@type":"PropertyValueSpecification","valueRequired":true,"valueName":"search_term_string"}}],"inLanguage":"fr-FR"}]}},"_links":{"self":[{"href":"https:\/\/admin.industriall-union.org\/fr\/wp-json\/wp\/v2\/article\/173283","targetHints":{"allow":["GET"]}}],"collection":[{"href":"https:\/\/admin.industriall-union.org\/fr\/wp-json\/wp\/v2\/article"}],"about":[{"href":"https:\/\/admin.industriall-union.org\/fr\/wp-json\/wp\/v2\/types\/article"}],"wp:attachment":[{"href":"https:\/\/admin.industriall-union.org\/fr\/wp-json\/wp\/v2\/media?parent=173283"}],"wp:term":[{"taxonomy":"issues","embeddable":true,"href":"https:\/\/admin.industriall-union.org\/fr\/wp-json\/wp\/v2\/issues?post=173283"},{"taxonomy":"companies","embeddable":true,"href":"https:\/\/admin.industriall-union.org\/fr\/wp-json\/wp\/v2\/companies?post=173283"},{"taxonomy":"regions","embeddable":true,"href":"https:\/\/admin.industriall-union.org\/fr\/wp-json\/wp\/v2\/regions?post=173283"},{"taxonomy":"sectors","embeddable":true,"href":"https:\/\/admin.industriall-union.org\/fr\/wp-json\/wp\/v2\/sectors?post=173283"},{"taxonomy":"article_tags","embeddable":true,"href":"https:\/\/admin.industriall-union.org\/fr\/wp-json\/wp\/v2\/article_tags?post=173283"}],"curies":[{"name":"wp","href":"https:\/\/api.w.org\/{rel}","templated":true}]}}