{"id":152764,"date":"2013-09-18T14:27:25","date_gmt":"2013-09-18T14:27:25","guid":{"rendered":"https:\/\/admin.industriall-union.org\/les-syndicats-allemands-endiguent-le-travail-precaire\/"},"modified":"2025-02-08T08:46:48","modified_gmt":"2025-02-08T08:46:48","slug":"les-syndicats-allemands-endiguent-le-travail-precaire","status":"publish","type":"article","link":"https:\/\/admin.industriall-union.org\/fr\/les-syndicats-allemands-endiguent-le-travail-precaire\/","title":{"rendered":"Les syndicats allemands endiguent le travail pr\u00e9caire"},"content":{"rendered":"<p>IG Metall, membre de la conf\u00e9d\u00e9ration allemande des syndicats DGB et affili\u00e9 d&rsquo;IndustriALL, peut f\u00eater une remarquable victoire apr\u00e8s avoir obtenu de meilleurs salaires pour les travailleurs int\u00e9rimaires. Ce 16 septembre \u00e0 Berlin, la Commission des Salaires de la DGB a conclu une convention avec deux associations patronales, IGZ et BAP. Celle-ci apporte des augmentations aux salaires mensuels des travailleurs temporaires. A partir du 1er janvier 2014, leurs salaires augmenteront en trois phases pour un total de 9,6% en Allemagne de l&#039;Ouest et de 12,8% \u00e0 l&#039;Est, r\u00e9duisant en cela de mani\u00e8re significative l&#039;\u00e9cart salarial entre l&#039;Est et l&#039;Ouest. L&rsquo;accord, qui interdit \u00e9galement le recours aux int\u00e9rimaires comme briseurs de gr\u00e8ve, est valable jusqu&rsquo;en 2016.<\/p><p>Helga Schwitzer, Membre du Comit\u00e9 ex\u00e9cutif d&#039;IG Metall, commente ainsi cet acquis&nbsp;: &laquo;&nbsp;Par cette convention ferme nouvellement n\u00e9goci\u00e9e et am\u00e9lior\u00e9e, en particulier en ce qui concerne le salaire minimum de 8,50 euros, nous donnons un coup de pouce significatif \u00e0 la situation salariale des travailleurs temporaires en Allemagne.&nbsp;&raquo;<\/p><p>Dans le m\u00eame temps, Helga Schwitzer souligne que &laquo;&nbsp;la convention collective en faveur des travailleurs temporaires n&rsquo;est pas une panac\u00e9e. Le syndicat IG Metall ne peut pas compl\u00e8tement r\u00e9soudre le probl\u00e8me des injustices au niveau du travail int\u00e9rimaire par le biais de conventions collectives, ni les abus g\u00e9n\u00e9ralis\u00e9s, ni l&rsquo;absence de salaire minimum dans de nombreux secteurs. Une politique sp\u00e9cifique est n\u00e9cessaire pour traiter cette probl\u00e9matique.&nbsp;&raquo;<\/p><p>Elle poursuit&nbsp;: &laquo;&nbsp;Une telle politique ne peut se contenter de termes vagues, mais doit contenir des prescriptions l\u00e9gales claires concernant les abus li\u00e9s au travail temporaire.&nbsp;&raquo;<\/p><p>IndustriALL appelle tous ses affili\u00e9s \u00e0 rejoindre le combat mondial contre le travail pr\u00e9caire en menant des actions le 7 octobre, Journ\u00e9e mondiale pour le travail d\u00e9cent. Toutes les nouvelles et le mat\u00e9riel de campagne sont disponibles sur la page de la campagne STOP au Travail Pr\u00e9caire <a href=\"http:\/\/www.industriall-union.org\/fr\/themes\/justice-sociale-et-mondialisation\/stop-au-travail-precaire\">http:\/\/www.industriall-union.org\/fr\/themes\/justice-sociale-et-mondialisation\/stop-au-travail-precaire<\/a>. Suivez-nous sur&nbsp; Twitter @IndustriALL_GU et partagez vos messages sur vos actions et vos r\u00e9alisations dans le cadre de la campagne mondiale STOP au Travail Pr\u00e9caire en leur accolant le hashtag #STOPrecariousWork.<\/p>","protected":false},"featured_media":0,"template":"","issues":[415],"companies":[],"regions":[219],"sectors":[],"article_tags":[535],"class_list":["post-152764","article","type-article","status-publish","hentry","issues-stop-precarious-work","regions-germany","article_tags-world-day-for-decent-work-wddw"],"acf":[],"yoast_head":"<!-- This site is optimized with the Yoast SEO Premium plugin v27.1 (Yoast SEO v27.1) - https:\/\/yoast.com\/product\/yoast-seo-premium-wordpress\/ -->\n<title>Les syndicats allemands endiguent le travail pr\u00e9caire - industriall-union<\/title>\n<meta name=\"description\" content=\"IG Metall, membre de la conf\u00e9d\u00e9ration allemande des syndicats DGB et affili\u00e9 d&rsquo;IndustriALL, peut f\u00eater une remarquable victoire apr\u00e8s avoir obtenu\" \/>\n<meta name=\"robots\" content=\"index, follow, max-snippet:-1, max-image-preview:large, max-video-preview:-1\" \/>\n<link rel=\"canonical\" href=\"https:\/\/admin.industriall-union.org\/fr\/les-syndicats-allemands-endiguent-le-travail-precaire\/\" \/>\n<meta property=\"og:locale\" content=\"fr_FR\" \/>\n<meta property=\"og:type\" content=\"article\" \/>\n<meta property=\"og:title\" content=\"Les syndicats allemands endiguent le travail pr\u00e9caire\" \/>\n<meta property=\"og:description\" content=\"IG Metall, membre de la conf\u00e9d\u00e9ration allemande des syndicats DGB et affili\u00e9 d&rsquo;IndustriALL, peut f\u00eater une remarquable victoire apr\u00e8s avoir obtenu\" \/>\n<meta property=\"og:url\" content=\"https:\/\/admin.industriall-union.org\/fr\/les-syndicats-allemands-endiguent-le-travail-precaire\/\" \/>\n<meta property=\"og:site_name\" content=\"industriall-union\" \/>\n<meta property=\"article:modified_time\" content=\"2025-02-08T08:46:48+00:00\" \/>\n<meta name=\"twitter:card\" content=\"summary_large_image\" \/>\n<meta name=\"twitter:label1\" content=\"Est. reading time\" \/>\n\t<meta name=\"twitter:data1\" content=\"2 minutes\" \/>\n<script type=\"application\/ld+json\" class=\"yoast-schema-graph\">{\"@context\":\"https:\/\/schema.org\",\"@graph\":[{\"@type\":\"WebPage\",\"@id\":\"https:\/\/admin.industriall-union.org\/fr\/les-syndicats-allemands-endiguent-le-travail-precaire\/\",\"url\":\"https:\/\/admin.industriall-union.org\/fr\/les-syndicats-allemands-endiguent-le-travail-precaire\/\",\"name\":\"Les syndicats allemands endiguent le travail pr\u00e9caire - industriall-union\",\"isPartOf\":{\"@id\":\"https:\/\/admin.industriall-union.org\/#website\"},\"datePublished\":\"2013-09-18T14:27:25+00:00\",\"dateModified\":\"2025-02-08T08:46:48+00:00\",\"description\":\"IG Metall, membre de la conf\u00e9d\u00e9ration allemande des syndicats DGB et affili\u00e9 d&rsquo;IndustriALL, peut f\u00eater une remarquable victoire apr\u00e8s avoir obtenu\",\"breadcrumb\":{\"@id\":\"https:\/\/admin.industriall-union.org\/fr\/les-syndicats-allemands-endiguent-le-travail-precaire\/#breadcrumb\"},\"inLanguage\":\"fr-FR\",\"potentialAction\":[{\"@type\":\"ReadAction\",\"target\":[\"https:\/\/admin.industriall-union.org\/fr\/les-syndicats-allemands-endiguent-le-travail-precaire\/\"]}]},{\"@type\":\"BreadcrumbList\",\"@id\":\"https:\/\/admin.industriall-union.org\/fr\/les-syndicats-allemands-endiguent-le-travail-precaire\/#breadcrumb\",\"itemListElement\":[{\"@type\":\"ListItem\",\"position\":1,\"name\":\"Home\",\"item\":\"https:\/\/admin.industriall-union.org\/\"},{\"@type\":\"ListItem\",\"position\":2,\"name\":\"Articles\",\"item\":\"https:\/\/admin.industriall-union.org\/article\/\"},{\"@type\":\"ListItem\",\"position\":3,\"name\":\"Les syndicats allemands endiguent le travail pr\u00e9caire\"}]},{\"@type\":\"WebSite\",\"@id\":\"https:\/\/admin.industriall-union.org\/#website\",\"url\":\"https:\/\/admin.industriall-union.org\/\",\"name\":\"industriall-union\",\"description\":\"\",\"potentialAction\":[{\"@type\":\"SearchAction\",\"target\":{\"@type\":\"EntryPoint\",\"urlTemplate\":\"https:\/\/admin.industriall-union.org\/?s={search_term_string}\"},\"query-input\":{\"@type\":\"PropertyValueSpecification\",\"valueRequired\":true,\"valueName\":\"search_term_string\"}}],\"inLanguage\":\"fr-FR\"}]}<\/script>\n<!-- \/ Yoast SEO Premium plugin. -->","yoast_head_json":{"title":"Les syndicats allemands endiguent le travail pr\u00e9caire - industriall-union","description":"IG Metall, membre de la conf\u00e9d\u00e9ration allemande des syndicats DGB et affili\u00e9 d&rsquo;IndustriALL, peut f\u00eater une remarquable victoire apr\u00e8s avoir obtenu","robots":{"index":"index","follow":"follow","max-snippet":"max-snippet:-1","max-image-preview":"max-image-preview:large","max-video-preview":"max-video-preview:-1"},"canonical":"https:\/\/admin.industriall-union.org\/fr\/les-syndicats-allemands-endiguent-le-travail-precaire\/","og_locale":"fr_FR","og_type":"article","og_title":"Les syndicats allemands endiguent le travail pr\u00e9caire","og_description":"IG Metall, membre de la conf\u00e9d\u00e9ration allemande des syndicats DGB et affili\u00e9 d&rsquo;IndustriALL, peut f\u00eater une remarquable victoire apr\u00e8s avoir obtenu","og_url":"https:\/\/admin.industriall-union.org\/fr\/les-syndicats-allemands-endiguent-le-travail-precaire\/","og_site_name":"industriall-union","article_modified_time":"2025-02-08T08:46:48+00:00","twitter_card":"summary_large_image","twitter_misc":{"Est. reading time":"2 minutes"},"schema":{"@context":"https:\/\/schema.org","@graph":[{"@type":"WebPage","@id":"https:\/\/admin.industriall-union.org\/fr\/les-syndicats-allemands-endiguent-le-travail-precaire\/","url":"https:\/\/admin.industriall-union.org\/fr\/les-syndicats-allemands-endiguent-le-travail-precaire\/","name":"Les syndicats allemands endiguent le travail pr\u00e9caire - industriall-union","isPartOf":{"@id":"https:\/\/admin.industriall-union.org\/#website"},"datePublished":"2013-09-18T14:27:25+00:00","dateModified":"2025-02-08T08:46:48+00:00","description":"IG Metall, membre de la conf\u00e9d\u00e9ration allemande des syndicats DGB et affili\u00e9 d&rsquo;IndustriALL, peut f\u00eater une remarquable victoire apr\u00e8s avoir obtenu","breadcrumb":{"@id":"https:\/\/admin.industriall-union.org\/fr\/les-syndicats-allemands-endiguent-le-travail-precaire\/#breadcrumb"},"inLanguage":"fr-FR","potentialAction":[{"@type":"ReadAction","target":["https:\/\/admin.industriall-union.org\/fr\/les-syndicats-allemands-endiguent-le-travail-precaire\/"]}]},{"@type":"BreadcrumbList","@id":"https:\/\/admin.industriall-union.org\/fr\/les-syndicats-allemands-endiguent-le-travail-precaire\/#breadcrumb","itemListElement":[{"@type":"ListItem","position":1,"name":"Home","item":"https:\/\/admin.industriall-union.org\/"},{"@type":"ListItem","position":2,"name":"Articles","item":"https:\/\/admin.industriall-union.org\/article\/"},{"@type":"ListItem","position":3,"name":"Les syndicats allemands endiguent le travail pr\u00e9caire"}]},{"@type":"WebSite","@id":"https:\/\/admin.industriall-union.org\/#website","url":"https:\/\/admin.industriall-union.org\/","name":"industriall-union","description":"","potentialAction":[{"@type":"SearchAction","target":{"@type":"EntryPoint","urlTemplate":"https:\/\/admin.industriall-union.org\/?s={search_term_string}"},"query-input":{"@type":"PropertyValueSpecification","valueRequired":true,"valueName":"search_term_string"}}],"inLanguage":"fr-FR"}]}},"_links":{"self":[{"href":"https:\/\/admin.industriall-union.org\/fr\/wp-json\/wp\/v2\/article\/152764","targetHints":{"allow":["GET"]}}],"collection":[{"href":"https:\/\/admin.industriall-union.org\/fr\/wp-json\/wp\/v2\/article"}],"about":[{"href":"https:\/\/admin.industriall-union.org\/fr\/wp-json\/wp\/v2\/types\/article"}],"wp:attachment":[{"href":"https:\/\/admin.industriall-union.org\/fr\/wp-json\/wp\/v2\/media?parent=152764"}],"wp:term":[{"taxonomy":"issues","embeddable":true,"href":"https:\/\/admin.industriall-union.org\/fr\/wp-json\/wp\/v2\/issues?post=152764"},{"taxonomy":"companies","embeddable":true,"href":"https:\/\/admin.industriall-union.org\/fr\/wp-json\/wp\/v2\/companies?post=152764"},{"taxonomy":"regions","embeddable":true,"href":"https:\/\/admin.industriall-union.org\/fr\/wp-json\/wp\/v2\/regions?post=152764"},{"taxonomy":"sectors","embeddable":true,"href":"https:\/\/admin.industriall-union.org\/fr\/wp-json\/wp\/v2\/sectors?post=152764"},{"taxonomy":"article_tags","embeddable":true,"href":"https:\/\/admin.industriall-union.org\/fr\/wp-json\/wp\/v2\/article_tags?post=152764"}],"curies":[{"name":"wp","href":"https:\/\/api.w.org\/{rel}","templated":true}]}}