{"id":152756,"date":"2013-09-24T09:31:01","date_gmt":"2013-09-24T09:31:01","guid":{"rendered":"https:\/\/admin.industriall-union.org\/ouverture-d-un-dialogue-sur-les-droits-syndicaux-au-mexique\/"},"modified":"2025-02-08T08:41:56","modified_gmt":"2025-02-08T08:41:56","slug":"ouverture-d-un-dialogue-sur-les-droits-syndicaux-au-mexique","status":"publish","type":"article","link":"https:\/\/admin.industriall-union.org\/fr\/ouverture-d-un-dialogue-sur-les-droits-syndicaux-au-mexique\/","title":{"rendered":"Ouverture d\u2019un dialogue sur les droits syndicaux au Mexique"},"content":{"rendered":"<p>Pendant plusieurs ann\u00e9es, le Mexique a \u00e9t\u00e9 la cible de IndustriALL Global Union et de ses organisations fondatrices sur la question des droits syndicaux. Un probl\u00e8me fondamental concerne le fait que dans 90 pour cent des cas, les conventions collectives sont en fait des soi-disant contrats de protection qui&nbsp; prot\u00e8gent les employeurs des v\u00e9ritables syndicats.<\/p><p>La pratique la plus courante consiste \u00e0 faire signer par un syndicat jaune un accord modeste avec l&rsquo;entreprise, sans que le personnel soit au courant de la d\u00e9cision &ndash; sans m\u00eame savoir qu&rsquo;il y a un syndicat. De toute \u00e9vidence, les dirigeants du &ldquo;syndicat&rdquo; touchent de bons honoraires de consultants.<\/p><p>Les contrats de protection sont destin\u00e9s \u00e0 garder de bas salaires. Selon une \u00e9tude r\u00e9alis\u00e9e r\u00e9cemment par la Bank of America, les travailleurs et travailleuses dans l&rsquo;industrie mexicaine gagnaient trois fois plus que leurs camarades chinois il y a dix ans. Maintenant, les salaires chinois sont sup\u00e9rieurs de 20 pour cent \u00e0 ceux du Mexique.<\/p><p>Les syndicats ind\u00e9pendants, comme celui des mineurs et des m\u00e9tallurgistes Los Mineros, ont \u00e9t\u00e9 une source d&rsquo;irritation constante pour les grandes entreprises. Ils ont obstin\u00e9ment n\u00e9goci\u00e9 des hausses salariales trois fois sup\u00e9rieures \u00e0 celles obtenues par les syndicats jaunes, parfois apr\u00e8s une action revendicative.<\/p><p>En 2006, le dirigeant du syndicat Los Mineros, Napole\u00f3n G\u00f3mez, a d\u00fb quitter le Mexique pour s&rsquo;exiler au Canada apr\u00e8s des menaces de mort. Le gouvernement et les grandes entreprises ont intent\u00e9, l&rsquo;une apr\u00e8s l&rsquo;autre, des accusations contre lui. Toutes les accusations ont \u00e9t\u00e9 rejet\u00e9es par les tribunaux. Tout n&rsquo;est donc pas pourri au Mexique.<\/p><p>Apr\u00e8s l&rsquo;entr\u00e9e en fonction du nouveau gouvernement mexicain, IndustriALL a d\u00e9cid\u00e9 avec la CSI de voir si une nouvelle ouverture \u00e9tait possible.<\/p><p>Le 23 ao\u00fbt, Sharan Burrow et moi avons conduit une d\u00e9l\u00e9gation conjointe CSI-IndustriALL avec la participation de l&rsquo;USW. Nous&nbsp;<a href=\"http:\/\/www.industriall-union.org\/fr\/rencontre-de-la-csi-et-de-industriall-avec-le-president-mexicain\">avons rencontr\u00e9 le pr\u00e9sident mexicain Enrique Pe\u00f1a Nieto<\/a> et le ministre du Travail Alfonso Navarrete Prida au Palais pr\u00e9sidentiel Los Pinos \u00e0 Mexico. La r\u00e9union a permis l&rsquo;ouverture d&rsquo;un dialogue, ce qui \u00e9tait impossible avec le gouvernement pr\u00e9c\u00e9dent.<\/p><p>Le pr\u00e9sident et le ministre du Travail ont affirm\u00e9 que le nouveau gouvernement n&rsquo;a aucunement l&rsquo;intention de harceler les syndicats ind\u00e9pendants<strong>.<\/strong> Ils ont exprim\u00e9 leur volont\u00e9 de rechercher une solution aux conflits existants. Ils ont reconnu notamment la direction l\u00e9gitime de Napole\u00f3n G\u00f3mez \u00e0 la t\u00eate de Los Mineros.<\/p><p>J&rsquo;ai pris note avec satisfaction de la reconnaissance, mais en ajoutant qu&rsquo;il doit \u00eatre mis fin \u00e0 l&rsquo;action du syst\u00e8me judiciaire contre Napole\u00f3n G\u00f3mez. Nous avons \u00e9galement parl\u00e9 des <a href=\"http:\/\/www.industriall-union.org\/fr\/les-travailleurs-de-lelectricite-au-mexique-concluent-un-accord-avec-le-gouvernement-sur-les\">n\u00e9gociations en cours avec le syndicat des \u00e9lectriciens SME<\/a> pour trouver une solution pour les 16.000 travailleurs et travailleuses restants.<\/p><p>Le gouvernement est d\u00e9termin\u00e9 \u00e0 engager un dialogue sur les contrats de protection qu&rsquo;il reconna\u00eet exister, mais pas comme instrument l\u00e9gitime dans le cadre de la loi. Le ministre du Travail a promis de prendre des mesures en vue de la ratification de la convention 98 de l&rsquo;OIT, de conf\u00e9rer avec le directeur g\u00e9n\u00e9ral de l&rsquo;OIT sur une r\u00e9vision technique de la r\u00e9forme de la l\u00e9gislation du travail de l&rsquo;ann\u00e9e derni\u00e8re, et de rechercher un dialogue avec les syndicats qui soit conforme aux recommandations de l&rsquo;OIT concernant la plainte 2694.<\/p><p>L&rsquo;un dans l&rsquo;autre, nous avons maintenant une ouverture que nous allons compl\u00e9ter avec les syndicats et le gouvernement au Mexique. <a href=\"http:\/\/www.industriall-union.org\/fr\/themes\/solidarite\/campagne-mexique\">L&rsquo;action de IndustriALL au Mexique<\/a> va se poursuivre pour que Napole\u00f3n G\u00f3mez se retrouve en s\u00e9curit\u00e9 chez lui, et pour donner \u00e0 chaque travailleur et travailleuse au Mexique la possibilit\u00e9 de pouvoir adh\u00e9rer librement \u00e0 un syndicat et d&rsquo;appr\u00e9cier la protection d&rsquo;une v\u00e9ritable convention collective.<\/p>","protected":false},"featured_media":0,"template":"","issues":[],"companies":[],"regions":[275],"sectors":[],"article_tags":[510],"class_list":["post-152756","article","type-article","status-publish","hentry","regions-mexico","article_tags-gs-corner"],"acf":[],"yoast_head":"<!-- This site is optimized with the Yoast SEO Premium plugin v27.1 (Yoast SEO v27.1) - https:\/\/yoast.com\/product\/yoast-seo-premium-wordpress\/ -->\n<title>Ouverture d\u2019un dialogue sur les droits syndicaux au Mexique - industriall-union<\/title>\n<meta name=\"description\" content=\"Pendant plusieurs ann\u00e9es, le Mexique a \u00e9t\u00e9 la cible de IndustriALL Global Union et de ses organisations fondatrices sur la question des droits syndicaux.\" \/>\n<meta name=\"robots\" content=\"index, follow, max-snippet:-1, max-image-preview:large, max-video-preview:-1\" \/>\n<link rel=\"canonical\" href=\"https:\/\/admin.industriall-union.org\/fr\/ouverture-d-un-dialogue-sur-les-droits-syndicaux-au-mexique\/\" \/>\n<meta property=\"og:locale\" content=\"fr_FR\" \/>\n<meta property=\"og:type\" content=\"article\" \/>\n<meta property=\"og:title\" content=\"Ouverture d\u2019un dialogue sur les droits syndicaux au Mexique\" \/>\n<meta property=\"og:description\" content=\"Pendant plusieurs ann\u00e9es, le Mexique a \u00e9t\u00e9 la cible de IndustriALL Global Union et de ses organisations fondatrices sur la question des droits syndicaux.\" \/>\n<meta property=\"og:url\" content=\"https:\/\/admin.industriall-union.org\/fr\/ouverture-d-un-dialogue-sur-les-droits-syndicaux-au-mexique\/\" \/>\n<meta property=\"og:site_name\" content=\"industriall-union\" \/>\n<meta property=\"article:modified_time\" content=\"2025-02-08T08:41:56+00:00\" \/>\n<meta name=\"twitter:card\" content=\"summary_large_image\" \/>\n<meta name=\"twitter:label1\" content=\"Est. reading time\" \/>\n\t<meta name=\"twitter:data1\" content=\"3 minutes\" \/>\n<script type=\"application\/ld+json\" class=\"yoast-schema-graph\">{\"@context\":\"https:\/\/schema.org\",\"@graph\":[{\"@type\":\"WebPage\",\"@id\":\"https:\/\/admin.industriall-union.org\/fr\/ouverture-d-un-dialogue-sur-les-droits-syndicaux-au-mexique\/\",\"url\":\"https:\/\/admin.industriall-union.org\/fr\/ouverture-d-un-dialogue-sur-les-droits-syndicaux-au-mexique\/\",\"name\":\"Ouverture d\u2019un dialogue sur les droits syndicaux au Mexique - industriall-union\",\"isPartOf\":{\"@id\":\"https:\/\/admin.industriall-union.org\/#website\"},\"datePublished\":\"2013-09-24T09:31:01+00:00\",\"dateModified\":\"2025-02-08T08:41:56+00:00\",\"description\":\"Pendant plusieurs ann\u00e9es, le Mexique a \u00e9t\u00e9 la cible de IndustriALL Global Union et de ses organisations fondatrices sur la question des droits syndicaux.\",\"breadcrumb\":{\"@id\":\"https:\/\/admin.industriall-union.org\/fr\/ouverture-d-un-dialogue-sur-les-droits-syndicaux-au-mexique\/#breadcrumb\"},\"inLanguage\":\"fr-FR\",\"potentialAction\":[{\"@type\":\"ReadAction\",\"target\":[\"https:\/\/admin.industriall-union.org\/fr\/ouverture-d-un-dialogue-sur-les-droits-syndicaux-au-mexique\/\"]}]},{\"@type\":\"BreadcrumbList\",\"@id\":\"https:\/\/admin.industriall-union.org\/fr\/ouverture-d-un-dialogue-sur-les-droits-syndicaux-au-mexique\/#breadcrumb\",\"itemListElement\":[{\"@type\":\"ListItem\",\"position\":1,\"name\":\"Home\",\"item\":\"https:\/\/admin.industriall-union.org\/\"},{\"@type\":\"ListItem\",\"position\":2,\"name\":\"Articles\",\"item\":\"https:\/\/admin.industriall-union.org\/article\/\"},{\"@type\":\"ListItem\",\"position\":3,\"name\":\"Ouverture d\u2019un dialogue sur les droits syndicaux au Mexique\"}]},{\"@type\":\"WebSite\",\"@id\":\"https:\/\/admin.industriall-union.org\/#website\",\"url\":\"https:\/\/admin.industriall-union.org\/\",\"name\":\"industriall-union\",\"description\":\"\",\"potentialAction\":[{\"@type\":\"SearchAction\",\"target\":{\"@type\":\"EntryPoint\",\"urlTemplate\":\"https:\/\/admin.industriall-union.org\/?s={search_term_string}\"},\"query-input\":{\"@type\":\"PropertyValueSpecification\",\"valueRequired\":true,\"valueName\":\"search_term_string\"}}],\"inLanguage\":\"fr-FR\"}]}<\/script>\n<!-- \/ Yoast SEO Premium plugin. -->","yoast_head_json":{"title":"Ouverture d\u2019un dialogue sur les droits syndicaux au Mexique - industriall-union","description":"Pendant plusieurs ann\u00e9es, le Mexique a \u00e9t\u00e9 la cible de IndustriALL Global Union et de ses organisations fondatrices sur la question des droits syndicaux.","robots":{"index":"index","follow":"follow","max-snippet":"max-snippet:-1","max-image-preview":"max-image-preview:large","max-video-preview":"max-video-preview:-1"},"canonical":"https:\/\/admin.industriall-union.org\/fr\/ouverture-d-un-dialogue-sur-les-droits-syndicaux-au-mexique\/","og_locale":"fr_FR","og_type":"article","og_title":"Ouverture d\u2019un dialogue sur les droits syndicaux au Mexique","og_description":"Pendant plusieurs ann\u00e9es, le Mexique a \u00e9t\u00e9 la cible de IndustriALL Global Union et de ses organisations fondatrices sur la question des droits syndicaux.","og_url":"https:\/\/admin.industriall-union.org\/fr\/ouverture-d-un-dialogue-sur-les-droits-syndicaux-au-mexique\/","og_site_name":"industriall-union","article_modified_time":"2025-02-08T08:41:56+00:00","twitter_card":"summary_large_image","twitter_misc":{"Est. reading time":"3 minutes"},"schema":{"@context":"https:\/\/schema.org","@graph":[{"@type":"WebPage","@id":"https:\/\/admin.industriall-union.org\/fr\/ouverture-d-un-dialogue-sur-les-droits-syndicaux-au-mexique\/","url":"https:\/\/admin.industriall-union.org\/fr\/ouverture-d-un-dialogue-sur-les-droits-syndicaux-au-mexique\/","name":"Ouverture d\u2019un dialogue sur les droits syndicaux au Mexique - industriall-union","isPartOf":{"@id":"https:\/\/admin.industriall-union.org\/#website"},"datePublished":"2013-09-24T09:31:01+00:00","dateModified":"2025-02-08T08:41:56+00:00","description":"Pendant plusieurs ann\u00e9es, le Mexique a \u00e9t\u00e9 la cible de IndustriALL Global Union et de ses organisations fondatrices sur la question des droits syndicaux.","breadcrumb":{"@id":"https:\/\/admin.industriall-union.org\/fr\/ouverture-d-un-dialogue-sur-les-droits-syndicaux-au-mexique\/#breadcrumb"},"inLanguage":"fr-FR","potentialAction":[{"@type":"ReadAction","target":["https:\/\/admin.industriall-union.org\/fr\/ouverture-d-un-dialogue-sur-les-droits-syndicaux-au-mexique\/"]}]},{"@type":"BreadcrumbList","@id":"https:\/\/admin.industriall-union.org\/fr\/ouverture-d-un-dialogue-sur-les-droits-syndicaux-au-mexique\/#breadcrumb","itemListElement":[{"@type":"ListItem","position":1,"name":"Home","item":"https:\/\/admin.industriall-union.org\/"},{"@type":"ListItem","position":2,"name":"Articles","item":"https:\/\/admin.industriall-union.org\/article\/"},{"@type":"ListItem","position":3,"name":"Ouverture d\u2019un dialogue sur les droits syndicaux au Mexique"}]},{"@type":"WebSite","@id":"https:\/\/admin.industriall-union.org\/#website","url":"https:\/\/admin.industriall-union.org\/","name":"industriall-union","description":"","potentialAction":[{"@type":"SearchAction","target":{"@type":"EntryPoint","urlTemplate":"https:\/\/admin.industriall-union.org\/?s={search_term_string}"},"query-input":{"@type":"PropertyValueSpecification","valueRequired":true,"valueName":"search_term_string"}}],"inLanguage":"fr-FR"}]}},"_links":{"self":[{"href":"https:\/\/admin.industriall-union.org\/fr\/wp-json\/wp\/v2\/article\/152756","targetHints":{"allow":["GET"]}}],"collection":[{"href":"https:\/\/admin.industriall-union.org\/fr\/wp-json\/wp\/v2\/article"}],"about":[{"href":"https:\/\/admin.industriall-union.org\/fr\/wp-json\/wp\/v2\/types\/article"}],"wp:attachment":[{"href":"https:\/\/admin.industriall-union.org\/fr\/wp-json\/wp\/v2\/media?parent=152756"}],"wp:term":[{"taxonomy":"issues","embeddable":true,"href":"https:\/\/admin.industriall-union.org\/fr\/wp-json\/wp\/v2\/issues?post=152756"},{"taxonomy":"companies","embeddable":true,"href":"https:\/\/admin.industriall-union.org\/fr\/wp-json\/wp\/v2\/companies?post=152756"},{"taxonomy":"regions","embeddable":true,"href":"https:\/\/admin.industriall-union.org\/fr\/wp-json\/wp\/v2\/regions?post=152756"},{"taxonomy":"sectors","embeddable":true,"href":"https:\/\/admin.industriall-union.org\/fr\/wp-json\/wp\/v2\/sectors?post=152756"},{"taxonomy":"article_tags","embeddable":true,"href":"https:\/\/admin.industriall-union.org\/fr\/wp-json\/wp\/v2\/article_tags?post=152756"}],"curies":[{"name":"wp","href":"https:\/\/api.w.org\/{rel}","templated":true}]}}