{"id":152745,"date":"2013-10-01T08:39:13","date_gmt":"2013-10-01T08:39:13","guid":{"rendered":"https:\/\/admin.industriall-union.org\/intimidations-menaces-de-mort-et-attentats-a-la-bombe-contre-les-syndicats-somaliens\/"},"modified":"2025-02-08T08:27:28","modified_gmt":"2025-02-08T08:27:28","slug":"intimidations-menaces-de-mort-et-attentats-a-la-bombe-contre-les-syndicats-somaliens","status":"publish","type":"article","link":"https:\/\/admin.industriall-union.org\/fr\/intimidations-menaces-de-mort-et-attentats-a-la-bombe-contre-les-syndicats-somaliens\/","title":{"rendered":"Intimidations, menaces de mort et attentats \u00e0 la bombe contre les syndicats somaliens"},"content":{"rendered":"<p>Les dix syndicats affili\u00e9s \u00e0 la FETSU ont particip\u00e9 \u00e0 la r\u00e9union du 28 septembre au si\u00e8ge de la f\u00e9d\u00e9ration \u00e0 Mogadishu. La r\u00e9union avait \u00e9t\u00e9 convoqu\u00e9e pour un \u00e9change de vues et une consultation sur l&rsquo;augmentation du nombre de menaces et de tentatives de d\u00e9stabilisation de la f\u00e9d\u00e9ration. Politiquement motiv\u00e9es, les attaques qui portent notamment sur des menaces pr\u00e9cises de mort, semblent \u00eatre destin\u00e9es \u00e0 intimider et menacer la FESTU et sa direction \u00e9lue.<\/p><p>La d\u00e9couverte d&rsquo;une bombe plac\u00e9e \u00e0 l&rsquo;entr\u00e9e du si\u00e8ge montre la menace tr\u00e8s r\u00e9elle sous laquelle les syndicats m\u00e8nent leurs activit\u00e9s en Somalie. La bombe a pu \u00eatre enlev\u00e9e sans faire de d\u00e9g\u00e2ts et remise \u00e0 la police.<\/p><p>Malgr\u00e9 cette bombe, la r\u00e9union a pu se tenir et les syndicats ont approuv\u00e9 \u00e0 l&rsquo;unanimit\u00e9 une d\u00e9claration. Des protestations ont \u00e9t\u00e9 d\u00e9pos\u00e9es aupr\u00e8s du pr\u00e9fet de police f\u00e9d\u00e9rale, du Premier ministre somalien et du ministre de l&rsquo;Int\u00e9rieur et de la S\u00e9curit\u00e9 nationale.<\/p><p>IndustriALL Global Union n&rsquo;a pas actuellement de syndicats affili\u00e9s en Somalie, mais m\u00e8ne des discussions approfondies avec la FETSU sur la cr\u00e9ation d&rsquo;un nouveau syndicat des travailleurs du p\u00e9trole et du gaz. FESTU est la premi\u00e8re centrale syndicale ind\u00e9pendante et d\u00e9mocratique du pays, et la situation pr\u00e9sente appelle l&rsquo;attention sur la n\u00e9cessit\u00e9 de l&rsquo;aider dans ses luttes.<\/p><p>IndustriALL Global Union se joint \u00e0 l&rsquo;appel lanc\u00e9 par la FESTU et ses syndicats membres, pour r\u00e9aliser l&rsquo;union contre les \u00e9l\u00e9ments responsables de ces attaques, ainsi que sur une action d\u00e9cisive du gouvernement pour prot\u00e9ger la population. Les syndicats se sont engag\u00e9s \u00e0 faire campagne de toutes leurs forces contre les tentatives d&rsquo;intimidation et le harc\u00e8lement actuels contre les dirigeants syndicaux et les membres. &nbsp;IndustriALL Global Union fait l&rsquo;\u00e9loge de l&rsquo;action syndicale entreprise et salue la d\u00e9termination \u00e0 poursuivre le combat pour les droits des travailleurs et travailleuses et un salaire vital en Somalie.<\/p>","protected":false},"featured_media":0,"template":"","issues":[425],"companies":[],"regions":[349],"sectors":[],"article_tags":[],"class_list":["post-152745","article","type-article","status-publish","hentry","issues-workers-rights","regions-somalia"],"acf":[],"yoast_head":"<!-- This site is optimized with the Yoast SEO Premium plugin v27.1 (Yoast SEO v27.1) - https:\/\/yoast.com\/product\/yoast-seo-premium-wordpress\/ -->\n<title>Intimidations, menaces de mort et attentats \u00e0 la bombe contre les syndicats somaliens - industriall-union<\/title>\n<meta name=\"description\" content=\"Les dix syndicats affili\u00e9s \u00e0 la FETSU ont particip\u00e9 \u00e0 la r\u00e9union du 28 septembre au si\u00e8ge de la f\u00e9d\u00e9ration \u00e0 Mogadishu. La r\u00e9union avait \u00e9t\u00e9 convoqu\u00e9e\" \/>\n<meta name=\"robots\" content=\"index, follow, max-snippet:-1, max-image-preview:large, max-video-preview:-1\" \/>\n<link rel=\"canonical\" href=\"https:\/\/admin.industriall-union.org\/fr\/intimidations-menaces-de-mort-et-attentats-a-la-bombe-contre-les-syndicats-somaliens\/\" \/>\n<meta property=\"og:locale\" content=\"fr_FR\" \/>\n<meta property=\"og:type\" content=\"article\" \/>\n<meta property=\"og:title\" content=\"Intimidations, menaces de mort et attentats \u00e0 la bombe contre les syndicats somaliens\" \/>\n<meta property=\"og:description\" content=\"Les dix syndicats affili\u00e9s \u00e0 la FETSU ont particip\u00e9 \u00e0 la r\u00e9union du 28 septembre au si\u00e8ge de la f\u00e9d\u00e9ration \u00e0 Mogadishu. La r\u00e9union avait \u00e9t\u00e9 convoqu\u00e9e\" \/>\n<meta property=\"og:url\" content=\"https:\/\/admin.industriall-union.org\/fr\/intimidations-menaces-de-mort-et-attentats-a-la-bombe-contre-les-syndicats-somaliens\/\" \/>\n<meta property=\"og:site_name\" content=\"industriall-union\" \/>\n<meta property=\"article:modified_time\" content=\"2025-02-08T08:27:28+00:00\" \/>\n<meta name=\"twitter:card\" content=\"summary_large_image\" \/>\n<meta name=\"twitter:label1\" content=\"Est. reading time\" \/>\n\t<meta name=\"twitter:data1\" content=\"2 minutes\" \/>\n<script type=\"application\/ld+json\" class=\"yoast-schema-graph\">{\"@context\":\"https:\/\/schema.org\",\"@graph\":[{\"@type\":\"WebPage\",\"@id\":\"https:\/\/admin.industriall-union.org\/fr\/intimidations-menaces-de-mort-et-attentats-a-la-bombe-contre-les-syndicats-somaliens\/\",\"url\":\"https:\/\/admin.industriall-union.org\/fr\/intimidations-menaces-de-mort-et-attentats-a-la-bombe-contre-les-syndicats-somaliens\/\",\"name\":\"Intimidations, menaces de mort et attentats \u00e0 la bombe contre les syndicats somaliens - industriall-union\",\"isPartOf\":{\"@id\":\"https:\/\/admin.industriall-union.org\/#website\"},\"datePublished\":\"2013-10-01T08:39:13+00:00\",\"dateModified\":\"2025-02-08T08:27:28+00:00\",\"description\":\"Les dix syndicats affili\u00e9s \u00e0 la FETSU ont particip\u00e9 \u00e0 la r\u00e9union du 28 septembre au si\u00e8ge de la f\u00e9d\u00e9ration \u00e0 Mogadishu. La r\u00e9union avait \u00e9t\u00e9 convoqu\u00e9e\",\"breadcrumb\":{\"@id\":\"https:\/\/admin.industriall-union.org\/fr\/intimidations-menaces-de-mort-et-attentats-a-la-bombe-contre-les-syndicats-somaliens\/#breadcrumb\"},\"inLanguage\":\"fr-FR\",\"potentialAction\":[{\"@type\":\"ReadAction\",\"target\":[\"https:\/\/admin.industriall-union.org\/fr\/intimidations-menaces-de-mort-et-attentats-a-la-bombe-contre-les-syndicats-somaliens\/\"]}]},{\"@type\":\"BreadcrumbList\",\"@id\":\"https:\/\/admin.industriall-union.org\/fr\/intimidations-menaces-de-mort-et-attentats-a-la-bombe-contre-les-syndicats-somaliens\/#breadcrumb\",\"itemListElement\":[{\"@type\":\"ListItem\",\"position\":1,\"name\":\"Home\",\"item\":\"https:\/\/admin.industriall-union.org\/\"},{\"@type\":\"ListItem\",\"position\":2,\"name\":\"Articles\",\"item\":\"https:\/\/admin.industriall-union.org\/article\/\"},{\"@type\":\"ListItem\",\"position\":3,\"name\":\"Intimidations, menaces de mort et attentats \u00e0 la bombe contre les syndicats somaliens\"}]},{\"@type\":\"WebSite\",\"@id\":\"https:\/\/admin.industriall-union.org\/#website\",\"url\":\"https:\/\/admin.industriall-union.org\/\",\"name\":\"industriall-union\",\"description\":\"\",\"potentialAction\":[{\"@type\":\"SearchAction\",\"target\":{\"@type\":\"EntryPoint\",\"urlTemplate\":\"https:\/\/admin.industriall-union.org\/?s={search_term_string}\"},\"query-input\":{\"@type\":\"PropertyValueSpecification\",\"valueRequired\":true,\"valueName\":\"search_term_string\"}}],\"inLanguage\":\"fr-FR\"}]}<\/script>\n<!-- \/ Yoast SEO Premium plugin. -->","yoast_head_json":{"title":"Intimidations, menaces de mort et attentats \u00e0 la bombe contre les syndicats somaliens - industriall-union","description":"Les dix syndicats affili\u00e9s \u00e0 la FETSU ont particip\u00e9 \u00e0 la r\u00e9union du 28 septembre au si\u00e8ge de la f\u00e9d\u00e9ration \u00e0 Mogadishu. La r\u00e9union avait \u00e9t\u00e9 convoqu\u00e9e","robots":{"index":"index","follow":"follow","max-snippet":"max-snippet:-1","max-image-preview":"max-image-preview:large","max-video-preview":"max-video-preview:-1"},"canonical":"https:\/\/admin.industriall-union.org\/fr\/intimidations-menaces-de-mort-et-attentats-a-la-bombe-contre-les-syndicats-somaliens\/","og_locale":"fr_FR","og_type":"article","og_title":"Intimidations, menaces de mort et attentats \u00e0 la bombe contre les syndicats somaliens","og_description":"Les dix syndicats affili\u00e9s \u00e0 la FETSU ont particip\u00e9 \u00e0 la r\u00e9union du 28 septembre au si\u00e8ge de la f\u00e9d\u00e9ration \u00e0 Mogadishu. La r\u00e9union avait \u00e9t\u00e9 convoqu\u00e9e","og_url":"https:\/\/admin.industriall-union.org\/fr\/intimidations-menaces-de-mort-et-attentats-a-la-bombe-contre-les-syndicats-somaliens\/","og_site_name":"industriall-union","article_modified_time":"2025-02-08T08:27:28+00:00","twitter_card":"summary_large_image","twitter_misc":{"Est. reading time":"2 minutes"},"schema":{"@context":"https:\/\/schema.org","@graph":[{"@type":"WebPage","@id":"https:\/\/admin.industriall-union.org\/fr\/intimidations-menaces-de-mort-et-attentats-a-la-bombe-contre-les-syndicats-somaliens\/","url":"https:\/\/admin.industriall-union.org\/fr\/intimidations-menaces-de-mort-et-attentats-a-la-bombe-contre-les-syndicats-somaliens\/","name":"Intimidations, menaces de mort et attentats \u00e0 la bombe contre les syndicats somaliens - industriall-union","isPartOf":{"@id":"https:\/\/admin.industriall-union.org\/#website"},"datePublished":"2013-10-01T08:39:13+00:00","dateModified":"2025-02-08T08:27:28+00:00","description":"Les dix syndicats affili\u00e9s \u00e0 la FETSU ont particip\u00e9 \u00e0 la r\u00e9union du 28 septembre au si\u00e8ge de la f\u00e9d\u00e9ration \u00e0 Mogadishu. La r\u00e9union avait \u00e9t\u00e9 convoqu\u00e9e","breadcrumb":{"@id":"https:\/\/admin.industriall-union.org\/fr\/intimidations-menaces-de-mort-et-attentats-a-la-bombe-contre-les-syndicats-somaliens\/#breadcrumb"},"inLanguage":"fr-FR","potentialAction":[{"@type":"ReadAction","target":["https:\/\/admin.industriall-union.org\/fr\/intimidations-menaces-de-mort-et-attentats-a-la-bombe-contre-les-syndicats-somaliens\/"]}]},{"@type":"BreadcrumbList","@id":"https:\/\/admin.industriall-union.org\/fr\/intimidations-menaces-de-mort-et-attentats-a-la-bombe-contre-les-syndicats-somaliens\/#breadcrumb","itemListElement":[{"@type":"ListItem","position":1,"name":"Home","item":"https:\/\/admin.industriall-union.org\/"},{"@type":"ListItem","position":2,"name":"Articles","item":"https:\/\/admin.industriall-union.org\/article\/"},{"@type":"ListItem","position":3,"name":"Intimidations, menaces de mort et attentats \u00e0 la bombe contre les syndicats somaliens"}]},{"@type":"WebSite","@id":"https:\/\/admin.industriall-union.org\/#website","url":"https:\/\/admin.industriall-union.org\/","name":"industriall-union","description":"","potentialAction":[{"@type":"SearchAction","target":{"@type":"EntryPoint","urlTemplate":"https:\/\/admin.industriall-union.org\/?s={search_term_string}"},"query-input":{"@type":"PropertyValueSpecification","valueRequired":true,"valueName":"search_term_string"}}],"inLanguage":"fr-FR"}]}},"_links":{"self":[{"href":"https:\/\/admin.industriall-union.org\/fr\/wp-json\/wp\/v2\/article\/152745","targetHints":{"allow":["GET"]}}],"collection":[{"href":"https:\/\/admin.industriall-union.org\/fr\/wp-json\/wp\/v2\/article"}],"about":[{"href":"https:\/\/admin.industriall-union.org\/fr\/wp-json\/wp\/v2\/types\/article"}],"wp:attachment":[{"href":"https:\/\/admin.industriall-union.org\/fr\/wp-json\/wp\/v2\/media?parent=152745"}],"wp:term":[{"taxonomy":"issues","embeddable":true,"href":"https:\/\/admin.industriall-union.org\/fr\/wp-json\/wp\/v2\/issues?post=152745"},{"taxonomy":"companies","embeddable":true,"href":"https:\/\/admin.industriall-union.org\/fr\/wp-json\/wp\/v2\/companies?post=152745"},{"taxonomy":"regions","embeddable":true,"href":"https:\/\/admin.industriall-union.org\/fr\/wp-json\/wp\/v2\/regions?post=152745"},{"taxonomy":"sectors","embeddable":true,"href":"https:\/\/admin.industriall-union.org\/fr\/wp-json\/wp\/v2\/sectors?post=152745"},{"taxonomy":"article_tags","embeddable":true,"href":"https:\/\/admin.industriall-union.org\/fr\/wp-json\/wp\/v2\/article_tags?post=152745"}],"curies":[{"name":"wp","href":"https:\/\/api.w.org\/{rel}","templated":true}]}}