{"id":152732,"date":"2013-10-09T10:33:25","date_gmt":"2013-10-09T10:33:25","guid":{"rendered":"https:\/\/admin.industriall-union.org\/holcim-doit-assumer-ses-responsabilites-envers-les-travailleurs\/"},"modified":"2025-02-08T08:18:41","modified_gmt":"2025-02-08T08:18:41","slug":"holcim-doit-assumer-ses-responsabilites-envers-les-travailleurs","status":"publish","type":"article","link":"https:\/\/admin.industriall-union.org\/fr\/holcim-doit-assumer-ses-responsabilites-envers-les-travailleurs\/","title":{"rendered":"Holcim doit assumer ses responsabilit\u00e9s envers les travailleurs"},"content":{"rendered":"<p>Les 1<sup>er<\/sup> et 2 octobre, invit\u00e9s par le syndicat belge ACV-CSC BIE, des repr\u00e9sentants des comit\u00e9s d&#039;entreprise de Holcim et des syndicalistes d&#039;Am\u00e9rique du Nord, d&#039;Am\u00e9rique latine, d&#039;Asie, d&#039;Afrique du Nord et du Moyen-Orient, d&#039;Europe et d&#039;Asie, se sont r\u00e9unis \u00e0 Ostende, en Belgique, pour discuter de la situation des travailleurs de la multinationale suisse Holcim. Bien que les choses soient tr\u00e8s diff\u00e9rentes d&#039;un pays \u00e0 l&#039;autre, les restructurations en cours dans le groupe suscitent de gros probl\u00e8mes.<\/p><p>Plusieurs d\u00e9l\u00e9gu\u00e9s ont d\u00e9clar\u00e9 que, suivant leurs exp\u00e9riences, Holcim suit de plus en plus une politique financi\u00e8re plut\u00f4t qu&#039;une logique industrielle. La valeur actionnariale prime, tandis que les travailleurs, leurs conditions de vie et de travail comptent moins pour l&#039;entreprise. Cela peut r\u00e9jouir les actionnaires et les banquiers, mais les travailleurs n&#039;ont aucune raison de se satisfaire du fameux &quot;Leadership Journey&quot; annonc\u00e9 par son CEO, Bernard Fontana, ou des promesses d&#039;augmentation des r\u00e9sultats de 1,5 milliard de francs suisses pour la fin 2014. En revanche, ils ont \u00e0 craindre des mesures rigoureuses, des licenciements massifs, des restructurations \u00e0 r\u00e9p\u00e9tition, une absence d&#039;information honn\u00eate et de consultation et des pressions croissantes sur les conditions de vie et de travail.<\/p><p>&quot;Ce n&#039;est pas le Holcim que j&#039;ai connu quand j&#039;ai commenc\u00e9 \u00e0 travailler, il y a des ann\u00e9es&quot;, a d\u00e9clar\u00e9 un des d\u00e9l\u00e9gu\u00e9s.<\/p><p>L&#039;entreprise viole de mani\u00e8re r\u00e9p\u00e9t\u00e9e les normes internationales ainsi que ses propres valeurs \u00e9nonc\u00e9es dans sa d\u00e9claration \u00e0 la Global Reporting Initiative (GRI) et qui figurent sur son site Internet. Les travailleurs ont le sentiment que, contrairement \u00e0 ses d\u00e9clarations, l&#039;entreprise fait peu de cas de la sant\u00e9 de ses salari\u00e9s. En outre, dans plusieurs pays, elle a tendance \u00e0 recourir \u00e0 l&#039;externalisation et \u00e0 la sous-traitance. Bien que l&#039;entreprise d\u00e9clare \u00e0 tout qui veut l&#039;entendre qu&#039;elle veut un traitement \u00e9quitable, non seulement pour ses travailleurs mais aussi pour ceux de ses sous-traitants, il n&#039;en est rien. Il faut que cela change. Le r\u00e9seau syndical de Holcim va envoyer un message clair \u00e0 la direction, exigeant que les droits des travailleurs soient respect\u00e9s et que l&#039;entreprise assume ses responsabilit\u00e9s envers ceux qui g\u00e9n\u00e8rent les profits qui font le bonheur des actionnaires et des banquiers : les travailleurs.<\/p><p>\u00c0 la fin de la r\u00e9union, il a \u00e9t\u00e9 convenu de maintenir le r\u00e9seau en activit\u00e9. Sa composition a \u00e9t\u00e9 vot\u00e9e pour les deux prochaines ann\u00e9es.<\/p>","protected":false},"featured_media":0,"template":"","issues":[425],"companies":[68],"regions":[155,208,202,254,288,308],"sectors":[485],"article_tags":[],"class_list":["post-152732","article","type-article","status-publish","hentry","issues-workers-rights","companies-holcim","regions-asia-pacific","regions-belgium","regions-europe","regions-latin-america-and-the-caribbean","regions-middle-east-and-north-africa","regions-north-america","sectors-cement"],"acf":[],"yoast_head":"<!-- This site is optimized with the Yoast SEO Premium plugin v27.1 (Yoast SEO v27.1) - https:\/\/yoast.com\/product\/yoast-seo-premium-wordpress\/ -->\n<title>Holcim doit assumer ses responsabilit\u00e9s envers les travailleurs - industriall-union<\/title>\n<meta name=\"description\" content=\"Les 1er et 2 octobre, invit\u00e9s par le syndicat belge ACV-CSC BIE, des repr\u00e9sentants des comit\u00e9s d&#039;entreprise de Holcim et des syndicalistes\" \/>\n<meta name=\"robots\" content=\"index, follow, max-snippet:-1, max-image-preview:large, max-video-preview:-1\" \/>\n<link rel=\"canonical\" href=\"https:\/\/admin.industriall-union.org\/fr\/holcim-doit-assumer-ses-responsabilites-envers-les-travailleurs\/\" \/>\n<meta property=\"og:locale\" content=\"fr_FR\" \/>\n<meta property=\"og:type\" content=\"article\" \/>\n<meta property=\"og:title\" content=\"Holcim doit assumer ses responsabilit\u00e9s envers les travailleurs\" \/>\n<meta property=\"og:description\" content=\"Les 1er et 2 octobre, invit\u00e9s par le syndicat belge ACV-CSC BIE, des repr\u00e9sentants des comit\u00e9s d&#039;entreprise de Holcim et des syndicalistes\" \/>\n<meta property=\"og:url\" content=\"https:\/\/admin.industriall-union.org\/fr\/holcim-doit-assumer-ses-responsabilites-envers-les-travailleurs\/\" \/>\n<meta property=\"og:site_name\" content=\"industriall-union\" \/>\n<meta property=\"article:modified_time\" content=\"2025-02-08T08:18:41+00:00\" \/>\n<meta name=\"twitter:card\" content=\"summary_large_image\" \/>\n<meta name=\"twitter:label1\" content=\"Est. reading time\" \/>\n\t<meta name=\"twitter:data1\" content=\"2 minutes\" \/>\n<script type=\"application\/ld+json\" class=\"yoast-schema-graph\">{\"@context\":\"https:\/\/schema.org\",\"@graph\":[{\"@type\":\"WebPage\",\"@id\":\"https:\/\/admin.industriall-union.org\/fr\/holcim-doit-assumer-ses-responsabilites-envers-les-travailleurs\/\",\"url\":\"https:\/\/admin.industriall-union.org\/fr\/holcim-doit-assumer-ses-responsabilites-envers-les-travailleurs\/\",\"name\":\"Holcim doit assumer ses responsabilit\u00e9s envers les travailleurs - industriall-union\",\"isPartOf\":{\"@id\":\"https:\/\/admin.industriall-union.org\/#website\"},\"datePublished\":\"2013-10-09T10:33:25+00:00\",\"dateModified\":\"2025-02-08T08:18:41+00:00\",\"description\":\"Les 1er et 2 octobre, invit\u00e9s par le syndicat belge ACV-CSC BIE, des repr\u00e9sentants des comit\u00e9s d&#039;entreprise de Holcim et des syndicalistes\",\"breadcrumb\":{\"@id\":\"https:\/\/admin.industriall-union.org\/fr\/holcim-doit-assumer-ses-responsabilites-envers-les-travailleurs\/#breadcrumb\"},\"inLanguage\":\"fr-FR\",\"potentialAction\":[{\"@type\":\"ReadAction\",\"target\":[\"https:\/\/admin.industriall-union.org\/fr\/holcim-doit-assumer-ses-responsabilites-envers-les-travailleurs\/\"]}]},{\"@type\":\"BreadcrumbList\",\"@id\":\"https:\/\/admin.industriall-union.org\/fr\/holcim-doit-assumer-ses-responsabilites-envers-les-travailleurs\/#breadcrumb\",\"itemListElement\":[{\"@type\":\"ListItem\",\"position\":1,\"name\":\"Home\",\"item\":\"https:\/\/admin.industriall-union.org\/\"},{\"@type\":\"ListItem\",\"position\":2,\"name\":\"Articles\",\"item\":\"https:\/\/admin.industriall-union.org\/article\/\"},{\"@type\":\"ListItem\",\"position\":3,\"name\":\"Holcim doit assumer ses responsabilit\u00e9s envers les travailleurs\"}]},{\"@type\":\"WebSite\",\"@id\":\"https:\/\/admin.industriall-union.org\/#website\",\"url\":\"https:\/\/admin.industriall-union.org\/\",\"name\":\"industriall-union\",\"description\":\"\",\"potentialAction\":[{\"@type\":\"SearchAction\",\"target\":{\"@type\":\"EntryPoint\",\"urlTemplate\":\"https:\/\/admin.industriall-union.org\/?s={search_term_string}\"},\"query-input\":{\"@type\":\"PropertyValueSpecification\",\"valueRequired\":true,\"valueName\":\"search_term_string\"}}],\"inLanguage\":\"fr-FR\"}]}<\/script>\n<!-- \/ Yoast SEO Premium plugin. -->","yoast_head_json":{"title":"Holcim doit assumer ses responsabilit\u00e9s envers les travailleurs - industriall-union","description":"Les 1er et 2 octobre, invit\u00e9s par le syndicat belge ACV-CSC BIE, des repr\u00e9sentants des comit\u00e9s d&#039;entreprise de Holcim et des syndicalistes","robots":{"index":"index","follow":"follow","max-snippet":"max-snippet:-1","max-image-preview":"max-image-preview:large","max-video-preview":"max-video-preview:-1"},"canonical":"https:\/\/admin.industriall-union.org\/fr\/holcim-doit-assumer-ses-responsabilites-envers-les-travailleurs\/","og_locale":"fr_FR","og_type":"article","og_title":"Holcim doit assumer ses responsabilit\u00e9s envers les travailleurs","og_description":"Les 1er et 2 octobre, invit\u00e9s par le syndicat belge ACV-CSC BIE, des repr\u00e9sentants des comit\u00e9s d&#039;entreprise de Holcim et des syndicalistes","og_url":"https:\/\/admin.industriall-union.org\/fr\/holcim-doit-assumer-ses-responsabilites-envers-les-travailleurs\/","og_site_name":"industriall-union","article_modified_time":"2025-02-08T08:18:41+00:00","twitter_card":"summary_large_image","twitter_misc":{"Est. reading time":"2 minutes"},"schema":{"@context":"https:\/\/schema.org","@graph":[{"@type":"WebPage","@id":"https:\/\/admin.industriall-union.org\/fr\/holcim-doit-assumer-ses-responsabilites-envers-les-travailleurs\/","url":"https:\/\/admin.industriall-union.org\/fr\/holcim-doit-assumer-ses-responsabilites-envers-les-travailleurs\/","name":"Holcim doit assumer ses responsabilit\u00e9s envers les travailleurs - industriall-union","isPartOf":{"@id":"https:\/\/admin.industriall-union.org\/#website"},"datePublished":"2013-10-09T10:33:25+00:00","dateModified":"2025-02-08T08:18:41+00:00","description":"Les 1er et 2 octobre, invit\u00e9s par le syndicat belge ACV-CSC BIE, des repr\u00e9sentants des comit\u00e9s d&#039;entreprise de Holcim et des syndicalistes","breadcrumb":{"@id":"https:\/\/admin.industriall-union.org\/fr\/holcim-doit-assumer-ses-responsabilites-envers-les-travailleurs\/#breadcrumb"},"inLanguage":"fr-FR","potentialAction":[{"@type":"ReadAction","target":["https:\/\/admin.industriall-union.org\/fr\/holcim-doit-assumer-ses-responsabilites-envers-les-travailleurs\/"]}]},{"@type":"BreadcrumbList","@id":"https:\/\/admin.industriall-union.org\/fr\/holcim-doit-assumer-ses-responsabilites-envers-les-travailleurs\/#breadcrumb","itemListElement":[{"@type":"ListItem","position":1,"name":"Home","item":"https:\/\/admin.industriall-union.org\/"},{"@type":"ListItem","position":2,"name":"Articles","item":"https:\/\/admin.industriall-union.org\/article\/"},{"@type":"ListItem","position":3,"name":"Holcim doit assumer ses responsabilit\u00e9s envers les travailleurs"}]},{"@type":"WebSite","@id":"https:\/\/admin.industriall-union.org\/#website","url":"https:\/\/admin.industriall-union.org\/","name":"industriall-union","description":"","potentialAction":[{"@type":"SearchAction","target":{"@type":"EntryPoint","urlTemplate":"https:\/\/admin.industriall-union.org\/?s={search_term_string}"},"query-input":{"@type":"PropertyValueSpecification","valueRequired":true,"valueName":"search_term_string"}}],"inLanguage":"fr-FR"}]}},"_links":{"self":[{"href":"https:\/\/admin.industriall-union.org\/fr\/wp-json\/wp\/v2\/article\/152732","targetHints":{"allow":["GET"]}}],"collection":[{"href":"https:\/\/admin.industriall-union.org\/fr\/wp-json\/wp\/v2\/article"}],"about":[{"href":"https:\/\/admin.industriall-union.org\/fr\/wp-json\/wp\/v2\/types\/article"}],"wp:attachment":[{"href":"https:\/\/admin.industriall-union.org\/fr\/wp-json\/wp\/v2\/media?parent=152732"}],"wp:term":[{"taxonomy":"issues","embeddable":true,"href":"https:\/\/admin.industriall-union.org\/fr\/wp-json\/wp\/v2\/issues?post=152732"},{"taxonomy":"companies","embeddable":true,"href":"https:\/\/admin.industriall-union.org\/fr\/wp-json\/wp\/v2\/companies?post=152732"},{"taxonomy":"regions","embeddable":true,"href":"https:\/\/admin.industriall-union.org\/fr\/wp-json\/wp\/v2\/regions?post=152732"},{"taxonomy":"sectors","embeddable":true,"href":"https:\/\/admin.industriall-union.org\/fr\/wp-json\/wp\/v2\/sectors?post=152732"},{"taxonomy":"article_tags","embeddable":true,"href":"https:\/\/admin.industriall-union.org\/fr\/wp-json\/wp\/v2\/article_tags?post=152732"}],"curies":[{"name":"wp","href":"https:\/\/api.w.org\/{rel}","templated":true}]}}