{"id":152727,"date":"2013-10-10T12:28:46","date_gmt":"2013-10-10T12:28:46","guid":{"rendered":"https:\/\/admin.industriall-union.org\/mobilisation-des-syndicats-dans-le-monde-contre-l-emploi-precaire\/"},"modified":"2025-02-08T08:09:49","modified_gmt":"2025-02-08T08:09:49","slug":"mobilisation-des-syndicats-dans-le-monde-contre-l-emploi-precaire","status":"publish","type":"article","link":"https:\/\/admin.industriall-union.org\/fr\/mobilisation-des-syndicats-dans-le-monde-contre-l-emploi-precaire\/","title":{"rendered":"Mobilisation des syndicats dans le monde contre l\u2019emploi pr\u00e9caire"},"content":{"rendered":"<p>Partout dans le monde, les syndicats ont rejoint la campagne mondiale de IndustriALL &lsquo;STOP Travail pr\u00e9caire&rsquo;. Les rapports, photos et vid\u00e9os des actions d\u00e9ferlant en continu ont amen\u00e9 IndustriALL a ouvrir une <a href=\"http:\/\/www.industriall-union.org\/fr\/themes\/justice-sociale-et-mondialisation\/stop-au-travail-precaire\">page de campagne<\/a> consacr\u00e9e \u00e0 une pr\u00e9sentation des actions entreprises dans le monde entier.<\/p><p>Du Chili en Croatie et de Finlande \u00e0 Madagascar, les voix des travailleurs et travailleuses se font entendre clairement dans les rues au P\u00e9rou, en Colombie, en Tha\u00eflande, au Br\u00e9sil, en Inde, aux Philippines, \u00e0 Sri Lanka, au Nigeria et dans bien d&rsquo;autres pays.<\/p><p>Au P\u00e9rou, des dizaines de travailleuses du textile et de la confection, membres de l&rsquo;affili\u00e9 de IndustriALL Global Union, la F\u00e9d\u00e9ration nationale des travailleuses du textile (FNTTP), ont d\u00e9fil\u00e9 le 4 octobre dans le centre de Lima.<\/p><p>En Tha\u00eflande, plus de 3.000 travailleurs et travailleuses de la Conf\u00e9d\u00e9ration industrielle du travail de Tha\u00eflande (CILT), de la Conf\u00e9d\u00e9ration des syndicats des entreprises d&rsquo;\u00c9tat (SERC), du Comit\u00e9 tha\u00eflandais de solidarit\u00e9 ouvri\u00e8re, du r\u00e9seau de la main-d&rsquo;\u0153uvre migrante et du r\u00e9seau du secteur informel, ont d\u00e9fil\u00e9 jusqu&#039;au si\u00e8ge du gouvernement pour exiger la ratification des conventions de l&rsquo;OIT 87 et 98 et une r\u00e9forme de la l\u00e9gislation du travail conforme aux normes internationales du travail.<\/p><p>\u00c0 Madagascar, \u00e0 l&rsquo;usine de Rio Tinto \u00e0 Fort-Dauphin, le personnel et les membres de la F\u00e9d\u00e9ration des Syndicats des Travailleurs de l&rsquo;Energie et des Mines (FISEMA), &nbsp;en plein combat pour la r\u00e9int\u00e9gration du personnel mis \u00e0 pied massivement dans l&rsquo;usine, ont distribu\u00e9 des tracts le 7 octobre pour marquer la Journ\u00e9e mondiale pour le travail d\u00e9cent.<\/p><p>Ailleurs, les syndicats ont suscit\u00e9 une prise de conscience sur ces questions aupr\u00e8s de leurs membres, mis en avant des r\u00e9ponses syndicales \u00e0 l&rsquo;emploi pr\u00e9caire et envoy\u00e9 des lettres \u00e0 leurs gouvernements pour r\u00e9clamer une action.<\/p><p>Les affili\u00e9s de IndustriALL Global Union dans la r\u00e9gion Asie du Sud-Est se sont rencontr\u00e9s au Cambodge, pour \u00e9laborer leurs strat\u00e9gies de lutte contre l&rsquo;emploi pr\u00e9caire en 2014.<\/p><p>Dans le cas o\u00f9 votre syndicat aurait entrepris une action autour du 7 octobre, et que cette action n&rsquo;est pas indiqu\u00e9e sur la <a href=\"http:\/\/www.industriall-union.org\/fr\/themes\/justice-sociale-et-mondialisation\/stop-au-travail-precaire\">page de campagne STOP Travail pr\u00e9caire<\/a> de IndustriALL, envoyez la \u00e0: <a href=\"mailto:press@industriALL-union.org?subject=STOPPW%20Campaign%3A%20Reporting%20on%20my%20union%27s%20actions\">press@industriALL-union.org<\/a>. Vous pouvez \u00e9galement la tweeter en utilisant le hashtag #STOPprecariousWork ou partager votre action avec nous sur facebook.<\/p>","protected":false},"featured_media":0,"template":"","issues":[415],"companies":[],"regions":[155,202,254,288,308,311],"sectors":[],"article_tags":[],"class_list":["post-152727","article","type-article","status-publish","hentry","issues-stop-precarious-work","regions-asia-pacific","regions-europe","regions-latin-america-and-the-caribbean","regions-middle-east-and-north-africa","regions-north-america","regions-sub-saharan-africa"],"acf":[],"yoast_head":"<!-- This site is optimized with the Yoast SEO Premium plugin v27.1 (Yoast SEO v27.1) - https:\/\/yoast.com\/product\/yoast-seo-premium-wordpress\/ -->\n<title>Mobilisation des syndicats dans le monde contre l\u2019emploi pr\u00e9caire - industriall-union<\/title>\n<meta name=\"description\" content=\"Partout dans le monde, les syndicats ont rejoint la campagne mondiale de IndustriALL &lsquo;STOP Travail pr\u00e9caire&rsquo;. Les rapports, photos et vid\u00e9os\" \/>\n<meta name=\"robots\" content=\"index, follow, max-snippet:-1, max-image-preview:large, max-video-preview:-1\" \/>\n<link rel=\"canonical\" href=\"https:\/\/admin.industriall-union.org\/fr\/mobilisation-des-syndicats-dans-le-monde-contre-l-emploi-precaire\/\" \/>\n<meta property=\"og:locale\" content=\"fr_FR\" \/>\n<meta property=\"og:type\" content=\"article\" \/>\n<meta property=\"og:title\" content=\"Mobilisation des syndicats dans le monde contre l\u2019emploi pr\u00e9caire\" \/>\n<meta property=\"og:description\" content=\"Partout dans le monde, les syndicats ont rejoint la campagne mondiale de IndustriALL &lsquo;STOP Travail pr\u00e9caire&rsquo;. Les rapports, photos et vid\u00e9os\" \/>\n<meta property=\"og:url\" content=\"https:\/\/admin.industriall-union.org\/fr\/mobilisation-des-syndicats-dans-le-monde-contre-l-emploi-precaire\/\" \/>\n<meta property=\"og:site_name\" content=\"industriall-union\" \/>\n<meta property=\"article:modified_time\" content=\"2025-02-08T08:09:49+00:00\" \/>\n<meta name=\"twitter:card\" content=\"summary_large_image\" \/>\n<meta name=\"twitter:label1\" content=\"Est. reading time\" \/>\n\t<meta name=\"twitter:data1\" content=\"2 minutes\" \/>\n<script type=\"application\/ld+json\" class=\"yoast-schema-graph\">{\"@context\":\"https:\/\/schema.org\",\"@graph\":[{\"@type\":\"WebPage\",\"@id\":\"https:\/\/admin.industriall-union.org\/fr\/mobilisation-des-syndicats-dans-le-monde-contre-l-emploi-precaire\/\",\"url\":\"https:\/\/admin.industriall-union.org\/fr\/mobilisation-des-syndicats-dans-le-monde-contre-l-emploi-precaire\/\",\"name\":\"Mobilisation des syndicats dans le monde contre l\u2019emploi pr\u00e9caire - industriall-union\",\"isPartOf\":{\"@id\":\"https:\/\/admin.industriall-union.org\/#website\"},\"datePublished\":\"2013-10-10T12:28:46+00:00\",\"dateModified\":\"2025-02-08T08:09:49+00:00\",\"description\":\"Partout dans le monde, les syndicats ont rejoint la campagne mondiale de IndustriALL &lsquo;STOP Travail pr\u00e9caire&rsquo;. Les rapports, photos et vid\u00e9os\",\"breadcrumb\":{\"@id\":\"https:\/\/admin.industriall-union.org\/fr\/mobilisation-des-syndicats-dans-le-monde-contre-l-emploi-precaire\/#breadcrumb\"},\"inLanguage\":\"fr-FR\",\"potentialAction\":[{\"@type\":\"ReadAction\",\"target\":[\"https:\/\/admin.industriall-union.org\/fr\/mobilisation-des-syndicats-dans-le-monde-contre-l-emploi-precaire\/\"]}]},{\"@type\":\"BreadcrumbList\",\"@id\":\"https:\/\/admin.industriall-union.org\/fr\/mobilisation-des-syndicats-dans-le-monde-contre-l-emploi-precaire\/#breadcrumb\",\"itemListElement\":[{\"@type\":\"ListItem\",\"position\":1,\"name\":\"Home\",\"item\":\"https:\/\/admin.industriall-union.org\/\"},{\"@type\":\"ListItem\",\"position\":2,\"name\":\"Articles\",\"item\":\"https:\/\/admin.industriall-union.org\/article\/\"},{\"@type\":\"ListItem\",\"position\":3,\"name\":\"Mobilisation des syndicats dans le monde contre l\u2019emploi pr\u00e9caire\"}]},{\"@type\":\"WebSite\",\"@id\":\"https:\/\/admin.industriall-union.org\/#website\",\"url\":\"https:\/\/admin.industriall-union.org\/\",\"name\":\"industriall-union\",\"description\":\"\",\"potentialAction\":[{\"@type\":\"SearchAction\",\"target\":{\"@type\":\"EntryPoint\",\"urlTemplate\":\"https:\/\/admin.industriall-union.org\/?s={search_term_string}\"},\"query-input\":{\"@type\":\"PropertyValueSpecification\",\"valueRequired\":true,\"valueName\":\"search_term_string\"}}],\"inLanguage\":\"fr-FR\"}]}<\/script>\n<!-- \/ Yoast SEO Premium plugin. -->","yoast_head_json":{"title":"Mobilisation des syndicats dans le monde contre l\u2019emploi pr\u00e9caire - industriall-union","description":"Partout dans le monde, les syndicats ont rejoint la campagne mondiale de IndustriALL &lsquo;STOP Travail pr\u00e9caire&rsquo;. Les rapports, photos et vid\u00e9os","robots":{"index":"index","follow":"follow","max-snippet":"max-snippet:-1","max-image-preview":"max-image-preview:large","max-video-preview":"max-video-preview:-1"},"canonical":"https:\/\/admin.industriall-union.org\/fr\/mobilisation-des-syndicats-dans-le-monde-contre-l-emploi-precaire\/","og_locale":"fr_FR","og_type":"article","og_title":"Mobilisation des syndicats dans le monde contre l\u2019emploi pr\u00e9caire","og_description":"Partout dans le monde, les syndicats ont rejoint la campagne mondiale de IndustriALL &lsquo;STOP Travail pr\u00e9caire&rsquo;. Les rapports, photos et vid\u00e9os","og_url":"https:\/\/admin.industriall-union.org\/fr\/mobilisation-des-syndicats-dans-le-monde-contre-l-emploi-precaire\/","og_site_name":"industriall-union","article_modified_time":"2025-02-08T08:09:49+00:00","twitter_card":"summary_large_image","twitter_misc":{"Est. reading time":"2 minutes"},"schema":{"@context":"https:\/\/schema.org","@graph":[{"@type":"WebPage","@id":"https:\/\/admin.industriall-union.org\/fr\/mobilisation-des-syndicats-dans-le-monde-contre-l-emploi-precaire\/","url":"https:\/\/admin.industriall-union.org\/fr\/mobilisation-des-syndicats-dans-le-monde-contre-l-emploi-precaire\/","name":"Mobilisation des syndicats dans le monde contre l\u2019emploi pr\u00e9caire - industriall-union","isPartOf":{"@id":"https:\/\/admin.industriall-union.org\/#website"},"datePublished":"2013-10-10T12:28:46+00:00","dateModified":"2025-02-08T08:09:49+00:00","description":"Partout dans le monde, les syndicats ont rejoint la campagne mondiale de IndustriALL &lsquo;STOP Travail pr\u00e9caire&rsquo;. Les rapports, photos et vid\u00e9os","breadcrumb":{"@id":"https:\/\/admin.industriall-union.org\/fr\/mobilisation-des-syndicats-dans-le-monde-contre-l-emploi-precaire\/#breadcrumb"},"inLanguage":"fr-FR","potentialAction":[{"@type":"ReadAction","target":["https:\/\/admin.industriall-union.org\/fr\/mobilisation-des-syndicats-dans-le-monde-contre-l-emploi-precaire\/"]}]},{"@type":"BreadcrumbList","@id":"https:\/\/admin.industriall-union.org\/fr\/mobilisation-des-syndicats-dans-le-monde-contre-l-emploi-precaire\/#breadcrumb","itemListElement":[{"@type":"ListItem","position":1,"name":"Home","item":"https:\/\/admin.industriall-union.org\/"},{"@type":"ListItem","position":2,"name":"Articles","item":"https:\/\/admin.industriall-union.org\/article\/"},{"@type":"ListItem","position":3,"name":"Mobilisation des syndicats dans le monde contre l\u2019emploi pr\u00e9caire"}]},{"@type":"WebSite","@id":"https:\/\/admin.industriall-union.org\/#website","url":"https:\/\/admin.industriall-union.org\/","name":"industriall-union","description":"","potentialAction":[{"@type":"SearchAction","target":{"@type":"EntryPoint","urlTemplate":"https:\/\/admin.industriall-union.org\/?s={search_term_string}"},"query-input":{"@type":"PropertyValueSpecification","valueRequired":true,"valueName":"search_term_string"}}],"inLanguage":"fr-FR"}]}},"_links":{"self":[{"href":"https:\/\/admin.industriall-union.org\/fr\/wp-json\/wp\/v2\/article\/152727","targetHints":{"allow":["GET"]}}],"collection":[{"href":"https:\/\/admin.industriall-union.org\/fr\/wp-json\/wp\/v2\/article"}],"about":[{"href":"https:\/\/admin.industriall-union.org\/fr\/wp-json\/wp\/v2\/types\/article"}],"wp:attachment":[{"href":"https:\/\/admin.industriall-union.org\/fr\/wp-json\/wp\/v2\/media?parent=152727"}],"wp:term":[{"taxonomy":"issues","embeddable":true,"href":"https:\/\/admin.industriall-union.org\/fr\/wp-json\/wp\/v2\/issues?post=152727"},{"taxonomy":"companies","embeddable":true,"href":"https:\/\/admin.industriall-union.org\/fr\/wp-json\/wp\/v2\/companies?post=152727"},{"taxonomy":"regions","embeddable":true,"href":"https:\/\/admin.industriall-union.org\/fr\/wp-json\/wp\/v2\/regions?post=152727"},{"taxonomy":"sectors","embeddable":true,"href":"https:\/\/admin.industriall-union.org\/fr\/wp-json\/wp\/v2\/sectors?post=152727"},{"taxonomy":"article_tags","embeddable":true,"href":"https:\/\/admin.industriall-union.org\/fr\/wp-json\/wp\/v2\/article_tags?post=152727"}],"curies":[{"name":"wp","href":"https:\/\/api.w.org\/{rel}","templated":true}]}}