{"id":152715,"date":"2013-10-16T08:26:17","date_gmt":"2013-10-16T08:26:17","guid":{"rendered":"https:\/\/admin.industriall-union.org\/renforcement-de-l-engagement-regional-pour-une-politique-industrielle-durable\/"},"modified":"2025-02-08T07:56:58","modified_gmt":"2025-02-08T07:56:58","slug":"renforcement-de-l-engagement-regional-pour-une-politique-industrielle-durable","status":"publish","type":"article","link":"https:\/\/admin.industriall-union.org\/fr\/renforcement-de-l-engagement-regional-pour-une-politique-industrielle-durable\/","title":{"rendered":"Renforcement de l\u2019engagement r\u00e9gional pour une politique industrielle durable"},"content":{"rendered":"<p>R\u00e9unis \u00e0 Montevideo, Uruguay, les 16-17 octobre, des affili\u00e9s d&rsquo;Argentine, du Br\u00e9sil, du Chili, du Paraguay et d&rsquo;Uruguay ont examin\u00e9 la mani\u00e8re dont les affili\u00e9s de IndustriALL pourraient travailler ensemble pour exercer une influence sur les gouvernements et l&rsquo;industrie aux niveaux national et r\u00e9gional.<\/p><p>La r\u00e9union a accueilli deux repr\u00e9sentants du minist\u00e8re uruguayen de l&rsquo;Industrie, de l&rsquo;\u00c9nergie et des Mines. Lucia Pitaluga, responsable de la politique industrielle, a insist\u00e9 sur l&rsquo;importance d&rsquo;une participation des syndicats aux organismes sectoriels charg\u00e9s d&rsquo;examiner des plans propres \u00e0 l&rsquo;industrie, alors que Alicia Torres, responsable des questions environnementales, a signal\u00e9 les responsabilit\u00e9s des diff\u00e9rents acteurs, des travailleurs et travailleuses, des entreprises et des gouvernements, et de la n\u00e9cessit\u00e9 d&rsquo;y impliquer les minist\u00e8res de l&rsquo;Environnement et du Travail, et pas seulement les minist\u00e8res de l&rsquo;Industrie.<\/p><p>Les participant(e)s ont discut\u00e9 de la n\u00e9cessit\u00e9 d&rsquo;une plus grande int\u00e9gration r\u00e9gionale des politiques des \u00c9tats, notamment en ce qui concerne la fiscalit\u00e9 et les pr\u00e9visions sociales et environnementales, et la poursuite du d\u00e9veloppement d&rsquo;une compl\u00e9mentarit\u00e9 de production pour obtenir localement une valeur ajout\u00e9e et am\u00e9liorer l&rsquo;emploi. Il y a eu accord sur la n\u00e9cessit\u00e9 de renforcer le r\u00f4le de IndustriALL dans la r\u00e9gion pour influencer les gouvernements et les entreprises, et pour rendre la pr\u00e9sence de IndustriALL plus visible dans les d\u00e9l\u00e9gations aupr\u00e8s des gouvernements pour expliquer ce travail. La volont\u00e9 politique des gouvernements est d&rsquo;une importance cruciale et les affili\u00e9s ont accept\u00e9 de travailler ensemble en faveur de Mercosur et d&rsquo;Unasur pour la garantir.<\/p><p>IndustriALL devrait \u00e9laborer un plan strat\u00e9gique pour la r\u00e9gion, qui comporterait des plans d&rsquo;action concrets afin d&rsquo;exercer des pressions en faveur d&rsquo;une politique industrielle durable. Des secteurs prioritaires ont \u00e9t\u00e9 identifi\u00e9s comme les mines, l&rsquo;\u00e9nergie, la p\u00e2te \u00e0 papier et le papier, la m\u00e9tallurgie, l&rsquo;acier, les textiles, la chimie et l&rsquo;\u00e9lectronique. Les syndicats chiliens vont organiser tout d&rsquo;abord en d\u00e9cembre un forum ouvert des mineurs et des m\u00e9tallurgistes o\u00f9 des repr\u00e9sentants du gouvernement et des entreprises seront invit\u00e9s.&nbsp;L&rsquo;id\u00e9e est d&rsquo;organiser des \u00e9v\u00e8nements identiques dans chaque pays.<\/p><p>L&rsquo;atelier d&rsquo;Asie du Sud qui a eu lieu \u00e0 Delhi, Inde, les 26-27 septembre, a \u00e9t\u00e9 remarquable en ce sens qu&rsquo;il a permis de rassembler pour la premi\u00e8re fois des syndicats en Inde sur la question de la politique industrielle consid\u00e9r\u00e9e auparavant comme une pr\u00e9rogative du gouvernement et de l&rsquo;industrie.<\/p><p>L&rsquo;atelier a r\u00e9uni principalement des affili\u00e9s indiens avec \u00e9galement des repr\u00e9sentants du N\u00e9pal et du Sri Lanka. En reconnaissance de l&rsquo;importance d&rsquo;un travail en commun avec des centrales nationales, plusieurs conf\u00e9d\u00e9rations indiennes se sont jointes \u00e0 la r\u00e9union. Sanjeeva Reddy, membre du comit\u00e9 ex\u00e9cutif&nbsp; de IndustriALL, a insist\u00e9 sur l&rsquo;importance de la question des centrales nationales et rendu compte du document de travail de IndustriALL qui avait \u00e9t\u00e9 communiqu\u00e9 et discut\u00e9 par les 9.000 d\u00e9l\u00e9gu\u00e9(e)s au congr\u00e8s de l&rsquo;INTUC.&nbsp;<\/p><p>Il a indiqu\u00e9 que les d\u00e9fis rencontr\u00e9s d\u00e9passent les diff\u00e9rences id\u00e9ologiques entre syndicats, et que la croissance industrielle ne veut rien dire tant qu&rsquo;on ne tient pas compte du ch\u00f4mage, de la pauvret\u00e9 et des in\u00e9galit\u00e9s. L&rsquo;\u00e9tape suivante consistera \u00e0&nbsp; \u00e9tablir, dans le cadre d&rsquo;une politique industrielle durable, une revendication commune des centrales nationales en Inde qui travaillent d\u00e9j\u00e0 ensemble sur des questions communes depuis plusieurs ann\u00e9es.&nbsp;<\/p><p>Des contributions au d\u00e9bat ont \u00e9t\u00e9 faites par le ministre indien du Charbon, l&rsquo;OIT et plusieurs experts locaux, parmi lesquels le professeur Lawrence Surendra de la Plate-forme sur la viabilit\u00e9, qui cherche \u00e0 rassembler les trois piliers constitu\u00e9s par les syndicats, le gouvernement et l&rsquo;industrie pour faire avancer les choses sur les questions li\u00e9es \u00e0 la viabilit\u00e9.<\/p><p>Les participant(e)s ont conclu en disant que le fait de travailler ensemble constitue une perspective importante pour les syndicats en Inde pour promouvoir une politique industrielle durable aupr\u00e8s du gouvernement et de l&rsquo;industrie. Ils\/elles continueront de travailler en contact \u00e9troit avec le bureau r\u00e9gional de IndustriALL pour \u00e9laborer des plans concrets et des strat\u00e9gies.<\/p>","protected":false},"featured_media":0,"template":"","issues":[418,392],"companies":[],"regions":[155,254],"sectors":[],"article_tags":[],"class_list":["post-152715","article","type-article","status-publish","hentry","issues-sustainability","issues-sustainable-industrial-policy","regions-asia-pacific","regions-latin-america-and-the-caribbean"],"acf":[],"yoast_head":"<!-- This site is optimized with the Yoast SEO Premium plugin v27.1 (Yoast SEO v27.1) - https:\/\/yoast.com\/product\/yoast-seo-premium-wordpress\/ -->\n<title>Renforcement de l\u2019engagement r\u00e9gional pour une politique industrielle durable - industriall-union<\/title>\n<meta name=\"description\" content=\"R\u00e9unis \u00e0 Montevideo, Uruguay, les 16-17 octobre, des affili\u00e9s d&rsquo;Argentine, du Br\u00e9sil, du Chili, du Paraguay et d&rsquo;Uruguay ont examin\u00e9 la\" \/>\n<meta name=\"robots\" content=\"index, follow, max-snippet:-1, max-image-preview:large, max-video-preview:-1\" \/>\n<link rel=\"canonical\" href=\"https:\/\/admin.industriall-union.org\/fr\/renforcement-de-l-engagement-regional-pour-une-politique-industrielle-durable\/\" \/>\n<meta property=\"og:locale\" content=\"fr_FR\" \/>\n<meta property=\"og:type\" content=\"article\" \/>\n<meta property=\"og:title\" content=\"Renforcement de l\u2019engagement r\u00e9gional pour une politique industrielle durable\" \/>\n<meta property=\"og:description\" content=\"R\u00e9unis \u00e0 Montevideo, Uruguay, les 16-17 octobre, des affili\u00e9s d&rsquo;Argentine, du Br\u00e9sil, du Chili, du Paraguay et d&rsquo;Uruguay ont examin\u00e9 la\" \/>\n<meta property=\"og:url\" content=\"https:\/\/admin.industriall-union.org\/fr\/renforcement-de-l-engagement-regional-pour-une-politique-industrielle-durable\/\" \/>\n<meta property=\"og:site_name\" content=\"industriall-union\" \/>\n<meta property=\"article:modified_time\" content=\"2025-02-08T07:56:58+00:00\" \/>\n<meta name=\"twitter:card\" content=\"summary_large_image\" \/>\n<meta name=\"twitter:label1\" content=\"Est. reading time\" \/>\n\t<meta name=\"twitter:data1\" content=\"4 minutes\" \/>\n<script type=\"application\/ld+json\" class=\"yoast-schema-graph\">{\"@context\":\"https:\/\/schema.org\",\"@graph\":[{\"@type\":\"WebPage\",\"@id\":\"https:\/\/admin.industriall-union.org\/fr\/renforcement-de-l-engagement-regional-pour-une-politique-industrielle-durable\/\",\"url\":\"https:\/\/admin.industriall-union.org\/fr\/renforcement-de-l-engagement-regional-pour-une-politique-industrielle-durable\/\",\"name\":\"Renforcement de l\u2019engagement r\u00e9gional pour une politique industrielle durable - industriall-union\",\"isPartOf\":{\"@id\":\"https:\/\/admin.industriall-union.org\/#website\"},\"datePublished\":\"2013-10-16T08:26:17+00:00\",\"dateModified\":\"2025-02-08T07:56:58+00:00\",\"description\":\"R\u00e9unis \u00e0 Montevideo, Uruguay, les 16-17 octobre, des affili\u00e9s d&rsquo;Argentine, du Br\u00e9sil, du Chili, du Paraguay et d&rsquo;Uruguay ont examin\u00e9 la\",\"breadcrumb\":{\"@id\":\"https:\/\/admin.industriall-union.org\/fr\/renforcement-de-l-engagement-regional-pour-une-politique-industrielle-durable\/#breadcrumb\"},\"inLanguage\":\"fr-FR\",\"potentialAction\":[{\"@type\":\"ReadAction\",\"target\":[\"https:\/\/admin.industriall-union.org\/fr\/renforcement-de-l-engagement-regional-pour-une-politique-industrielle-durable\/\"]}]},{\"@type\":\"BreadcrumbList\",\"@id\":\"https:\/\/admin.industriall-union.org\/fr\/renforcement-de-l-engagement-regional-pour-une-politique-industrielle-durable\/#breadcrumb\",\"itemListElement\":[{\"@type\":\"ListItem\",\"position\":1,\"name\":\"Home\",\"item\":\"https:\/\/admin.industriall-union.org\/\"},{\"@type\":\"ListItem\",\"position\":2,\"name\":\"Articles\",\"item\":\"https:\/\/admin.industriall-union.org\/article\/\"},{\"@type\":\"ListItem\",\"position\":3,\"name\":\"Renforcement de l\u2019engagement r\u00e9gional pour une politique industrielle durable\"}]},{\"@type\":\"WebSite\",\"@id\":\"https:\/\/admin.industriall-union.org\/#website\",\"url\":\"https:\/\/admin.industriall-union.org\/\",\"name\":\"industriall-union\",\"description\":\"\",\"potentialAction\":[{\"@type\":\"SearchAction\",\"target\":{\"@type\":\"EntryPoint\",\"urlTemplate\":\"https:\/\/admin.industriall-union.org\/?s={search_term_string}\"},\"query-input\":{\"@type\":\"PropertyValueSpecification\",\"valueRequired\":true,\"valueName\":\"search_term_string\"}}],\"inLanguage\":\"fr-FR\"}]}<\/script>\n<!-- \/ Yoast SEO Premium plugin. -->","yoast_head_json":{"title":"Renforcement de l\u2019engagement r\u00e9gional pour une politique industrielle durable - industriall-union","description":"R\u00e9unis \u00e0 Montevideo, Uruguay, les 16-17 octobre, des affili\u00e9s d&rsquo;Argentine, du Br\u00e9sil, du Chili, du Paraguay et d&rsquo;Uruguay ont examin\u00e9 la","robots":{"index":"index","follow":"follow","max-snippet":"max-snippet:-1","max-image-preview":"max-image-preview:large","max-video-preview":"max-video-preview:-1"},"canonical":"https:\/\/admin.industriall-union.org\/fr\/renforcement-de-l-engagement-regional-pour-une-politique-industrielle-durable\/","og_locale":"fr_FR","og_type":"article","og_title":"Renforcement de l\u2019engagement r\u00e9gional pour une politique industrielle durable","og_description":"R\u00e9unis \u00e0 Montevideo, Uruguay, les 16-17 octobre, des affili\u00e9s d&rsquo;Argentine, du Br\u00e9sil, du Chili, du Paraguay et d&rsquo;Uruguay ont examin\u00e9 la","og_url":"https:\/\/admin.industriall-union.org\/fr\/renforcement-de-l-engagement-regional-pour-une-politique-industrielle-durable\/","og_site_name":"industriall-union","article_modified_time":"2025-02-08T07:56:58+00:00","twitter_card":"summary_large_image","twitter_misc":{"Est. reading time":"4 minutes"},"schema":{"@context":"https:\/\/schema.org","@graph":[{"@type":"WebPage","@id":"https:\/\/admin.industriall-union.org\/fr\/renforcement-de-l-engagement-regional-pour-une-politique-industrielle-durable\/","url":"https:\/\/admin.industriall-union.org\/fr\/renforcement-de-l-engagement-regional-pour-une-politique-industrielle-durable\/","name":"Renforcement de l\u2019engagement r\u00e9gional pour une politique industrielle durable - industriall-union","isPartOf":{"@id":"https:\/\/admin.industriall-union.org\/#website"},"datePublished":"2013-10-16T08:26:17+00:00","dateModified":"2025-02-08T07:56:58+00:00","description":"R\u00e9unis \u00e0 Montevideo, Uruguay, les 16-17 octobre, des affili\u00e9s d&rsquo;Argentine, du Br\u00e9sil, du Chili, du Paraguay et d&rsquo;Uruguay ont examin\u00e9 la","breadcrumb":{"@id":"https:\/\/admin.industriall-union.org\/fr\/renforcement-de-l-engagement-regional-pour-une-politique-industrielle-durable\/#breadcrumb"},"inLanguage":"fr-FR","potentialAction":[{"@type":"ReadAction","target":["https:\/\/admin.industriall-union.org\/fr\/renforcement-de-l-engagement-regional-pour-une-politique-industrielle-durable\/"]}]},{"@type":"BreadcrumbList","@id":"https:\/\/admin.industriall-union.org\/fr\/renforcement-de-l-engagement-regional-pour-une-politique-industrielle-durable\/#breadcrumb","itemListElement":[{"@type":"ListItem","position":1,"name":"Home","item":"https:\/\/admin.industriall-union.org\/"},{"@type":"ListItem","position":2,"name":"Articles","item":"https:\/\/admin.industriall-union.org\/article\/"},{"@type":"ListItem","position":3,"name":"Renforcement de l\u2019engagement r\u00e9gional pour une politique industrielle durable"}]},{"@type":"WebSite","@id":"https:\/\/admin.industriall-union.org\/#website","url":"https:\/\/admin.industriall-union.org\/","name":"industriall-union","description":"","potentialAction":[{"@type":"SearchAction","target":{"@type":"EntryPoint","urlTemplate":"https:\/\/admin.industriall-union.org\/?s={search_term_string}"},"query-input":{"@type":"PropertyValueSpecification","valueRequired":true,"valueName":"search_term_string"}}],"inLanguage":"fr-FR"}]}},"_links":{"self":[{"href":"https:\/\/admin.industriall-union.org\/fr\/wp-json\/wp\/v2\/article\/152715","targetHints":{"allow":["GET"]}}],"collection":[{"href":"https:\/\/admin.industriall-union.org\/fr\/wp-json\/wp\/v2\/article"}],"about":[{"href":"https:\/\/admin.industriall-union.org\/fr\/wp-json\/wp\/v2\/types\/article"}],"wp:attachment":[{"href":"https:\/\/admin.industriall-union.org\/fr\/wp-json\/wp\/v2\/media?parent=152715"}],"wp:term":[{"taxonomy":"issues","embeddable":true,"href":"https:\/\/admin.industriall-union.org\/fr\/wp-json\/wp\/v2\/issues?post=152715"},{"taxonomy":"companies","embeddable":true,"href":"https:\/\/admin.industriall-union.org\/fr\/wp-json\/wp\/v2\/companies?post=152715"},{"taxonomy":"regions","embeddable":true,"href":"https:\/\/admin.industriall-union.org\/fr\/wp-json\/wp\/v2\/regions?post=152715"},{"taxonomy":"sectors","embeddable":true,"href":"https:\/\/admin.industriall-union.org\/fr\/wp-json\/wp\/v2\/sectors?post=152715"},{"taxonomy":"article_tags","embeddable":true,"href":"https:\/\/admin.industriall-union.org\/fr\/wp-json\/wp\/v2\/article_tags?post=152715"}],"curies":[{"name":"wp","href":"https:\/\/api.w.org\/{rel}","templated":true}]}}