{"id":152700,"date":"2013-10-18T16:49:35","date_gmt":"2013-10-18T16:49:35","guid":{"rendered":"https:\/\/admin.industriall-union.org\/la-campagne-contre-crown-holdings-s-039-intensifie-avec-des-actions-en-europe\/"},"modified":"2025-02-08T07:44:47","modified_gmt":"2025-02-08T07:44:47","slug":"la-campagne-contre-crown-holdings-s-039-intensifie-avec-des-actions-en-europe","status":"publish","type":"article","link":"https:\/\/admin.industriall-union.org\/fr\/la-campagne-contre-crown-holdings-s-039-intensifie-avec-des-actions-en-europe\/","title":{"rendered":"La campagne contre Crown Holdings s&#039;intensifie avec des actions en Europe"},"content":{"rendered":"<p>Le 18 octobre, des militants de la section locale de Zoug d&#039;UNIA, d&#039;IndustriALL Global Union et le repr\u00e9sentant de l&#039;USW Mike Cruttenden ont men\u00e9 une action de protestation devant le si\u00e8ge europ\u00e9en de Crown Holdings, \u00e0 Baar.<\/p><p>Le Secr\u00e9taire g\u00e9n\u00e9ral adjoint d&#039;IndustriALL, Kemal \u00d6zkan, y a d\u00e9clar\u00e9 &quot;Nous avons dit aujourd&#039;hui \u00e0 ses repr\u00e9sentants que nous ne pouvons plus accepter de nouvelles mesures d&#039;\u00e9conomie, nous voulons la part qui nous revient des b\u00e9n\u00e9fices qui ont doubl\u00e9 l&#039;an dernier et nous ne voulons pas travailler pour de bas salaires et de petites pensions, et en Turquie, nous avons exig\u00e9 que l&#039;entreprise reconnaisse le syndicat au plus t\u00f4t.&quot;<\/p><p>Kemal \u00d6zkan a assur\u00e9 qu&#039;IndustriALL Global Union poursuivrait sa mobilisation dans le monde entier contre les activit\u00e9s de Crown tant que ces deux probl\u00e8mes n&#039;auront pas re\u00e7u une juste solution.<\/p><p>Mike Cruttenden, salari\u00e9 gr\u00e9viste de Crown et membre actif de l&#039;USW, a d\u00e9clar\u00e9 pour sa part &quot;Nous demandons une convention honn\u00eate et \u00e9quitable. Crown Holdings nous demande du r\u00e9pit; les travailleurs vous ont laiss\u00e9 du r\u00e9pit il y a neuf ans, mais vous en demandez encore, alors que vos b\u00e9n\u00e9fices ont doubl\u00e9; vous demandez plus aux travailleurs simplement pour faire plus de b\u00e9n\u00e9fices; tout ce que nous demandons, c&#039;est l&#039;\u00e9quit\u00e9, la part qui nous revient de l&#039;argent que nous vous avons fait gagner.&quot;<\/p><p>Il a ajout\u00e9 : &quot;Nous ne c\u00e9derons pas, nous ne c\u00e9derons plus, nous ne croyons pas en un r\u00e9gime salarial \u00e0 deux vitesses qui divise les travailleurs au point de faire r\u00e9gner une atmosph\u00e8re d\u00e9testable sur le lieu de travail.&quot;<\/p><p>La campagne &quot;Plus de concessions&quot; continue. Lundi 21 octobre, Mike Cruttenden rejoindra ses coll\u00e8gues en Turquie o\u00f9 notre affili\u00e9 Birlesik Metal-Is pr\u00e9pare une s\u00e9rie de protestations contre Crown Holdings.<\/p><p>\u00c0 propos du comportement de l&#039;entreprise en Turquie, il a d\u00e9clar\u00e9 : &quot;Ils demandent seulement \u00e0 adh\u00e9rer \u00e0 un syndicat qu&#039;ils ont \u00e9lu d\u00e9mocratiquement, mais l&#039;entreprise les en emp\u00eache avec la collaboration du gouvernement. Nous vous demandons de reconna\u00eetre ce syndicat tout de suite et de n\u00e9gocier une premi\u00e8re convention juste et \u00e9quitable.&quot;<\/p>","protected":false},"featured_media":0,"template":"","issues":[425],"companies":[30],"regions":[309,248,250],"sectors":[481],"article_tags":[515],"class_list":["post-152700","article","type-article","status-publish","hentry","issues-workers-rights","companies-crown","regions-canada","regions-switzerland","regions-turkiye","sectors-base-metals","article_tags-lockout"],"acf":[],"yoast_head":"<!-- This site is optimized with the Yoast SEO Premium plugin v27.1 (Yoast SEO v27.1) - https:\/\/yoast.com\/product\/yoast-seo-premium-wordpress\/ -->\n<title>La campagne contre Crown Holdings s&#039;intensifie avec des actions en Europe - industriall-union<\/title>\n<meta name=\"description\" content=\"Le 18 octobre, des militants de la section locale de Zoug d&#039;UNIA, d&#039;IndustriALL Global Union et le repr\u00e9sentant de l&#039;USW Mike Cruttenden\" \/>\n<meta name=\"robots\" content=\"index, follow, max-snippet:-1, max-image-preview:large, max-video-preview:-1\" \/>\n<link rel=\"canonical\" href=\"https:\/\/admin.industriall-union.org\/fr\/la-campagne-contre-crown-holdings-s-039-intensifie-avec-des-actions-en-europe\/\" \/>\n<meta property=\"og:locale\" content=\"fr_FR\" \/>\n<meta property=\"og:type\" content=\"article\" \/>\n<meta property=\"og:title\" content=\"La campagne contre Crown Holdings s&#039;intensifie avec des actions en Europe\" \/>\n<meta property=\"og:description\" content=\"Le 18 octobre, des militants de la section locale de Zoug d&#039;UNIA, d&#039;IndustriALL Global Union et le repr\u00e9sentant de l&#039;USW Mike Cruttenden\" \/>\n<meta property=\"og:url\" content=\"https:\/\/admin.industriall-union.org\/fr\/la-campagne-contre-crown-holdings-s-039-intensifie-avec-des-actions-en-europe\/\" \/>\n<meta property=\"og:site_name\" content=\"industriall-union\" \/>\n<meta property=\"article:modified_time\" content=\"2025-02-08T07:44:47+00:00\" \/>\n<meta name=\"twitter:card\" content=\"summary_large_image\" \/>\n<meta name=\"twitter:label1\" content=\"Est. reading time\" \/>\n\t<meta name=\"twitter:data1\" content=\"2 minutes\" \/>\n<script type=\"application\/ld+json\" class=\"yoast-schema-graph\">{\"@context\":\"https:\/\/schema.org\",\"@graph\":[{\"@type\":\"WebPage\",\"@id\":\"https:\/\/admin.industriall-union.org\/fr\/la-campagne-contre-crown-holdings-s-039-intensifie-avec-des-actions-en-europe\/\",\"url\":\"https:\/\/admin.industriall-union.org\/fr\/la-campagne-contre-crown-holdings-s-039-intensifie-avec-des-actions-en-europe\/\",\"name\":\"La campagne contre Crown Holdings s&#039;intensifie avec des actions en Europe - industriall-union\",\"isPartOf\":{\"@id\":\"https:\/\/admin.industriall-union.org\/#website\"},\"datePublished\":\"2013-10-18T16:49:35+00:00\",\"dateModified\":\"2025-02-08T07:44:47+00:00\",\"description\":\"Le 18 octobre, des militants de la section locale de Zoug d&#039;UNIA, d&#039;IndustriALL Global Union et le repr\u00e9sentant de l&#039;USW Mike Cruttenden\",\"breadcrumb\":{\"@id\":\"https:\/\/admin.industriall-union.org\/fr\/la-campagne-contre-crown-holdings-s-039-intensifie-avec-des-actions-en-europe\/#breadcrumb\"},\"inLanguage\":\"fr-FR\",\"potentialAction\":[{\"@type\":\"ReadAction\",\"target\":[\"https:\/\/admin.industriall-union.org\/fr\/la-campagne-contre-crown-holdings-s-039-intensifie-avec-des-actions-en-europe\/\"]}]},{\"@type\":\"BreadcrumbList\",\"@id\":\"https:\/\/admin.industriall-union.org\/fr\/la-campagne-contre-crown-holdings-s-039-intensifie-avec-des-actions-en-europe\/#breadcrumb\",\"itemListElement\":[{\"@type\":\"ListItem\",\"position\":1,\"name\":\"Home\",\"item\":\"https:\/\/admin.industriall-union.org\/\"},{\"@type\":\"ListItem\",\"position\":2,\"name\":\"Articles\",\"item\":\"https:\/\/admin.industriall-union.org\/article\/\"},{\"@type\":\"ListItem\",\"position\":3,\"name\":\"La campagne contre Crown Holdings s&#039;intensifie avec des actions en Europe\"}]},{\"@type\":\"WebSite\",\"@id\":\"https:\/\/admin.industriall-union.org\/#website\",\"url\":\"https:\/\/admin.industriall-union.org\/\",\"name\":\"industriall-union\",\"description\":\"\",\"potentialAction\":[{\"@type\":\"SearchAction\",\"target\":{\"@type\":\"EntryPoint\",\"urlTemplate\":\"https:\/\/admin.industriall-union.org\/?s={search_term_string}\"},\"query-input\":{\"@type\":\"PropertyValueSpecification\",\"valueRequired\":true,\"valueName\":\"search_term_string\"}}],\"inLanguage\":\"fr-FR\"}]}<\/script>\n<!-- \/ Yoast SEO Premium plugin. -->","yoast_head_json":{"title":"La campagne contre Crown Holdings s&#039;intensifie avec des actions en Europe - industriall-union","description":"Le 18 octobre, des militants de la section locale de Zoug d&#039;UNIA, d&#039;IndustriALL Global Union et le repr\u00e9sentant de l&#039;USW Mike Cruttenden","robots":{"index":"index","follow":"follow","max-snippet":"max-snippet:-1","max-image-preview":"max-image-preview:large","max-video-preview":"max-video-preview:-1"},"canonical":"https:\/\/admin.industriall-union.org\/fr\/la-campagne-contre-crown-holdings-s-039-intensifie-avec-des-actions-en-europe\/","og_locale":"fr_FR","og_type":"article","og_title":"La campagne contre Crown Holdings s&#039;intensifie avec des actions en Europe","og_description":"Le 18 octobre, des militants de la section locale de Zoug d&#039;UNIA, d&#039;IndustriALL Global Union et le repr\u00e9sentant de l&#039;USW Mike Cruttenden","og_url":"https:\/\/admin.industriall-union.org\/fr\/la-campagne-contre-crown-holdings-s-039-intensifie-avec-des-actions-en-europe\/","og_site_name":"industriall-union","article_modified_time":"2025-02-08T07:44:47+00:00","twitter_card":"summary_large_image","twitter_misc":{"Est. reading time":"2 minutes"},"schema":{"@context":"https:\/\/schema.org","@graph":[{"@type":"WebPage","@id":"https:\/\/admin.industriall-union.org\/fr\/la-campagne-contre-crown-holdings-s-039-intensifie-avec-des-actions-en-europe\/","url":"https:\/\/admin.industriall-union.org\/fr\/la-campagne-contre-crown-holdings-s-039-intensifie-avec-des-actions-en-europe\/","name":"La campagne contre Crown Holdings s&#039;intensifie avec des actions en Europe - industriall-union","isPartOf":{"@id":"https:\/\/admin.industriall-union.org\/#website"},"datePublished":"2013-10-18T16:49:35+00:00","dateModified":"2025-02-08T07:44:47+00:00","description":"Le 18 octobre, des militants de la section locale de Zoug d&#039;UNIA, d&#039;IndustriALL Global Union et le repr\u00e9sentant de l&#039;USW Mike Cruttenden","breadcrumb":{"@id":"https:\/\/admin.industriall-union.org\/fr\/la-campagne-contre-crown-holdings-s-039-intensifie-avec-des-actions-en-europe\/#breadcrumb"},"inLanguage":"fr-FR","potentialAction":[{"@type":"ReadAction","target":["https:\/\/admin.industriall-union.org\/fr\/la-campagne-contre-crown-holdings-s-039-intensifie-avec-des-actions-en-europe\/"]}]},{"@type":"BreadcrumbList","@id":"https:\/\/admin.industriall-union.org\/fr\/la-campagne-contre-crown-holdings-s-039-intensifie-avec-des-actions-en-europe\/#breadcrumb","itemListElement":[{"@type":"ListItem","position":1,"name":"Home","item":"https:\/\/admin.industriall-union.org\/"},{"@type":"ListItem","position":2,"name":"Articles","item":"https:\/\/admin.industriall-union.org\/article\/"},{"@type":"ListItem","position":3,"name":"La campagne contre Crown Holdings s&#039;intensifie avec des actions en Europe"}]},{"@type":"WebSite","@id":"https:\/\/admin.industriall-union.org\/#website","url":"https:\/\/admin.industriall-union.org\/","name":"industriall-union","description":"","potentialAction":[{"@type":"SearchAction","target":{"@type":"EntryPoint","urlTemplate":"https:\/\/admin.industriall-union.org\/?s={search_term_string}"},"query-input":{"@type":"PropertyValueSpecification","valueRequired":true,"valueName":"search_term_string"}}],"inLanguage":"fr-FR"}]}},"_links":{"self":[{"href":"https:\/\/admin.industriall-union.org\/fr\/wp-json\/wp\/v2\/article\/152700","targetHints":{"allow":["GET"]}}],"collection":[{"href":"https:\/\/admin.industriall-union.org\/fr\/wp-json\/wp\/v2\/article"}],"about":[{"href":"https:\/\/admin.industriall-union.org\/fr\/wp-json\/wp\/v2\/types\/article"}],"wp:attachment":[{"href":"https:\/\/admin.industriall-union.org\/fr\/wp-json\/wp\/v2\/media?parent=152700"}],"wp:term":[{"taxonomy":"issues","embeddable":true,"href":"https:\/\/admin.industriall-union.org\/fr\/wp-json\/wp\/v2\/issues?post=152700"},{"taxonomy":"companies","embeddable":true,"href":"https:\/\/admin.industriall-union.org\/fr\/wp-json\/wp\/v2\/companies?post=152700"},{"taxonomy":"regions","embeddable":true,"href":"https:\/\/admin.industriall-union.org\/fr\/wp-json\/wp\/v2\/regions?post=152700"},{"taxonomy":"sectors","embeddable":true,"href":"https:\/\/admin.industriall-union.org\/fr\/wp-json\/wp\/v2\/sectors?post=152700"},{"taxonomy":"article_tags","embeddable":true,"href":"https:\/\/admin.industriall-union.org\/fr\/wp-json\/wp\/v2\/article_tags?post=152700"}],"curies":[{"name":"wp","href":"https:\/\/api.w.org\/{rel}","templated":true}]}}