{"id":152684,"date":"2013-10-25T08:07:57","date_gmt":"2013-10-25T08:07:57","guid":{"rendered":"https:\/\/admin.industriall-union.org\/la-federation-des-salaries-de-siemens-veut-syndiquer-les-travailleurs-precaires\/"},"modified":"2025-02-08T07:19:45","modified_gmt":"2025-02-08T07:19:45","slug":"la-federation-des-salaries-de-siemens-veut-syndiquer-les-travailleurs-precaires","status":"publish","type":"article","link":"https:\/\/admin.industriall-union.org\/fr\/la-federation-des-salaries-de-siemens-veut-syndiquer-les-travailleurs-precaires\/","title":{"rendered":"La F\u00e9d\u00e9ration des salari\u00e9s de Siemens veut syndiquer les travailleurs pr\u00e9caires"},"content":{"rendered":"<p>IndustriALL Global Union a organis\u00e9 la r\u00e9union du R\u00e9seau de la F\u00e9d\u00e9ration des salari\u00e9s de Siemens (SEF) qui s&#039;est tenue du 16 au 18 octobre \u00e0 Thane, dans l&#039;\u00c9tat du Maharastra, en Inde. 18 dirigeants syndicaux de 8 usines Siemens, ainsi que Kan Matsuzaki, le directeur du secteur TIC, \u00c9lectricit\u00e9 &amp; \u00c9lectronique d&#039;IndustriALL, et Dirk Linder, repr\u00e9sentant IG Metall, ont activement discut\u00e9 de l&#039;ordre du jour :<\/p><ul><li><span dir=\"LTR\">Situation actuelle et probl\u00e8mes rencontr\u00e9s par les syndicats de la SEF <\/span><\/li><li><span dir=\"LTR\">Promotion d&#039;un lieu de travail durable et activit\u00e9s syndicales centr\u00e9es sur le travail pr\u00e9caire <\/span><\/li><li><span dir=\"LTR\">Application de l&#039;Accord-cadre mondial de Siemens et de son programme de formation&nbsp; <\/span><\/li><\/ul><p>Le groupe Siemens emploie plus de 19.000 personnes en Inde. Il compte 21 usines et un vaste r\u00e9seau de cha\u00eenes d&#039;approvisionnement dans tout le pays. Les syndicats membres de la SEF repr\u00e9sentent quelque 4.000 travailleurs de 13 usines; c&#039;est le plus grand r\u00e9seau syndical de travailleurs de Siemens de la r\u00e9gion de l&#039;Asie du Sud et du Sud-est asiatique.<\/p><p>Les leaders syndicaux venus de diff\u00e9rentes parties du pays ont discut\u00e9 des probl\u00e8mes que rencontrent tous les travailleurs de Siemens en Inde, comme par exemple les pressions de direction. Au fil des ans, le nombre des travailleurs pr\u00e9caires (contractuels et int\u00e9rimaires) a fortement augment\u00e9 et on a assist\u00e9 \u00e0 un d\u00e9placement de l&#039;emploi de lieux de travail syndiqu\u00e9s vers d&#039;autres non syndiqu\u00e9s, ainsi qu&#039;\u00e0 une d\u00e9syndicalisation et des promotions non d\u00e9sir\u00e9es <a href=\"http:\/\/www.industriall-union.org\/fr\/les-reseaux-mondiaux-et-les-acm-appeles-a-defendre-les-droits-des-travailleurs-de-siemens-en-inde\">impos\u00e9es par la direction<\/a>. Les syndicats ont aussi indiqu\u00e9 que les travailleurs pr\u00e9caires de Siemens ou de ses fournisseurs sont emp\u00each\u00e9s de cr\u00e9er des syndicats ou d&#039;y adh\u00e9rer et qu&#039;un large foss\u00e9 les s\u00e9pare des travailleurs permanents s&#039;agissant des salaires, des prestations de sant\u00e9 et de la protection sociale.<\/p><p>Pour s&#039;attaquer \u00e0 ces probl\u00e8mes, les syndicats ont convenu que le SEF doit augmenter les taux de syndicalisation dans tous les sites de Siemens afin d&#039;avoir plus de poids dans la n\u00e9gociation collective avec la direction. Pendant la r\u00e9union, les syndicats ont <a href=\"\/wp-content\/uploads\/documents\/sef_precarious_work_-_resolution.pdf\">adopt\u00e9 \u00e0 l&#039;unanimit\u00e9 une r\u00e9solution&nbsp;<\/a>sur le recrutement des travailleurs, y compris les travailleurs pr\u00e9caires, dans laquelle on peut lire<\/p><blockquote><p>Il est d\u00e9cid\u00e9 que tous les salari\u00e9s travaillant directement ou indirectement pour l&#039;entreprise, que ce soit dans les locaux de l&#039;entreprise ou hors de celle-ci, pourront devenir membres des syndicats mandants respectifs. Les syndicats s&#039;efforceront de leur obtenir l&#039;\u00e9galit\u00e9 de droits, de salaires et de conditions de travail avec les travailleurs permanents de l&#039;entreprise.<\/p><\/blockquote><p>La SEF va mettre sur pied un projet de 3 ans visant \u00e0 recruter tous les travailleurs travaillant directement ou indirectement pour Siemens en Inde pour leur obtenir les m\u00eames droits et les m\u00eames conditions de travail que les travailleurs permanents.<\/p><p>Elle a aussi r\u00e9clam\u00e9 vigoureusement que l&#039;ACM avec Siemens soit mis en application dans tous les sites de Siemens et elle a insist\u00e9 sur la n\u00e9cessit\u00e9 pour cet ACM de contribuer \u00e0 d\u00e9velopper le r\u00e9seau syndical de la SEF au titre de la d\u00e9fense des droits et des int\u00e9r\u00eats des travailleurs. Le Secr\u00e9taire g\u00e9n\u00e9ral du SWU (syndicat constitutif de la SEF), Uday Mahale, a d\u00e9clar\u00e9 :<\/p><blockquote><p>S&#039;agissant de l&#039;application de l&#039;ACM, il a \u00e9t\u00e9 d\u00e9cid\u00e9 que la SEF formera 55 repr\u00e9sentants syndicaux sur le th\u00e8me des normes fondamentales du travail de l&#039;OIT et de l&#039;importance d&#039;autres clauses de l&#039;ACM. \u00c9tant donn\u00e9 que, de toute l&#039;Asie du Sud et tout le Sud-est asiatique, c&#039;est en Inde que Siemens est le plus implant\u00e9e, il faut s&#039;attendre \u00e0 ce que la prochaine r\u00e9union du m\u00e9ta-cluster se tienne en Inde. IndustriALL devrait aider la SEF \u00e0 nouer des liens avec les syndicats de cette r\u00e9gion avant la r\u00e9union.<\/p><\/blockquote><p>Le 18 octobre, Kan Matsuzaki, le directeur du secteur TIC, \u00c9lectricit\u00e9 &amp; \u00c9lectronique d&#039;IndustriALL, et Dirk Linder, repr\u00e9sentant IG Metall, ont rencontr\u00e9 la direction des ressources humaines de Siemens Inde et \u00e9chang\u00e9 leurs points de vue sur l&#039;importance d&#039;un r\u00e9seau syndical et de l&#039;application de l&#039;ACM. La direction a fait part de son intention de b\u00e2tir une relation constructive et de qualit\u00e9 avec les syndicats de Siemens et elle affichera le texte de l&#039;ACM dans les langues locales sur les lieux de travail, ce qui sera la premi\u00e8re \u00e9tape de sa mise en \u0153uvre en collaboration avec les syndicats.<\/p><p>IndustriALL Global Union et IG Metall poursuivront leur soutien aux activit\u00e9s de la SEF et, en tant que signataires, ils mettront l&#039;accent sur l&#039;application de l&#039;ACM.<\/p>","protected":false},"featured_media":0,"template":"","issues":[415],"companies":[124],"regions":[155,166],"sectors":[490],"article_tags":[],"class_list":["post-152684","article","type-article","status-publish","hentry","issues-stop-precarious-work","companies-siemens","regions-asia-pacific","regions-india","sectors-ict-electrical-and-electronics"],"acf":[],"yoast_head":"<!-- This site is optimized with the Yoast SEO Premium plugin v27.1 (Yoast SEO v27.1) - https:\/\/yoast.com\/product\/yoast-seo-premium-wordpress\/ -->\n<title>La F\u00e9d\u00e9ration des salari\u00e9s de Siemens veut syndiquer les travailleurs pr\u00e9caires - industriall-union<\/title>\n<meta name=\"description\" content=\"IndustriALL Global Union a organis\u00e9 la r\u00e9union du R\u00e9seau de la F\u00e9d\u00e9ration des salari\u00e9s de Siemens (SEF) qui s&#039;est tenue du 16 au 18 octobre \u00e0 Thane,\" \/>\n<meta name=\"robots\" content=\"index, follow, max-snippet:-1, max-image-preview:large, max-video-preview:-1\" \/>\n<link rel=\"canonical\" href=\"https:\/\/admin.industriall-union.org\/fr\/la-federation-des-salaries-de-siemens-veut-syndiquer-les-travailleurs-precaires\/\" \/>\n<meta property=\"og:locale\" content=\"fr_FR\" \/>\n<meta property=\"og:type\" content=\"article\" \/>\n<meta property=\"og:title\" content=\"La F\u00e9d\u00e9ration des salari\u00e9s de Siemens veut syndiquer les travailleurs pr\u00e9caires\" \/>\n<meta property=\"og:description\" content=\"IndustriALL Global Union a organis\u00e9 la r\u00e9union du R\u00e9seau de la F\u00e9d\u00e9ration des salari\u00e9s de Siemens (SEF) qui s&#039;est tenue du 16 au 18 octobre \u00e0 Thane,\" \/>\n<meta property=\"og:url\" content=\"https:\/\/admin.industriall-union.org\/fr\/la-federation-des-salaries-de-siemens-veut-syndiquer-les-travailleurs-precaires\/\" \/>\n<meta property=\"og:site_name\" content=\"industriall-union\" \/>\n<meta property=\"article:modified_time\" content=\"2025-02-08T07:19:45+00:00\" \/>\n<meta name=\"twitter:card\" content=\"summary_large_image\" \/>\n<meta name=\"twitter:label1\" content=\"Est. reading time\" \/>\n\t<meta name=\"twitter:data1\" content=\"4 minutes\" \/>\n<script type=\"application\/ld+json\" class=\"yoast-schema-graph\">{\"@context\":\"https:\/\/schema.org\",\"@graph\":[{\"@type\":\"WebPage\",\"@id\":\"https:\/\/admin.industriall-union.org\/fr\/la-federation-des-salaries-de-siemens-veut-syndiquer-les-travailleurs-precaires\/\",\"url\":\"https:\/\/admin.industriall-union.org\/fr\/la-federation-des-salaries-de-siemens-veut-syndiquer-les-travailleurs-precaires\/\",\"name\":\"La F\u00e9d\u00e9ration des salari\u00e9s de Siemens veut syndiquer les travailleurs pr\u00e9caires - industriall-union\",\"isPartOf\":{\"@id\":\"https:\/\/admin.industriall-union.org\/#website\"},\"datePublished\":\"2013-10-25T08:07:57+00:00\",\"dateModified\":\"2025-02-08T07:19:45+00:00\",\"description\":\"IndustriALL Global Union a organis\u00e9 la r\u00e9union du R\u00e9seau de la F\u00e9d\u00e9ration des salari\u00e9s de Siemens (SEF) qui s&#039;est tenue du 16 au 18 octobre \u00e0 Thane,\",\"breadcrumb\":{\"@id\":\"https:\/\/admin.industriall-union.org\/fr\/la-federation-des-salaries-de-siemens-veut-syndiquer-les-travailleurs-precaires\/#breadcrumb\"},\"inLanguage\":\"fr-FR\",\"potentialAction\":[{\"@type\":\"ReadAction\",\"target\":[\"https:\/\/admin.industriall-union.org\/fr\/la-federation-des-salaries-de-siemens-veut-syndiquer-les-travailleurs-precaires\/\"]}]},{\"@type\":\"BreadcrumbList\",\"@id\":\"https:\/\/admin.industriall-union.org\/fr\/la-federation-des-salaries-de-siemens-veut-syndiquer-les-travailleurs-precaires\/#breadcrumb\",\"itemListElement\":[{\"@type\":\"ListItem\",\"position\":1,\"name\":\"Home\",\"item\":\"https:\/\/admin.industriall-union.org\/\"},{\"@type\":\"ListItem\",\"position\":2,\"name\":\"Articles\",\"item\":\"https:\/\/admin.industriall-union.org\/article\/\"},{\"@type\":\"ListItem\",\"position\":3,\"name\":\"La F\u00e9d\u00e9ration des salari\u00e9s de Siemens veut syndiquer les travailleurs pr\u00e9caires\"}]},{\"@type\":\"WebSite\",\"@id\":\"https:\/\/admin.industriall-union.org\/#website\",\"url\":\"https:\/\/admin.industriall-union.org\/\",\"name\":\"industriall-union\",\"description\":\"\",\"potentialAction\":[{\"@type\":\"SearchAction\",\"target\":{\"@type\":\"EntryPoint\",\"urlTemplate\":\"https:\/\/admin.industriall-union.org\/?s={search_term_string}\"},\"query-input\":{\"@type\":\"PropertyValueSpecification\",\"valueRequired\":true,\"valueName\":\"search_term_string\"}}],\"inLanguage\":\"fr-FR\"}]}<\/script>\n<!-- \/ Yoast SEO Premium plugin. -->","yoast_head_json":{"title":"La F\u00e9d\u00e9ration des salari\u00e9s de Siemens veut syndiquer les travailleurs pr\u00e9caires - industriall-union","description":"IndustriALL Global Union a organis\u00e9 la r\u00e9union du R\u00e9seau de la F\u00e9d\u00e9ration des salari\u00e9s de Siemens (SEF) qui s&#039;est tenue du 16 au 18 octobre \u00e0 Thane,","robots":{"index":"index","follow":"follow","max-snippet":"max-snippet:-1","max-image-preview":"max-image-preview:large","max-video-preview":"max-video-preview:-1"},"canonical":"https:\/\/admin.industriall-union.org\/fr\/la-federation-des-salaries-de-siemens-veut-syndiquer-les-travailleurs-precaires\/","og_locale":"fr_FR","og_type":"article","og_title":"La F\u00e9d\u00e9ration des salari\u00e9s de Siemens veut syndiquer les travailleurs pr\u00e9caires","og_description":"IndustriALL Global Union a organis\u00e9 la r\u00e9union du R\u00e9seau de la F\u00e9d\u00e9ration des salari\u00e9s de Siemens (SEF) qui s&#039;est tenue du 16 au 18 octobre \u00e0 Thane,","og_url":"https:\/\/admin.industriall-union.org\/fr\/la-federation-des-salaries-de-siemens-veut-syndiquer-les-travailleurs-precaires\/","og_site_name":"industriall-union","article_modified_time":"2025-02-08T07:19:45+00:00","twitter_card":"summary_large_image","twitter_misc":{"Est. reading time":"4 minutes"},"schema":{"@context":"https:\/\/schema.org","@graph":[{"@type":"WebPage","@id":"https:\/\/admin.industriall-union.org\/fr\/la-federation-des-salaries-de-siemens-veut-syndiquer-les-travailleurs-precaires\/","url":"https:\/\/admin.industriall-union.org\/fr\/la-federation-des-salaries-de-siemens-veut-syndiquer-les-travailleurs-precaires\/","name":"La F\u00e9d\u00e9ration des salari\u00e9s de Siemens veut syndiquer les travailleurs pr\u00e9caires - industriall-union","isPartOf":{"@id":"https:\/\/admin.industriall-union.org\/#website"},"datePublished":"2013-10-25T08:07:57+00:00","dateModified":"2025-02-08T07:19:45+00:00","description":"IndustriALL Global Union a organis\u00e9 la r\u00e9union du R\u00e9seau de la F\u00e9d\u00e9ration des salari\u00e9s de Siemens (SEF) qui s&#039;est tenue du 16 au 18 octobre \u00e0 Thane,","breadcrumb":{"@id":"https:\/\/admin.industriall-union.org\/fr\/la-federation-des-salaries-de-siemens-veut-syndiquer-les-travailleurs-precaires\/#breadcrumb"},"inLanguage":"fr-FR","potentialAction":[{"@type":"ReadAction","target":["https:\/\/admin.industriall-union.org\/fr\/la-federation-des-salaries-de-siemens-veut-syndiquer-les-travailleurs-precaires\/"]}]},{"@type":"BreadcrumbList","@id":"https:\/\/admin.industriall-union.org\/fr\/la-federation-des-salaries-de-siemens-veut-syndiquer-les-travailleurs-precaires\/#breadcrumb","itemListElement":[{"@type":"ListItem","position":1,"name":"Home","item":"https:\/\/admin.industriall-union.org\/"},{"@type":"ListItem","position":2,"name":"Articles","item":"https:\/\/admin.industriall-union.org\/article\/"},{"@type":"ListItem","position":3,"name":"La F\u00e9d\u00e9ration des salari\u00e9s de Siemens veut syndiquer les travailleurs pr\u00e9caires"}]},{"@type":"WebSite","@id":"https:\/\/admin.industriall-union.org\/#website","url":"https:\/\/admin.industriall-union.org\/","name":"industriall-union","description":"","potentialAction":[{"@type":"SearchAction","target":{"@type":"EntryPoint","urlTemplate":"https:\/\/admin.industriall-union.org\/?s={search_term_string}"},"query-input":{"@type":"PropertyValueSpecification","valueRequired":true,"valueName":"search_term_string"}}],"inLanguage":"fr-FR"}]}},"_links":{"self":[{"href":"https:\/\/admin.industriall-union.org\/fr\/wp-json\/wp\/v2\/article\/152684","targetHints":{"allow":["GET"]}}],"collection":[{"href":"https:\/\/admin.industriall-union.org\/fr\/wp-json\/wp\/v2\/article"}],"about":[{"href":"https:\/\/admin.industriall-union.org\/fr\/wp-json\/wp\/v2\/types\/article"}],"wp:attachment":[{"href":"https:\/\/admin.industriall-union.org\/fr\/wp-json\/wp\/v2\/media?parent=152684"}],"wp:term":[{"taxonomy":"issues","embeddable":true,"href":"https:\/\/admin.industriall-union.org\/fr\/wp-json\/wp\/v2\/issues?post=152684"},{"taxonomy":"companies","embeddable":true,"href":"https:\/\/admin.industriall-union.org\/fr\/wp-json\/wp\/v2\/companies?post=152684"},{"taxonomy":"regions","embeddable":true,"href":"https:\/\/admin.industriall-union.org\/fr\/wp-json\/wp\/v2\/regions?post=152684"},{"taxonomy":"sectors","embeddable":true,"href":"https:\/\/admin.industriall-union.org\/fr\/wp-json\/wp\/v2\/sectors?post=152684"},{"taxonomy":"article_tags","embeddable":true,"href":"https:\/\/admin.industriall-union.org\/fr\/wp-json\/wp\/v2\/article_tags?post=152684"}],"curies":[{"name":"wp","href":"https:\/\/api.w.org\/{rel}","templated":true}]}}