{"id":152680,"date":"2013-10-29T16:57:17","date_gmt":"2013-10-29T16:57:17","guid":{"rendered":"https:\/\/admin.industriall-union.org\/grave-litige-dans-une-cartonnerie-au-honduras\/"},"modified":"2025-02-08T07:11:36","modified_gmt":"2025-02-08T07:11:36","slug":"grave-litige-dans-une-cartonnerie-au-honduras","status":"publish","type":"article","link":"https:\/\/admin.industriall-union.org\/fr\/grave-litige-dans-une-cartonnerie-au-honduras\/","title":{"rendered":"Grave litige dans une cartonnerie au Honduras"},"content":{"rendered":"<p>Lorsque, l&#039;an dernier, les travailleurs ont cr\u00e9\u00e9 leur syndicat en r\u00e9action aux abus que leur faisait subir l&#039;entreprise, notamment en ne leur payant pas le salaire minimum et en leur rendant la vie impossible, la direction a affect\u00e9 leurs dirigeants \u00e0 des postes expos\u00e9s \u00e0 une chaleur intense, sous un soleil br\u00fblant, sans possibilit\u00e9 d&#039;avoir de l&#039;eau, elle les a forc\u00e9s \u00e0 d\u00e9charger des conteneurs alors que ce travail n&#039;\u00e9tait pas pr\u00e9vu dans leur contrat d&#039;emploi et elle leur interdisait l&#039;acc\u00e8s s&#039;ils arrivaient une minute apr\u00e8s le commencement de leur journ\u00e9e de travail, \u00e0 7 heures du matin, ce qui veut dire qu&#039;ils perdaient leur paie quotidienne ainsi qu&#039;une prime hebdomadaire.<\/p><p>Le 15 ao\u00fbt de cette ann\u00e9e, pour protester contre le traitement injuste de l&#039;entreprise, tous les travailleurs ont d\u00e9cid\u00e9 de se pr\u00e9senter au travail \u00e0 7h15&#039;.<\/p><p>La direction a ferm\u00e9 les grilles et, dans les jours qui ont suivi, elle a licenci\u00e9 pr\u00e8s de 70 travailleurs sans leur verser les prestations qui leur \u00e9taient dues. Elle a suspendu les membres du comit\u00e9 ex\u00e9cutif du syndicat avec l&#039;int\u00e9gralit\u00e9 de leur salaire tandis qu&#039;elle demandait au tribunal du travail l&#039;autorisation de les licencier.<\/p><p>En r\u00e9action au non-paiement du salaire minimum, le syndicat a port\u00e9 plainte \u00e0 la juridiction du travail et lui a demand\u00e9 d&#039;ordonner une hausse des salaires sur les deux derni\u00e8res ann\u00e9es.<\/p><p>IndustriALL Global Union a \u00e9crit au gouvernement du Honduras par le biais du minist\u00e8re du Travail, le priant de pr\u00e9coniser une fois encore des n\u00e9gociations entre les deux parties afin de trouver une solution au litige.<\/p>","protected":false},"featured_media":0,"template":"","issues":[424,425],"companies":[],"regions":[273],"sectors":[474],"article_tags":[],"class_list":["post-152680","article","type-article","status-publish","hentry","issues-violation","issues-workers-rights","regions-honduras","sectors-pulp-and-paper"],"acf":[],"yoast_head":"<!-- This site is optimized with the Yoast SEO Premium plugin v27.1 (Yoast SEO v27.1) - https:\/\/yoast.com\/product\/yoast-seo-premium-wordpress\/ -->\n<title>Grave litige dans une cartonnerie au Honduras - industriall-union<\/title>\n<meta name=\"description\" content=\"Lorsque, l&#039;an dernier, les travailleurs ont cr\u00e9\u00e9 leur syndicat en r\u00e9action aux abus que leur faisait subir l&#039;entreprise, notamment en ne leur\" \/>\n<meta name=\"robots\" content=\"index, follow, max-snippet:-1, max-image-preview:large, max-video-preview:-1\" \/>\n<link rel=\"canonical\" href=\"https:\/\/admin.industriall-union.org\/fr\/grave-litige-dans-une-cartonnerie-au-honduras\/\" \/>\n<meta property=\"og:locale\" content=\"fr_FR\" \/>\n<meta property=\"og:type\" content=\"article\" \/>\n<meta property=\"og:title\" content=\"Grave litige dans une cartonnerie au Honduras\" \/>\n<meta property=\"og:description\" content=\"Lorsque, l&#039;an dernier, les travailleurs ont cr\u00e9\u00e9 leur syndicat en r\u00e9action aux abus que leur faisait subir l&#039;entreprise, notamment en ne leur\" \/>\n<meta property=\"og:url\" content=\"https:\/\/admin.industriall-union.org\/fr\/grave-litige-dans-une-cartonnerie-au-honduras\/\" \/>\n<meta property=\"og:site_name\" content=\"industriall-union\" \/>\n<meta property=\"article:modified_time\" content=\"2025-02-08T07:11:36+00:00\" \/>\n<meta name=\"twitter:card\" content=\"summary_large_image\" \/>\n<meta name=\"twitter:label1\" content=\"Est. reading time\" \/>\n\t<meta name=\"twitter:data1\" content=\"1 minute\" \/>\n<script type=\"application\/ld+json\" class=\"yoast-schema-graph\">{\"@context\":\"https:\/\/schema.org\",\"@graph\":[{\"@type\":\"WebPage\",\"@id\":\"https:\/\/admin.industriall-union.org\/fr\/grave-litige-dans-une-cartonnerie-au-honduras\/\",\"url\":\"https:\/\/admin.industriall-union.org\/fr\/grave-litige-dans-une-cartonnerie-au-honduras\/\",\"name\":\"Grave litige dans une cartonnerie au Honduras - industriall-union\",\"isPartOf\":{\"@id\":\"https:\/\/admin.industriall-union.org\/#website\"},\"datePublished\":\"2013-10-29T16:57:17+00:00\",\"dateModified\":\"2025-02-08T07:11:36+00:00\",\"description\":\"Lorsque, l&#039;an dernier, les travailleurs ont cr\u00e9\u00e9 leur syndicat en r\u00e9action aux abus que leur faisait subir l&#039;entreprise, notamment en ne leur\",\"breadcrumb\":{\"@id\":\"https:\/\/admin.industriall-union.org\/fr\/grave-litige-dans-une-cartonnerie-au-honduras\/#breadcrumb\"},\"inLanguage\":\"fr-FR\",\"potentialAction\":[{\"@type\":\"ReadAction\",\"target\":[\"https:\/\/admin.industriall-union.org\/fr\/grave-litige-dans-une-cartonnerie-au-honduras\/\"]}]},{\"@type\":\"BreadcrumbList\",\"@id\":\"https:\/\/admin.industriall-union.org\/fr\/grave-litige-dans-une-cartonnerie-au-honduras\/#breadcrumb\",\"itemListElement\":[{\"@type\":\"ListItem\",\"position\":1,\"name\":\"Home\",\"item\":\"https:\/\/admin.industriall-union.org\/\"},{\"@type\":\"ListItem\",\"position\":2,\"name\":\"Articles\",\"item\":\"https:\/\/admin.industriall-union.org\/article\/\"},{\"@type\":\"ListItem\",\"position\":3,\"name\":\"Grave litige dans une cartonnerie au Honduras\"}]},{\"@type\":\"WebSite\",\"@id\":\"https:\/\/admin.industriall-union.org\/#website\",\"url\":\"https:\/\/admin.industriall-union.org\/\",\"name\":\"industriall-union\",\"description\":\"\",\"potentialAction\":[{\"@type\":\"SearchAction\",\"target\":{\"@type\":\"EntryPoint\",\"urlTemplate\":\"https:\/\/admin.industriall-union.org\/?s={search_term_string}\"},\"query-input\":{\"@type\":\"PropertyValueSpecification\",\"valueRequired\":true,\"valueName\":\"search_term_string\"}}],\"inLanguage\":\"fr-FR\"}]}<\/script>\n<!-- \/ Yoast SEO Premium plugin. -->","yoast_head_json":{"title":"Grave litige dans une cartonnerie au Honduras - industriall-union","description":"Lorsque, l&#039;an dernier, les travailleurs ont cr\u00e9\u00e9 leur syndicat en r\u00e9action aux abus que leur faisait subir l&#039;entreprise, notamment en ne leur","robots":{"index":"index","follow":"follow","max-snippet":"max-snippet:-1","max-image-preview":"max-image-preview:large","max-video-preview":"max-video-preview:-1"},"canonical":"https:\/\/admin.industriall-union.org\/fr\/grave-litige-dans-une-cartonnerie-au-honduras\/","og_locale":"fr_FR","og_type":"article","og_title":"Grave litige dans une cartonnerie au Honduras","og_description":"Lorsque, l&#039;an dernier, les travailleurs ont cr\u00e9\u00e9 leur syndicat en r\u00e9action aux abus que leur faisait subir l&#039;entreprise, notamment en ne leur","og_url":"https:\/\/admin.industriall-union.org\/fr\/grave-litige-dans-une-cartonnerie-au-honduras\/","og_site_name":"industriall-union","article_modified_time":"2025-02-08T07:11:36+00:00","twitter_card":"summary_large_image","twitter_misc":{"Est. reading time":"1 minute"},"schema":{"@context":"https:\/\/schema.org","@graph":[{"@type":"WebPage","@id":"https:\/\/admin.industriall-union.org\/fr\/grave-litige-dans-une-cartonnerie-au-honduras\/","url":"https:\/\/admin.industriall-union.org\/fr\/grave-litige-dans-une-cartonnerie-au-honduras\/","name":"Grave litige dans une cartonnerie au Honduras - industriall-union","isPartOf":{"@id":"https:\/\/admin.industriall-union.org\/#website"},"datePublished":"2013-10-29T16:57:17+00:00","dateModified":"2025-02-08T07:11:36+00:00","description":"Lorsque, l&#039;an dernier, les travailleurs ont cr\u00e9\u00e9 leur syndicat en r\u00e9action aux abus que leur faisait subir l&#039;entreprise, notamment en ne leur","breadcrumb":{"@id":"https:\/\/admin.industriall-union.org\/fr\/grave-litige-dans-une-cartonnerie-au-honduras\/#breadcrumb"},"inLanguage":"fr-FR","potentialAction":[{"@type":"ReadAction","target":["https:\/\/admin.industriall-union.org\/fr\/grave-litige-dans-une-cartonnerie-au-honduras\/"]}]},{"@type":"BreadcrumbList","@id":"https:\/\/admin.industriall-union.org\/fr\/grave-litige-dans-une-cartonnerie-au-honduras\/#breadcrumb","itemListElement":[{"@type":"ListItem","position":1,"name":"Home","item":"https:\/\/admin.industriall-union.org\/"},{"@type":"ListItem","position":2,"name":"Articles","item":"https:\/\/admin.industriall-union.org\/article\/"},{"@type":"ListItem","position":3,"name":"Grave litige dans une cartonnerie au Honduras"}]},{"@type":"WebSite","@id":"https:\/\/admin.industriall-union.org\/#website","url":"https:\/\/admin.industriall-union.org\/","name":"industriall-union","description":"","potentialAction":[{"@type":"SearchAction","target":{"@type":"EntryPoint","urlTemplate":"https:\/\/admin.industriall-union.org\/?s={search_term_string}"},"query-input":{"@type":"PropertyValueSpecification","valueRequired":true,"valueName":"search_term_string"}}],"inLanguage":"fr-FR"}]}},"_links":{"self":[{"href":"https:\/\/admin.industriall-union.org\/fr\/wp-json\/wp\/v2\/article\/152680","targetHints":{"allow":["GET"]}}],"collection":[{"href":"https:\/\/admin.industriall-union.org\/fr\/wp-json\/wp\/v2\/article"}],"about":[{"href":"https:\/\/admin.industriall-union.org\/fr\/wp-json\/wp\/v2\/types\/article"}],"wp:attachment":[{"href":"https:\/\/admin.industriall-union.org\/fr\/wp-json\/wp\/v2\/media?parent=152680"}],"wp:term":[{"taxonomy":"issues","embeddable":true,"href":"https:\/\/admin.industriall-union.org\/fr\/wp-json\/wp\/v2\/issues?post=152680"},{"taxonomy":"companies","embeddable":true,"href":"https:\/\/admin.industriall-union.org\/fr\/wp-json\/wp\/v2\/companies?post=152680"},{"taxonomy":"regions","embeddable":true,"href":"https:\/\/admin.industriall-union.org\/fr\/wp-json\/wp\/v2\/regions?post=152680"},{"taxonomy":"sectors","embeddable":true,"href":"https:\/\/admin.industriall-union.org\/fr\/wp-json\/wp\/v2\/sectors?post=152680"},{"taxonomy":"article_tags","embeddable":true,"href":"https:\/\/admin.industriall-union.org\/fr\/wp-json\/wp\/v2\/article_tags?post=152680"}],"curies":[{"name":"wp","href":"https:\/\/api.w.org\/{rel}","templated":true}]}}