{"id":152670,"date":"2013-11-06T08:48:53","date_gmt":"2013-11-06T08:48:53","guid":{"rendered":"https:\/\/admin.industriall-union.org\/les-travailleurs-pakistanais-exigent-des-logements-et-des-retraites\/"},"modified":"2025-02-08T06:59:52","modified_gmt":"2025-02-08T06:59:52","slug":"les-travailleurs-pakistanais-exigent-des-logements-et-des-retraites","status":"publish","type":"article","link":"https:\/\/admin.industriall-union.org\/fr\/les-travailleurs-pakistanais-exigent-des-logements-et-des-retraites\/","title":{"rendered":"Les travailleurs  pakistanais exigent des logements et des retraites"},"content":{"rendered":"<p>Des militant(e)s de plusieurs syndicats dont l&rsquo;affili\u00e9 pakistanais de IndustriALL, la f\u00e9d\u00e9ration nationale des syndicats (NTUF), participaient au rassemblement organis\u00e9 conjointement par&nbsp; NTUF, le forum syndical SITE et le comit\u00e9 d&rsquo;action syndicale.<\/p><p>Les protestataires exigeaient l&rsquo;expulsion des personnes occupant ill\u00e9galement 4.000 appartements qui avaient \u00e9t\u00e9 attribu\u00e9s aux travailleurs et travailleuses il y a cinq ans, dans le cadre d&rsquo;un programme du gouvernement. Malgr\u00e9 des acomptes divers vers\u00e9s par les b\u00e9n\u00e9ficiaires, les appartements ont \u00e9t\u00e9 occup\u00e9s ill\u00e9galement par des locataires contr\u00f4l\u00e9s par la mafia fonci\u00e8re locale, et l&rsquo;inaction du gouvernement a eu comme r\u00e9sultat l&rsquo;impossibilit\u00e9 pour 4000 travailleurs et travailleuses et leurs familles d&rsquo;avoir acc\u00e8s \u00e0 leurs logements.<\/p><p>Les protestataires demandaient \u00e9galement au gouvernement de remettre les 40 milliards de PKR (276,3 millions d&rsquo;euros) promis au Sindh Workers&rsquo; Welfare Board [Comit\u00e9 d&rsquo;action sociale des travailleurs du Sindh] destin\u00e9s \u00e0 pr\u00e9server les dispositifs de couverture sociale de la main-d&rsquo;\u0153uvre, notamment le financement des bourses scolaires des enfants des travailleurs et travailleuses, des douaires, des allocations suite \u00e0 un d\u00e9c\u00e8s, etc.<\/p><p>Une autre revendication concernait la situation dans les h\u00f4pitaux, o\u00f9 les frais d&rsquo;hospitalisation rel\u00e8vent des contributions des salari\u00e9s au Sindh Employees Social Security Institution &ndash;&nbsp; SESSI [Institution de s\u00e9curit\u00e9 sociale des salari\u00e9s du Sindh]. Selon des militants syndicaux, ils se trouvent dans un \u00e9tat d\u00e9plorable, et dans certains cas les malades sont m\u00eame soign\u00e9s avec de faux m\u00e9dicaments. Toutefois, pr\u00e8s de 90 pour cent des salari\u00e9s n&rsquo;ont pas acc\u00e8s, jusqu&rsquo;\u00e0 pr\u00e9sent, aux m\u00e9canismes de couverture du SESSI, en raison de l&rsquo;attitude injuste des responsables du SESSI qui complotent avec le patronat pour ne pas remettre aux salari\u00e9s les cartes leur permettant de profiter des avantages qui viennent d&rsquo;\u00eatre indiqu\u00e9s.<\/p><p>Un autre orateur a parl\u00e9 du d\u00e9tournement d&rsquo;un milliard de roupies par Employees Old-Age Benefits Institute &ndash; EOBI [Institut charg\u00e9 des allocations aux anciens salari\u00e9s \u00e2g\u00e9s], qui contrecarre au versement des retraites. La Cour supr\u00eame du Pakistan traite actuellement de cette pratique d\u00e9loyale.<\/p><p>L&rsquo;emploi pr\u00e9caire qui emp\u00eache la majorit\u00e9 des salari\u00e9s \u00e0 avoir acc\u00e8s \u00e0 un rare syst\u00e8me de protection sociale et \u00e0 un faible salaire minimum, les force \u00e0 accepter des journ\u00e9es de 12-14 heures de travail, parmi d&rsquo;autres probl\u00e8mes mentionn\u00e9s par les protestataires.<\/p><p>Dans une d\u00e9claration conjointe, les protestataires ont exig\u00e9 l&rsquo;enregistrement de tous les travailleurs et travailleuses aux r\u00e9gimes EOBI et SESSI, et d&rsquo;agir de mani\u00e8re stricte contre les propri\u00e9taires des industries qui n&rsquo;entreprennent aucune action dans ce domaine. Ils exigent \u00e9galement&nbsp; une hausse des retraites pour les aligner sur le niveau du salaire minimum.<\/p>","protected":false},"featured_media":0,"template":"","issues":[425],"companies":[],"regions":[182],"sectors":[],"article_tags":[518],"class_list":["post-152670","article","type-article","status-publish","hentry","issues-workers-rights","regions-pakistan","article_tags-pensions"],"acf":[],"yoast_head":"<!-- This site is optimized with the Yoast SEO Premium plugin v27.1 (Yoast SEO v27.1) - https:\/\/yoast.com\/product\/yoast-seo-premium-wordpress\/ -->\n<title>Les travailleurs pakistanais exigent des logements et des retraites - industriall-union<\/title>\n<meta name=\"description\" content=\"Des militant(e)s de plusieurs syndicats dont l&rsquo;affili\u00e9 pakistanais de IndustriALL, la f\u00e9d\u00e9ration nationale des syndicats (NTUF), participaient au\" \/>\n<meta name=\"robots\" content=\"index, follow, max-snippet:-1, max-image-preview:large, max-video-preview:-1\" \/>\n<link rel=\"canonical\" href=\"https:\/\/admin.industriall-union.org\/fr\/les-travailleurs-pakistanais-exigent-des-logements-et-des-retraites\/\" \/>\n<meta property=\"og:locale\" content=\"fr_FR\" \/>\n<meta property=\"og:type\" content=\"article\" \/>\n<meta property=\"og:title\" content=\"Les travailleurs pakistanais exigent des logements et des retraites\" \/>\n<meta property=\"og:description\" content=\"Des militant(e)s de plusieurs syndicats dont l&rsquo;affili\u00e9 pakistanais de IndustriALL, la f\u00e9d\u00e9ration nationale des syndicats (NTUF), participaient au\" \/>\n<meta property=\"og:url\" content=\"https:\/\/admin.industriall-union.org\/fr\/les-travailleurs-pakistanais-exigent-des-logements-et-des-retraites\/\" \/>\n<meta property=\"og:site_name\" content=\"industriall-union\" \/>\n<meta property=\"article:modified_time\" content=\"2025-02-08T06:59:52+00:00\" \/>\n<meta name=\"twitter:card\" content=\"summary_large_image\" \/>\n<meta name=\"twitter:label1\" content=\"Est. reading time\" \/>\n\t<meta name=\"twitter:data1\" content=\"3 minutes\" \/>\n<script type=\"application\/ld+json\" class=\"yoast-schema-graph\">{\"@context\":\"https:\/\/schema.org\",\"@graph\":[{\"@type\":\"WebPage\",\"@id\":\"https:\/\/admin.industriall-union.org\/fr\/les-travailleurs-pakistanais-exigent-des-logements-et-des-retraites\/\",\"url\":\"https:\/\/admin.industriall-union.org\/fr\/les-travailleurs-pakistanais-exigent-des-logements-et-des-retraites\/\",\"name\":\"Les travailleurs pakistanais exigent des logements et des retraites - industriall-union\",\"isPartOf\":{\"@id\":\"https:\/\/admin.industriall-union.org\/#website\"},\"datePublished\":\"2013-11-06T08:48:53+00:00\",\"dateModified\":\"2025-02-08T06:59:52+00:00\",\"description\":\"Des militant(e)s de plusieurs syndicats dont l&rsquo;affili\u00e9 pakistanais de IndustriALL, la f\u00e9d\u00e9ration nationale des syndicats (NTUF), participaient au\",\"breadcrumb\":{\"@id\":\"https:\/\/admin.industriall-union.org\/fr\/les-travailleurs-pakistanais-exigent-des-logements-et-des-retraites\/#breadcrumb\"},\"inLanguage\":\"fr-FR\",\"potentialAction\":[{\"@type\":\"ReadAction\",\"target\":[\"https:\/\/admin.industriall-union.org\/fr\/les-travailleurs-pakistanais-exigent-des-logements-et-des-retraites\/\"]}]},{\"@type\":\"BreadcrumbList\",\"@id\":\"https:\/\/admin.industriall-union.org\/fr\/les-travailleurs-pakistanais-exigent-des-logements-et-des-retraites\/#breadcrumb\",\"itemListElement\":[{\"@type\":\"ListItem\",\"position\":1,\"name\":\"Home\",\"item\":\"https:\/\/admin.industriall-union.org\/\"},{\"@type\":\"ListItem\",\"position\":2,\"name\":\"Articles\",\"item\":\"https:\/\/admin.industriall-union.org\/article\/\"},{\"@type\":\"ListItem\",\"position\":3,\"name\":\"Les travailleurs pakistanais exigent des logements et des retraites\"}]},{\"@type\":\"WebSite\",\"@id\":\"https:\/\/admin.industriall-union.org\/#website\",\"url\":\"https:\/\/admin.industriall-union.org\/\",\"name\":\"industriall-union\",\"description\":\"\",\"potentialAction\":[{\"@type\":\"SearchAction\",\"target\":{\"@type\":\"EntryPoint\",\"urlTemplate\":\"https:\/\/admin.industriall-union.org\/?s={search_term_string}\"},\"query-input\":{\"@type\":\"PropertyValueSpecification\",\"valueRequired\":true,\"valueName\":\"search_term_string\"}}],\"inLanguage\":\"fr-FR\"}]}<\/script>\n<!-- \/ Yoast SEO Premium plugin. -->","yoast_head_json":{"title":"Les travailleurs pakistanais exigent des logements et des retraites - industriall-union","description":"Des militant(e)s de plusieurs syndicats dont l&rsquo;affili\u00e9 pakistanais de IndustriALL, la f\u00e9d\u00e9ration nationale des syndicats (NTUF), participaient au","robots":{"index":"index","follow":"follow","max-snippet":"max-snippet:-1","max-image-preview":"max-image-preview:large","max-video-preview":"max-video-preview:-1"},"canonical":"https:\/\/admin.industriall-union.org\/fr\/les-travailleurs-pakistanais-exigent-des-logements-et-des-retraites\/","og_locale":"fr_FR","og_type":"article","og_title":"Les travailleurs pakistanais exigent des logements et des retraites","og_description":"Des militant(e)s de plusieurs syndicats dont l&rsquo;affili\u00e9 pakistanais de IndustriALL, la f\u00e9d\u00e9ration nationale des syndicats (NTUF), participaient au","og_url":"https:\/\/admin.industriall-union.org\/fr\/les-travailleurs-pakistanais-exigent-des-logements-et-des-retraites\/","og_site_name":"industriall-union","article_modified_time":"2025-02-08T06:59:52+00:00","twitter_card":"summary_large_image","twitter_misc":{"Est. reading time":"3 minutes"},"schema":{"@context":"https:\/\/schema.org","@graph":[{"@type":"WebPage","@id":"https:\/\/admin.industriall-union.org\/fr\/les-travailleurs-pakistanais-exigent-des-logements-et-des-retraites\/","url":"https:\/\/admin.industriall-union.org\/fr\/les-travailleurs-pakistanais-exigent-des-logements-et-des-retraites\/","name":"Les travailleurs pakistanais exigent des logements et des retraites - industriall-union","isPartOf":{"@id":"https:\/\/admin.industriall-union.org\/#website"},"datePublished":"2013-11-06T08:48:53+00:00","dateModified":"2025-02-08T06:59:52+00:00","description":"Des militant(e)s de plusieurs syndicats dont l&rsquo;affili\u00e9 pakistanais de IndustriALL, la f\u00e9d\u00e9ration nationale des syndicats (NTUF), participaient au","breadcrumb":{"@id":"https:\/\/admin.industriall-union.org\/fr\/les-travailleurs-pakistanais-exigent-des-logements-et-des-retraites\/#breadcrumb"},"inLanguage":"fr-FR","potentialAction":[{"@type":"ReadAction","target":["https:\/\/admin.industriall-union.org\/fr\/les-travailleurs-pakistanais-exigent-des-logements-et-des-retraites\/"]}]},{"@type":"BreadcrumbList","@id":"https:\/\/admin.industriall-union.org\/fr\/les-travailleurs-pakistanais-exigent-des-logements-et-des-retraites\/#breadcrumb","itemListElement":[{"@type":"ListItem","position":1,"name":"Home","item":"https:\/\/admin.industriall-union.org\/"},{"@type":"ListItem","position":2,"name":"Articles","item":"https:\/\/admin.industriall-union.org\/article\/"},{"@type":"ListItem","position":3,"name":"Les travailleurs pakistanais exigent des logements et des retraites"}]},{"@type":"WebSite","@id":"https:\/\/admin.industriall-union.org\/#website","url":"https:\/\/admin.industriall-union.org\/","name":"industriall-union","description":"","potentialAction":[{"@type":"SearchAction","target":{"@type":"EntryPoint","urlTemplate":"https:\/\/admin.industriall-union.org\/?s={search_term_string}"},"query-input":{"@type":"PropertyValueSpecification","valueRequired":true,"valueName":"search_term_string"}}],"inLanguage":"fr-FR"}]}},"_links":{"self":[{"href":"https:\/\/admin.industriall-union.org\/fr\/wp-json\/wp\/v2\/article\/152670","targetHints":{"allow":["GET"]}}],"collection":[{"href":"https:\/\/admin.industriall-union.org\/fr\/wp-json\/wp\/v2\/article"}],"about":[{"href":"https:\/\/admin.industriall-union.org\/fr\/wp-json\/wp\/v2\/types\/article"}],"wp:attachment":[{"href":"https:\/\/admin.industriall-union.org\/fr\/wp-json\/wp\/v2\/media?parent=152670"}],"wp:term":[{"taxonomy":"issues","embeddable":true,"href":"https:\/\/admin.industriall-union.org\/fr\/wp-json\/wp\/v2\/issues?post=152670"},{"taxonomy":"companies","embeddable":true,"href":"https:\/\/admin.industriall-union.org\/fr\/wp-json\/wp\/v2\/companies?post=152670"},{"taxonomy":"regions","embeddable":true,"href":"https:\/\/admin.industriall-union.org\/fr\/wp-json\/wp\/v2\/regions?post=152670"},{"taxonomy":"sectors","embeddable":true,"href":"https:\/\/admin.industriall-union.org\/fr\/wp-json\/wp\/v2\/sectors?post=152670"},{"taxonomy":"article_tags","embeddable":true,"href":"https:\/\/admin.industriall-union.org\/fr\/wp-json\/wp\/v2\/article_tags?post=152670"}],"curies":[{"name":"wp","href":"https:\/\/api.w.org\/{rel}","templated":true}]}}